{"id":16823,"date":"2015-12-16T08:00:37","date_gmt":"2015-12-16T07:00:37","guid":{"rendered":"https:\/\/www.ctelift.com\/de\/?p=16823"},"modified":"2016-04-07T12:07:59","modified_gmt":"2016-04-07T10:07:59","slug":"im-fokus-fuer-maerchenhafte-weihnachten-in-der-stadt-entzuenden-wir-die-lichterketten","status":"publish","type":"post","link":"https:\/\/staging.ctelift.com\/de\/im-fokus-fuer-maerchenhafte-weihnachten-in-der-stadt-entzuenden-wir-die-lichterketten\/","title":{"rendered":"IM FOKUS: F\u00fcr m\u00e4rchenhafte Weihnachten in der Stadt: Entz\u00fcnden wir die Lichterketten!"},"content":{"rendered":"<p>Die Faszination der Weihnachtsbeleuchtung ist ungebrochen: Mit einem Mal ver\u00e4ndern die St\u00e4dte ihr Aussehen, kleiden sich in Lichterglanz und werden zu einer funkelnden B\u00fchne f\u00fcr unser Weihnachtsfest.<br \/>\nAber wie ist diese zauberhafte Ver\u00e4nderung m\u00f6glich?<br \/>\nF\u00fcr die Montage und Wartung der Weihnachtsbeleuchtung braucht es zuverl\u00e4ssige Verb\u00fcndete: Die <strong>Hubarbeitsb\u00fchnen<\/strong> &#8211; ideale Ger\u00e4te, um vollkommen sicher in der H\u00f6he zu arbeiten und Zeit und Kosten zu sparen.<br \/>\nLkw-B\u00fchnen von <strong>CTE<\/strong> eignen sich dank ihrer Vielseitigkeit und einiger besonderer Eigenschaften, die speziell daf\u00fcr entwickelt wurden, die H\u00f6henarbeit einfacher und immer sicherer zu gestalten, ausgezeichnet f\u00fcr Eins\u00e4tze in St\u00e4dten:<br \/>\n<strong>H-ABST\u00dcTZUNG<\/strong>: Mit unseren ZED &#8211; B\u00fchnen mit H-System k\u00f6nnen die St\u00fctzen bis zu 220 mm ausgefahren werden und so Bodenunebenheiten ausgleichen: die optimale L\u00f6sung f\u00fcr Arbeiten auf nicht ganz regelm\u00e4\u00dfigen Fl\u00e4chen oder Gehsteigen.<\/p>\n<p><strong>VARIABLE ABST\u00dcTZUNG<\/strong>: Das Modell ZED 20.2 HV erm\u00f6glicht mit vier Abst\u00fctzpositionen (b\u00fcndig, rechts schmal, links schmal oder breit) Eins\u00e4tze in beengten Platzverh\u00e4ltnissen, wie etwa in historischen Stadtkernen, an stark befahrenen Stra\u00dfen oder an Gehsteigr\u00e4ndern.<\/p>\n<p><strong>JIB<\/strong>: Die Modelle ZED 21.2 JH und ZED 23.2 JH verf\u00fcgen \u00fcber einen Korbarm und eine seitliche Reichweite, dank derer Hindernisse bequem \u00fcberwunden und schwer zug\u00e4ngliche Stellen erreicht werden k\u00f6nnen: eine wertvolle Hilfe f\u00fcr die Wartung von Leuchtschildern und -anlagen in der N\u00e4he von D\u00e4chern, H\u00e4ngewerken oder unterirdischen Passagen.<\/p>\n<p><strong>VERBESSERTE KORBLAST:<\/strong> Die ZED-Modelle mit erh\u00f6hter Tragkraft bringen bis zu 300 kg, also zwei Personen samt Arbeitsger\u00e4t, in die H\u00f6he. Eine Eigenschaft, die sich bei Wartungsarbeiten bezahlt macht, f\u00fcr die schweres Werkzeug erforderlich ist.<\/p>\n<p><strong>KORB MIT DOPPELTEM HANDLAUF:<\/strong> Um ein Einklemmen der H\u00e4nde des Bedieners zu vermeiden, stattet CTE ab Januar 2015 gem\u00e4\u00df den Anforderungen der EN 280:2013 s\u00e4mtliche neu produzierten Hubarbeitsb\u00fchnen mit einem doppelten Handlauf im Korb aus, der die H\u00e4nde der Bediener w\u00e4hrend der Korbbewegung sch\u00fctzt.<\/p>\n<p><strong>BEDIENERSTAND AM BODEN:<\/strong> Eine durch Kabel verbundene Konsole erm\u00f6glicht die Steuerung der Hubarbeitsb\u00fchne direkt vom Boden aus, mit maximaler Sicherheit f\u00fcr den Bediener am Boden und jenen im Korb. Mit diesem System sind alle Arbeitsschritte einsehbar, was der Anwendungssicherheit und Bedienerfreundlichkeit zugutekommt.<br \/>\nEntdecken Sie unser Angebot an Lkw-B\u00fchnen:<\/p>\n<p>Gelenkb\u00fchnen: <strong><a href=\"https:\/\/www.ctelift.com\/en\/product-category\/articulated-zed\/\" target=\"_blank\">https:\/\/www.ctelift.com\/de\/product-category\/gelenktelescopar-zed\/<\/a><\/strong><br \/>\nTeleskopb\u00fchnen:\u00a0<strong><a href=\"https:\/\/www.ctelift.com\/en\/product-category\/telescopic-b-lift\/\" target=\"_blank\">https:\/\/www.ctelift.com\/de\/product-category\/telesckoparbeitsbuehnen-b-lift\/<\/a><\/strong><\/p>\n","protected":false},"excerpt":{"rendered":"<p>Die Faszination der Weihnachtsbeleuchtung ist ungebrochen: Mit einem Mal ver\u00e4ndern die St\u00e4dte ihr Aussehen, kleiden sich in Lichterglanz und werden zu einer funkelnden B\u00fchne f\u00fcr unser Weihnachtsfest. Aber wie ist diese zauberhafte Ver\u00e4nderung m\u00f6glich? F\u00fcr die Montage und Wartung der Weihnachtsbeleuchtung braucht es zuverl\u00e4ssige Verb\u00fcndete: Die Hubarbeitsb\u00fchnen &#8211; ideale Ger\u00e4te, um vollkommen sicher in der [&hellip;]<\/p>\n","protected":false},"author":2,"featured_media":15214,"comment_status":"open","ping_status":"open","sticky":false,"template":"","format":"standard","meta":{"_acf_changed":false,"_et_pb_use_builder":"","_et_pb_old_content":"","_et_gb_content_width":"","footnotes":""},"categories":[195],"tags":[],"class_list":["post-16823","post","type-post","status-publish","format-standard","has-post-thumbnail","hentry","category-magazine-easy-de"],"acf":[],"yoast_head":"<!-- This site is optimized with the Yoast SEO plugin v28.1 - https:\/\/yoast.com\/product\/yoast-seo-wordpress\/ -->\n<title>IM FOKUS: F\u00fcr m\u00e4rchenhafte Weihnachten in der Stadt: Entz\u00fcnden wir die Lichterketten! - CTE<\/title>\n<meta name=\"robots\" content=\"noindex, follow, max-snippet:-1, max-image-preview:large, max-video-preview:-1\" \/>\n<meta property=\"og:locale\" content=\"de_DE\" \/>\n<meta property=\"og:type\" content=\"article\" \/>\n<meta property=\"og:title\" content=\"IM FOKUS: F\u00fcr m\u00e4rchenhafte Weihnachten in der Stadt: Entz\u00fcnden wir die Lichterketten! - CTE\" \/>\n<meta property=\"og:description\" content=\"Die Faszination der Weihnachtsbeleuchtung ist ungebrochen: Mit einem Mal ver\u00e4ndern die St\u00e4dte ihr Aussehen, kleiden sich in Lichterglanz und werden zu einer funkelnden B\u00fchne f\u00fcr unser Weihnachtsfest. Aber wie ist diese zauberhafte Ver\u00e4nderung m\u00f6glich? F\u00fcr die Montage und Wartung der Weihnachtsbeleuchtung braucht es zuverl\u00e4ssige Verb\u00fcndete: Die Hubarbeitsb\u00fchnen &#8211; ideale Ger\u00e4te, um vollkommen sicher in der [&hellip;]\" \/>\n<meta property=\"og:url\" content=\"https:\/\/staging.ctelift.com\/de\/im-fokus-fuer-maerchenhafte-weihnachten-in-der-stadt-entzuenden-wir-die-lichterketten\/\" \/>\n<meta property=\"og:site_name\" content=\"CTE\" \/>\n<meta property=\"article:published_time\" content=\"2015-12-16T07:00:37+00:00\" \/>\n<meta property=\"article:modified_time\" content=\"2016-04-07T10:07:59+00:00\" \/>\n<meta property=\"og:image\" content=\"https:\/\/staging.ctelift.com\/wp-content\/uploads\/2015\/12\/2791_L0_I2_ZED-20.2-HV-18.jpg\" \/>\n\t<meta property=\"og:image:width\" content=\"1723\" \/>\n\t<meta property=\"og:image:height\" content=\"1150\" \/>\n\t<meta property=\"og:image:type\" content=\"image\/jpeg\" \/>\n<meta name=\"author\" content=\"cteuser\" \/>\n<meta name=\"twitter:card\" content=\"summary_large_image\" \/>\n<meta name=\"twitter:label1\" content=\"Verfasst von\" \/>\n\t<meta name=\"twitter:data1\" content=\"cteuser\" \/>\n\t<meta name=\"twitter:label2\" content=\"Gesch\u00e4tzte Lesezeit\" \/>\n\t<meta name=\"twitter:data2\" content=\"2\u00a0Minuten\" \/>\n<script type=\"application\/ld+json\" class=\"yoast-schema-graph\">{\"@context\":\"https:\\\/\\\/schema.org\",\"@graph\":[{\"@type\":\"Article\",\"@id\":\"https:\\\/\\\/staging.ctelift.com\\\/de\\\/im-fokus-fuer-maerchenhafte-weihnachten-in-der-stadt-entzuenden-wir-die-lichterketten\\\/#article\",\"isPartOf\":{\"@id\":\"https:\\\/\\\/staging.ctelift.com\\\/de\\\/im-fokus-fuer-maerchenhafte-weihnachten-in-der-stadt-entzuenden-wir-die-lichterketten\\\/\"},\"author\":{\"name\":\"cteuser\",\"@id\":\"https:\\\/\\\/staging.ctelift.com\\\/#\\\/schema\\\/person\\\/b83f56a5bd85503f355fa1544c350ab9\"},\"headline\":\"IM FOKUS: F\u00fcr m\u00e4rchenhafte Weihnachten in der Stadt: Entz\u00fcnden wir die Lichterketten!\",\"datePublished\":\"2015-12-16T07:00:37+00:00\",\"dateModified\":\"2016-04-07T10:07:59+00:00\",\"mainEntityOfPage\":{\"@id\":\"https:\\\/\\\/staging.ctelift.com\\\/de\\\/im-fokus-fuer-maerchenhafte-weihnachten-in-der-stadt-entzuenden-wir-die-lichterketten\\\/\"},\"wordCount\":417,\"commentCount\":0,\"image\":{\"@id\":\"https:\\\/\\\/staging.ctelift.com\\\/de\\\/im-fokus-fuer-maerchenhafte-weihnachten-in-der-stadt-entzuenden-wir-die-lichterketten\\\/#primaryimage\"},\"thumbnailUrl\":\"https:\\\/\\\/staging.ctelift.com\\\/wp-content\\\/uploads\\\/2015\\\/12\\\/2791_L0_I2_ZED-20.2-HV-18.jpg\",\"articleSection\":[\"Magazine EASY\"],\"inLanguage\":\"de\",\"potentialAction\":[{\"@type\":\"CommentAction\",\"name\":\"Comment\",\"target\":[\"https:\\\/\\\/staging.ctelift.com\\\/de\\\/im-fokus-fuer-maerchenhafte-weihnachten-in-der-stadt-entzuenden-wir-die-lichterketten\\\/#respond\"]}]},{\"@type\":\"WebPage\",\"@id\":\"https:\\\/\\\/staging.ctelift.com\\\/de\\\/im-fokus-fuer-maerchenhafte-weihnachten-in-der-stadt-entzuenden-wir-die-lichterketten\\\/\",\"url\":\"https:\\\/\\\/staging.ctelift.com\\\/de\\\/im-fokus-fuer-maerchenhafte-weihnachten-in-der-stadt-entzuenden-wir-die-lichterketten\\\/\",\"name\":\"IM FOKUS: F\u00fcr m\u00e4rchenhafte Weihnachten in der Stadt: Entz\u00fcnden wir die Lichterketten! - CTE\",\"isPartOf\":{\"@id\":\"https:\\\/\\\/staging.ctelift.com\\\/#website\"},\"primaryImageOfPage\":{\"@id\":\"https:\\\/\\\/staging.ctelift.com\\\/de\\\/im-fokus-fuer-maerchenhafte-weihnachten-in-der-stadt-entzuenden-wir-die-lichterketten\\\/#primaryimage\"},\"image\":{\"@id\":\"https:\\\/\\\/staging.ctelift.com\\\/de\\\/im-fokus-fuer-maerchenhafte-weihnachten-in-der-stadt-entzuenden-wir-die-lichterketten\\\/#primaryimage\"},\"thumbnailUrl\":\"https:\\\/\\\/staging.ctelift.com\\\/wp-content\\\/uploads\\\/2015\\\/12\\\/2791_L0_I2_ZED-20.2-HV-18.jpg\",\"datePublished\":\"2015-12-16T07:00:37+00:00\",\"dateModified\":\"2016-04-07T10:07:59+00:00\",\"author\":{\"@id\":\"https:\\\/\\\/staging.ctelift.com\\\/#\\\/schema\\\/person\\\/b83f56a5bd85503f355fa1544c350ab9\"},\"breadcrumb\":{\"@id\":\"https:\\\/\\\/staging.ctelift.com\\\/de\\\/im-fokus-fuer-maerchenhafte-weihnachten-in-der-stadt-entzuenden-wir-die-lichterketten\\\/#breadcrumb\"},\"inLanguage\":\"de\",\"potentialAction\":[{\"@type\":\"ReadAction\",\"target\":[\"https:\\\/\\\/staging.ctelift.com\\\/de\\\/im-fokus-fuer-maerchenhafte-weihnachten-in-der-stadt-entzuenden-wir-die-lichterketten\\\/\"]}]},{\"@type\":\"ImageObject\",\"inLanguage\":\"de\",\"@id\":\"https:\\\/\\\/staging.ctelift.com\\\/de\\\/im-fokus-fuer-maerchenhafte-weihnachten-in-der-stadt-entzuenden-wir-die-lichterketten\\\/#primaryimage\",\"url\":\"https:\\\/\\\/staging.ctelift.com\\\/wp-content\\\/uploads\\\/2015\\\/12\\\/2791_L0_I2_ZED-20.2-HV-18.jpg\",\"contentUrl\":\"https:\\\/\\\/staging.ctelift.com\\\/wp-content\\\/uploads\\\/2015\\\/12\\\/2791_L0_I2_ZED-20.2-HV-18.jpg\",\"width\":1723,\"height\":1150},{\"@type\":\"BreadcrumbList\",\"@id\":\"https:\\\/\\\/staging.ctelift.com\\\/de\\\/im-fokus-fuer-maerchenhafte-weihnachten-in-der-stadt-entzuenden-wir-die-lichterketten\\\/#breadcrumb\",\"itemListElement\":[{\"@type\":\"ListItem\",\"position\":1,\"name\":\"Home\",\"item\":\"https:\\\/\\\/staging.ctelift.com\\\/de\\\/\"},{\"@type\":\"ListItem\",\"position\":2,\"name\":\"IM FOKUS: F\u00fcr m\u00e4rchenhafte Weihnachten in der Stadt: Entz\u00fcnden wir die Lichterketten!\"}]},{\"@type\":\"WebSite\",\"@id\":\"https:\\\/\\\/staging.ctelift.com\\\/#website\",\"url\":\"https:\\\/\\\/staging.ctelift.com\\\/\",\"name\":\"CTE\",\"description\":\"work becomes easy\",\"potentialAction\":[{\"@type\":\"SearchAction\",\"target\":{\"@type\":\"EntryPoint\",\"urlTemplate\":\"https:\\\/\\\/staging.ctelift.com\\\/?s={search_term_string}\"},\"query-input\":{\"@type\":\"PropertyValueSpecification\",\"valueRequired\":true,\"valueName\":\"search_term_string\"}}],\"inLanguage\":\"de\"},{\"@type\":\"Person\",\"@id\":\"https:\\\/\\\/staging.ctelift.com\\\/#\\\/schema\\\/person\\\/b83f56a5bd85503f355fa1544c350ab9\",\"name\":\"cteuser\",\"url\":\"https:\\\/\\\/staging.ctelift.com\\\/de\\\/author\\\/cteuser\\\/\"}]}<\/script>\n<!-- \/ Yoast SEO plugin. -->","yoast_head_json":{"title":"IM FOKUS: F\u00fcr m\u00e4rchenhafte Weihnachten in der Stadt: Entz\u00fcnden wir die Lichterketten! - CTE","robots":{"index":"noindex","follow":"follow","max-snippet":"max-snippet:-1","max-image-preview":"max-image-preview:large","max-video-preview":"max-video-preview:-1"},"og_locale":"de_DE","og_type":"article","og_title":"IM FOKUS: F\u00fcr m\u00e4rchenhafte Weihnachten in der Stadt: Entz\u00fcnden wir die Lichterketten! - CTE","og_description":"Die Faszination der Weihnachtsbeleuchtung ist ungebrochen: Mit einem Mal ver\u00e4ndern die St\u00e4dte ihr Aussehen, kleiden sich in Lichterglanz und werden zu einer funkelnden B\u00fchne f\u00fcr unser Weihnachtsfest. Aber wie ist diese zauberhafte Ver\u00e4nderung m\u00f6glich? F\u00fcr die Montage und Wartung der Weihnachtsbeleuchtung braucht es zuverl\u00e4ssige Verb\u00fcndete: Die Hubarbeitsb\u00fchnen &#8211; ideale Ger\u00e4te, um vollkommen sicher in der [&hellip;]","og_url":"https:\/\/staging.ctelift.com\/de\/im-fokus-fuer-maerchenhafte-weihnachten-in-der-stadt-entzuenden-wir-die-lichterketten\/","og_site_name":"CTE","article_published_time":"2015-12-16T07:00:37+00:00","article_modified_time":"2016-04-07T10:07:59+00:00","og_image":[{"width":1723,"height":1150,"url":"https:\/\/staging.ctelift.com\/wp-content\/uploads\/2015\/12\/2791_L0_I2_ZED-20.2-HV-18.jpg","type":"image\/jpeg"}],"author":"cteuser","twitter_card":"summary_large_image","twitter_misc":{"Verfasst von":"cteuser","Gesch\u00e4tzte Lesezeit":"2\u00a0Minuten"},"schema":{"@context":"https:\/\/schema.org","@graph":[{"@type":"Article","@id":"https:\/\/staging.ctelift.com\/de\/im-fokus-fuer-maerchenhafte-weihnachten-in-der-stadt-entzuenden-wir-die-lichterketten\/#article","isPartOf":{"@id":"https:\/\/staging.ctelift.com\/de\/im-fokus-fuer-maerchenhafte-weihnachten-in-der-stadt-entzuenden-wir-die-lichterketten\/"},"author":{"name":"cteuser","@id":"https:\/\/staging.ctelift.com\/#\/schema\/person\/b83f56a5bd85503f355fa1544c350ab9"},"headline":"IM FOKUS: F\u00fcr m\u00e4rchenhafte Weihnachten in der Stadt: Entz\u00fcnden wir die Lichterketten!","datePublished":"2015-12-16T07:00:37+00:00","dateModified":"2016-04-07T10:07:59+00:00","mainEntityOfPage":{"@id":"https:\/\/staging.ctelift.com\/de\/im-fokus-fuer-maerchenhafte-weihnachten-in-der-stadt-entzuenden-wir-die-lichterketten\/"},"wordCount":417,"commentCount":0,"image":{"@id":"https:\/\/staging.ctelift.com\/de\/im-fokus-fuer-maerchenhafte-weihnachten-in-der-stadt-entzuenden-wir-die-lichterketten\/#primaryimage"},"thumbnailUrl":"https:\/\/staging.ctelift.com\/wp-content\/uploads\/2015\/12\/2791_L0_I2_ZED-20.2-HV-18.jpg","articleSection":["Magazine EASY"],"inLanguage":"de","potentialAction":[{"@type":"CommentAction","name":"Comment","target":["https:\/\/staging.ctelift.com\/de\/im-fokus-fuer-maerchenhafte-weihnachten-in-der-stadt-entzuenden-wir-die-lichterketten\/#respond"]}]},{"@type":"WebPage","@id":"https:\/\/staging.ctelift.com\/de\/im-fokus-fuer-maerchenhafte-weihnachten-in-der-stadt-entzuenden-wir-die-lichterketten\/","url":"https:\/\/staging.ctelift.com\/de\/im-fokus-fuer-maerchenhafte-weihnachten-in-der-stadt-entzuenden-wir-die-lichterketten\/","name":"IM FOKUS: F\u00fcr m\u00e4rchenhafte Weihnachten in der Stadt: Entz\u00fcnden wir die Lichterketten! - CTE","isPartOf":{"@id":"https:\/\/staging.ctelift.com\/#website"},"primaryImageOfPage":{"@id":"https:\/\/staging.ctelift.com\/de\/im-fokus-fuer-maerchenhafte-weihnachten-in-der-stadt-entzuenden-wir-die-lichterketten\/#primaryimage"},"image":{"@id":"https:\/\/staging.ctelift.com\/de\/im-fokus-fuer-maerchenhafte-weihnachten-in-der-stadt-entzuenden-wir-die-lichterketten\/#primaryimage"},"thumbnailUrl":"https:\/\/staging.ctelift.com\/wp-content\/uploads\/2015\/12\/2791_L0_I2_ZED-20.2-HV-18.jpg","datePublished":"2015-12-16T07:00:37+00:00","dateModified":"2016-04-07T10:07:59+00:00","author":{"@id":"https:\/\/staging.ctelift.com\/#\/schema\/person\/b83f56a5bd85503f355fa1544c350ab9"},"breadcrumb":{"@id":"https:\/\/staging.ctelift.com\/de\/im-fokus-fuer-maerchenhafte-weihnachten-in-der-stadt-entzuenden-wir-die-lichterketten\/#breadcrumb"},"inLanguage":"de","potentialAction":[{"@type":"ReadAction","target":["https:\/\/staging.ctelift.com\/de\/im-fokus-fuer-maerchenhafte-weihnachten-in-der-stadt-entzuenden-wir-die-lichterketten\/"]}]},{"@type":"ImageObject","inLanguage":"de","@id":"https:\/\/staging.ctelift.com\/de\/im-fokus-fuer-maerchenhafte-weihnachten-in-der-stadt-entzuenden-wir-die-lichterketten\/#primaryimage","url":"https:\/\/staging.ctelift.com\/wp-content\/uploads\/2015\/12\/2791_L0_I2_ZED-20.2-HV-18.jpg","contentUrl":"https:\/\/staging.ctelift.com\/wp-content\/uploads\/2015\/12\/2791_L0_I2_ZED-20.2-HV-18.jpg","width":1723,"height":1150},{"@type":"BreadcrumbList","@id":"https:\/\/staging.ctelift.com\/de\/im-fokus-fuer-maerchenhafte-weihnachten-in-der-stadt-entzuenden-wir-die-lichterketten\/#breadcrumb","itemListElement":[{"@type":"ListItem","position":1,"name":"Home","item":"https:\/\/staging.ctelift.com\/de\/"},{"@type":"ListItem","position":2,"name":"IM FOKUS: F\u00fcr m\u00e4rchenhafte Weihnachten in der Stadt: Entz\u00fcnden wir die Lichterketten!"}]},{"@type":"WebSite","@id":"https:\/\/staging.ctelift.com\/#website","url":"https:\/\/staging.ctelift.com\/","name":"CTE","description":"work becomes easy","potentialAction":[{"@type":"SearchAction","target":{"@type":"EntryPoint","urlTemplate":"https:\/\/staging.ctelift.com\/?s={search_term_string}"},"query-input":{"@type":"PropertyValueSpecification","valueRequired":true,"valueName":"search_term_string"}}],"inLanguage":"de"},{"@type":"Person","@id":"https:\/\/staging.ctelift.com\/#\/schema\/person\/b83f56a5bd85503f355fa1544c350ab9","name":"cteuser","url":"https:\/\/staging.ctelift.com\/de\/author\/cteuser\/"}]}},"_links":{"self":[{"href":"https:\/\/staging.ctelift.com\/de\/wp-json\/wp\/v2\/posts\/16823","targetHints":{"allow":["GET"]}}],"collection":[{"href":"https:\/\/staging.ctelift.com\/de\/wp-json\/wp\/v2\/posts"}],"about":[{"href":"https:\/\/staging.ctelift.com\/de\/wp-json\/wp\/v2\/types\/post"}],"author":[{"embeddable":true,"href":"https:\/\/staging.ctelift.com\/de\/wp-json\/wp\/v2\/users\/2"}],"replies":[{"embeddable":true,"href":"https:\/\/staging.ctelift.com\/de\/wp-json\/wp\/v2\/comments?post=16823"}],"version-history":[{"count":3,"href":"https:\/\/staging.ctelift.com\/de\/wp-json\/wp\/v2\/posts\/16823\/revisions"}],"predecessor-version":[{"id":18723,"href":"https:\/\/staging.ctelift.com\/de\/wp-json\/wp\/v2\/posts\/16823\/revisions\/18723"}],"wp:featuredmedia":[{"embeddable":true,"href":"https:\/\/staging.ctelift.com\/de\/wp-json\/wp\/v2\/media\/15214"}],"wp:attachment":[{"href":"https:\/\/staging.ctelift.com\/de\/wp-json\/wp\/v2\/media?parent=16823"}],"wp:term":[{"taxonomy":"category","embeddable":true,"href":"https:\/\/staging.ctelift.com\/de\/wp-json\/wp\/v2\/categories?post=16823"},{"taxonomy":"post_tag","embeddable":true,"href":"https:\/\/staging.ctelift.com\/de\/wp-json\/wp\/v2\/tags?post=16823"}],"curies":[{"name":"wp","href":"https:\/\/api.w.org\/{rel}","templated":true}]}}