{"id":16961,"date":"2014-07-25T13:00:00","date_gmt":"2014-07-25T11:00:00","guid":{"rendered":"https:\/\/www.ctelift.com\/de\/2014\/07\/25\/people-on-the-market-pmp-noleggi-di-udine\/"},"modified":"2015-12-17T10:42:32","modified_gmt":"2015-12-17T09:42:32","slug":"people-on-the-market-pmp-noleggi-di-udine","status":"publish","type":"post","link":"https:\/\/staging.ctelift.com\/de\/people-on-the-market-pmp-noleggi-di-udine\/","title":{"rendered":"LEUTE: INTERVIEW MIT PMP NOLEGGI"},"content":{"rendered":"<div><\/div>\n<div><strong>1. Worin besteht Ihre Hauptt\u00e4tigkeit und wie lange sind Sie bereits in der Branche t\u00e4tig?<\/strong><br \/>\nMein Unternehmen widmet sich seit \u00fcber f\u00fcnfzehn Jahren dem weiten Feld der Vermietung von Hubarbeitsb\u00fchnen und der verschiedenen damit verbundenen Dienstleistungen: von der Wartung der Maschinen (unserer eigener und jener der Kunden) bis hin zum eigentlichen Kundendienst und Transportt\u00e4tigkeiten.<\/p>\n<p><strong>2. Wie hat sich das Unternehmen im Laufe der Jahre entwickelt?<\/strong><br \/>\nPMP Noleggi war auch in der Vergangenheit stets im Bereich der Wartung von Erdbewegungsmaschinen t\u00e4tig. Mit den Jahren hat sich der Schwerpunkt dann zun\u00e4chst auf die Vermietung von Baggern verlagert, dann kam auch der Bereich der H\u00f6henarbeit hinzu. Dabei sind wir unserer eigentlichen \u201eBerufung\u201c aber immer treu geblieben!<\/p>\n<p><strong>3. In welchem geographischen Gebiet ist Ihr Betrieb t\u00e4tig?<\/strong><br \/>\nObwohl wir einer Branche angeh\u00f6ren, deren Reichweite relativ begrenzt ist, hat sich unser Betrieb zun\u00e4chst hier in der Gegend und im weiteren Verlauf auch in ganz Friaul, Venetien, Trient und S\u00fcdtirol einen Namen gemacht.<\/p>\n<p><strong>4. Wie ist Ihre Beziehung zu den Mitbewerbern? Treten Sie auf dem Markt als wettbewerbsbewusster, dynamischer Anbieter auf?<\/strong><br \/>\nMit den Jahren hat sich das Verh\u00e4ltnis zu den Mitbewerbern immer mehr in Richtung Kooperation entwickelt, ich w\u00fcrde zuweilen sogar von Synergieeffekten sprechen.<\/p>\n<p><strong>5. Wie hat sich der Markt in der letzten Zeit entwickelt?<\/strong><br \/>\nAufgrund der \u00e4u\u00dferen Umst\u00e4nde wird der Markt in unserer Branche immer enger. Dank unserer Leidenschaft f\u00fcr unsere Arbeit und unserer hohen fachlichen Spezialisierung k\u00f6nnen wir aber guten Mutes in die Zukunft blicken.<\/p>\n<p><strong>6. Wie ist Ihr Kundendienst organisiert?<\/strong><br \/>\nUnser Betrieb bietet den Kunden einen Komplettservice: F\u00fcr diejenigen, die nicht \u00fcber die n\u00f6tigen Zeugnisse verf\u00fcgen, werden Schulungen in Zusammenarbeit mit Betrieben und externen Stellen organisiert (f\u00fcr Hubarbeitsb\u00fchnen, Gabelstapler und Lkw-Krane). Sobald der Kunde den Kurs absolviert hat, kann er eine Maschine mieten. Wir bem\u00fchen uns gemeinsam mit unseren Mitarbeitern, deren \u00dcber- und R\u00fcckgabe so bequem wie m\u00f6glich zu gestalten. Diese kann einsatzbereit im Betrieb entgegengenommen werden, oder wir bringen sie mit unserem Lkw-Kran direkt an die Baustelle. Sollte es w\u00e4hrend des Einsatzes zu Problemen kommen, erh\u00e4lt der Kunde ab sofort alle Hilfestellungen, um die Arbeiten fortsetzen zu k\u00f6nnen: Erkl\u00e4rungen, Reparatur vor Ort bis hin zum Austausch der Maschine.<\/p>\n<p><strong>7. Wie gro\u00df ist Ihr Maschinenpark? Welche Typen von Maschinen besitzen Sie?<\/strong><br \/>\nUnsere Flotte besteht aus ungef\u00e4hr 40 Maschinen. Diese decken eine breite Palette von Einsatzgebieten auf Baustellen ab: So verf\u00fcgen wir \u00fcber Lkw-Plattformen bis 24 m, die mit B-F\u00fchrerschein gelenkt werden k\u00f6nnen, selbstfahrende Gelenkteleskopb\u00fchnen, Scherenb\u00fchnen und Raupenb\u00fchnen. Dazu kommen noch Kleinkr\u00e4ne f\u00fcr Arbeiten in beengten Platzverh\u00e4ltnissen und Ausr\u00fcstungen f\u00fcr das Hochheben von Glasplatten. Zu guter Letzt haben wir auch Transporter und Erdbewegungsmaschinen im Programm.<\/p>\n<p><strong>8. Wie lautet Ihr \u201cRezept\u201d? Welche Werte verfolgen Sie in Ihrer t\u00e4glichen Arbeit?<\/strong><br \/>\nEin richtiges \u201cRezept\u201d gibt es nicht, jeder Kunde und jede Baustelle hat ihre eigene Geschichte und ihre eigene Arbeitsweise. Wir versuchen, unser Bestes zu geben, indem wir die Flexibilit\u00e4t ausn\u00fctzen, die ein \u201ekleines\u201c Unternehmen bieten kann.<br \/>\nWir betreuen den Kunden von der Wahl des idealen Arbeitsger\u00e4ts f\u00fcr seine Baustelle bis hin zur Vermietung der Maschine mit qualifiziertem und ausgebildetem Bediener. Und wir versuchen, alle seine Bed\u00fcrfnisse im Rahmen des M\u00f6glichen zu erf\u00fcllen.<\/p>\n<p><strong>9. Wie viele CTE-Arbeitsb\u00fchnen besitzen Sie?<\/strong><br \/>\nDerzeit haben wir in unserer Mietflotte neun Genie-B\u00fchnen: einige elektrisch sowie mit Diesel betriebene Scherenarbeitsb\u00fchnen sowie Gelenkteleskopb\u00fchnen f\u00fcr Innen- und Au\u00dfenarbeiten. Hinzu kommen zwei ZED Lkw-B\u00fchnen (ZED 20.2 H und ZED 21 JH), die frischen Wind in unseren Maschinenpark bringen.<\/p>\n<p><strong>10. Warum haben Sie sich f\u00fcr CTE-Arbeitsb\u00fchnen entschieden?<\/strong><br \/>\nWir hatten bereits fr\u00fcher eine Z 20 Lkw-B\u00fchne von CTE. Die neuen Maschinen und die Motivation, sich zu erneuern und zu wachsen, die wir bei CTE bemerken konnten, haben uns veranlasst, dieses neue Produkt zu w\u00e4hlen, das sich durch einige besondere Eigenschaften vom restlichen Markt abhebt. Diese Innovationen k\u00f6nnten uns in unserem Arbeitsumfeld neue M\u00f6glichkeiten er\u00f6ffnen und uns in die Lage versetzen, neue Herausforderungen anzunehmen, vor die uns unsere Kunden stellen.<\/p>\n<p><strong>11. Welche Eigenschaften der CTE-Arbeitsb\u00fchnen \u00fcberzeugen besonders?<\/strong><br \/>\nMeiner Meinung nach sorgt die neue Ausrichtung der St\u00fctzen f\u00fcr ein rascheres und sichereres Arbeiten in der H\u00f6he: Die Stabilit\u00e4t, die Pr\u00e4zision und die geschmeidigen Bewegungen der Maschine werden auch die w\u00e4hlerischsten und anspruchsvollsten Kunden \u00fcberzeugen.<\/p>\n<p><strong>12. Was erwarten sich Ihre Kunden von einer Arbeitsb\u00fchne? Was beeinflusst heute ihre Wahl?<\/strong><br \/>\nUnsere Kunden stellen h\u00f6chste Anforderungen an die Zuverl\u00e4ssigkeit, Geschwindigkeit und Pr\u00e4zision einer Maschine. Es ist heutzutage sicher nicht einfach, sich f\u00fcr eine Arbeitsb\u00fchne zu entscheiden: Es gilt, den richtigen Kompromiss aus Geschwindigkeit, Pr\u00e4zision, Reichweite, Gesamtabmessungen und Abst\u00fctzbreite sowie Auslegerart zu finden, und das alles zu einem guten Preis-Leistungs-Verh\u00e4ltnis.<\/div>\n","protected":false},"excerpt":{"rendered":"<p>1. Worin besteht Ihre Hauptt\u00e4tigkeit und wie lange sind Sie bereits in der Branche t\u00e4tig? Mein Unternehmen widmet sich seit \u00fcber f\u00fcnfzehn Jahren dem weiten Feld der Vermietung von Hubarbeitsb\u00fchnen und der verschiedenen damit verbundenen Dienstleistungen: von der Wartung der Maschinen (unserer eigener und jener der Kunden) bis hin zum eigentlichen Kundendienst und Transportt\u00e4tigkeiten. 2. [&hellip;]<\/p>\n","protected":false},"author":2,"featured_media":8574,"comment_status":"open","ping_status":"open","sticky":false,"template":"","format":"standard","meta":{"_acf_changed":false,"_et_pb_use_builder":"","_et_pb_old_content":"","_et_gb_content_width":"","footnotes":""},"categories":[195],"tags":[],"class_list":["post-16961","post","type-post","status-publish","format-standard","has-post-thumbnail","hentry","category-magazine-easy-de"],"acf":[],"yoast_head":"<!-- This site is optimized with the Yoast SEO plugin v28.1 - https:\/\/yoast.com\/product\/yoast-seo-wordpress\/ -->\n<title>LEUTE: INTERVIEW MIT PMP NOLEGGI - CTE<\/title>\n<meta name=\"robots\" content=\"noindex, follow, max-snippet:-1, max-image-preview:large, max-video-preview:-1\" \/>\n<meta property=\"og:locale\" content=\"de_DE\" \/>\n<meta property=\"og:type\" content=\"article\" \/>\n<meta property=\"og:title\" content=\"LEUTE: INTERVIEW MIT PMP NOLEGGI - CTE\" \/>\n<meta property=\"og:description\" content=\"1. Worin besteht Ihre Hauptt\u00e4tigkeit und wie lange sind Sie bereits in der Branche t\u00e4tig? Mein Unternehmen widmet sich seit \u00fcber f\u00fcnfzehn Jahren dem weiten Feld der Vermietung von Hubarbeitsb\u00fchnen und der verschiedenen damit verbundenen Dienstleistungen: von der Wartung der Maschinen (unserer eigener und jener der Kunden) bis hin zum eigentlichen Kundendienst und Transportt\u00e4tigkeiten. 2. [&hellip;]\" \/>\n<meta property=\"og:url\" content=\"https:\/\/staging.ctelift.com\/de\/people-on-the-market-pmp-noleggi-di-udine\/\" \/>\n<meta property=\"og:site_name\" content=\"CTE\" \/>\n<meta property=\"article:published_time\" content=\"2014-07-25T11:00:00+00:00\" \/>\n<meta property=\"article:modified_time\" content=\"2015-12-17T09:42:32+00:00\" \/>\n<meta property=\"og:image\" content=\"https:\/\/staging.ctelift.com\/wp-content\/uploads\/importer\/1_2400_L0_I2_CIMG4557.jpg\" \/>\n\t<meta property=\"og:image:width\" content=\"800\" \/>\n\t<meta property=\"og:image:height\" content=\"531\" \/>\n\t<meta property=\"og:image:type\" content=\"image\/jpeg\" \/>\n<meta name=\"author\" content=\"cteuser\" \/>\n<meta name=\"twitter:card\" content=\"summary_large_image\" \/>\n<meta name=\"twitter:label1\" content=\"Verfasst von\" \/>\n\t<meta name=\"twitter:data1\" content=\"cteuser\" \/>\n\t<meta name=\"twitter:label2\" content=\"Gesch\u00e4tzte Lesezeit\" \/>\n\t<meta name=\"twitter:data2\" content=\"4\u00a0Minuten\" \/>\n<script type=\"application\/ld+json\" class=\"yoast-schema-graph\">{\"@context\":\"https:\\\/\\\/schema.org\",\"@graph\":[{\"@type\":\"Article\",\"@id\":\"https:\\\/\\\/staging.ctelift.com\\\/de\\\/people-on-the-market-pmp-noleggi-di-udine\\\/#article\",\"isPartOf\":{\"@id\":\"https:\\\/\\\/staging.ctelift.com\\\/de\\\/people-on-the-market-pmp-noleggi-di-udine\\\/\"},\"author\":{\"name\":\"cteuser\",\"@id\":\"https:\\\/\\\/staging.ctelift.com\\\/#\\\/schema\\\/person\\\/b83f56a5bd85503f355fa1544c350ab9\"},\"headline\":\"LEUTE: INTERVIEW MIT PMP NOLEGGI\",\"datePublished\":\"2014-07-25T11:00:00+00:00\",\"dateModified\":\"2015-12-17T09:42:32+00:00\",\"mainEntityOfPage\":{\"@id\":\"https:\\\/\\\/staging.ctelift.com\\\/de\\\/people-on-the-market-pmp-noleggi-di-udine\\\/\"},\"wordCount\":814,\"commentCount\":0,\"image\":{\"@id\":\"https:\\\/\\\/staging.ctelift.com\\\/de\\\/people-on-the-market-pmp-noleggi-di-udine\\\/#primaryimage\"},\"thumbnailUrl\":\"https:\\\/\\\/staging.ctelift.com\\\/wp-content\\\/uploads\\\/importer\\\/1_2400_L0_I2_CIMG4557.jpg\",\"articleSection\":[\"Magazine EASY\"],\"inLanguage\":\"de\",\"potentialAction\":[{\"@type\":\"CommentAction\",\"name\":\"Comment\",\"target\":[\"https:\\\/\\\/staging.ctelift.com\\\/de\\\/people-on-the-market-pmp-noleggi-di-udine\\\/#respond\"]}]},{\"@type\":\"WebPage\",\"@id\":\"https:\\\/\\\/staging.ctelift.com\\\/de\\\/people-on-the-market-pmp-noleggi-di-udine\\\/\",\"url\":\"https:\\\/\\\/staging.ctelift.com\\\/de\\\/people-on-the-market-pmp-noleggi-di-udine\\\/\",\"name\":\"LEUTE: INTERVIEW MIT PMP NOLEGGI - CTE\",\"isPartOf\":{\"@id\":\"https:\\\/\\\/staging.ctelift.com\\\/#website\"},\"primaryImageOfPage\":{\"@id\":\"https:\\\/\\\/staging.ctelift.com\\\/de\\\/people-on-the-market-pmp-noleggi-di-udine\\\/#primaryimage\"},\"image\":{\"@id\":\"https:\\\/\\\/staging.ctelift.com\\\/de\\\/people-on-the-market-pmp-noleggi-di-udine\\\/#primaryimage\"},\"thumbnailUrl\":\"https:\\\/\\\/staging.ctelift.com\\\/wp-content\\\/uploads\\\/importer\\\/1_2400_L0_I2_CIMG4557.jpg\",\"datePublished\":\"2014-07-25T11:00:00+00:00\",\"dateModified\":\"2015-12-17T09:42:32+00:00\",\"author\":{\"@id\":\"https:\\\/\\\/staging.ctelift.com\\\/#\\\/schema\\\/person\\\/b83f56a5bd85503f355fa1544c350ab9\"},\"breadcrumb\":{\"@id\":\"https:\\\/\\\/staging.ctelift.com\\\/de\\\/people-on-the-market-pmp-noleggi-di-udine\\\/#breadcrumb\"},\"inLanguage\":\"de\",\"potentialAction\":[{\"@type\":\"ReadAction\",\"target\":[\"https:\\\/\\\/staging.ctelift.com\\\/de\\\/people-on-the-market-pmp-noleggi-di-udine\\\/\"]}]},{\"@type\":\"ImageObject\",\"inLanguage\":\"de\",\"@id\":\"https:\\\/\\\/staging.ctelift.com\\\/de\\\/people-on-the-market-pmp-noleggi-di-udine\\\/#primaryimage\",\"url\":\"https:\\\/\\\/staging.ctelift.com\\\/wp-content\\\/uploads\\\/importer\\\/1_2400_L0_I2_CIMG4557.jpg\",\"contentUrl\":\"https:\\\/\\\/staging.ctelift.com\\\/wp-content\\\/uploads\\\/importer\\\/1_2400_L0_I2_CIMG4557.jpg\",\"width\":800,\"height\":531},{\"@type\":\"BreadcrumbList\",\"@id\":\"https:\\\/\\\/staging.ctelift.com\\\/de\\\/people-on-the-market-pmp-noleggi-di-udine\\\/#breadcrumb\",\"itemListElement\":[{\"@type\":\"ListItem\",\"position\":1,\"name\":\"Home\",\"item\":\"https:\\\/\\\/staging.ctelift.com\\\/de\\\/\"},{\"@type\":\"ListItem\",\"position\":2,\"name\":\"LEUTE: INTERVIEW MIT PMP NOLEGGI\"}]},{\"@type\":\"WebSite\",\"@id\":\"https:\\\/\\\/staging.ctelift.com\\\/#website\",\"url\":\"https:\\\/\\\/staging.ctelift.com\\\/\",\"name\":\"CTE\",\"description\":\"work becomes easy\",\"potentialAction\":[{\"@type\":\"SearchAction\",\"target\":{\"@type\":\"EntryPoint\",\"urlTemplate\":\"https:\\\/\\\/staging.ctelift.com\\\/?s={search_term_string}\"},\"query-input\":{\"@type\":\"PropertyValueSpecification\",\"valueRequired\":true,\"valueName\":\"search_term_string\"}}],\"inLanguage\":\"de\"},{\"@type\":\"Person\",\"@id\":\"https:\\\/\\\/staging.ctelift.com\\\/#\\\/schema\\\/person\\\/b83f56a5bd85503f355fa1544c350ab9\",\"name\":\"cteuser\",\"url\":\"https:\\\/\\\/staging.ctelift.com\\\/de\\\/author\\\/cteuser\\\/\"}]}<\/script>\n<!-- \/ Yoast SEO plugin. -->","yoast_head_json":{"title":"LEUTE: INTERVIEW MIT PMP NOLEGGI - CTE","robots":{"index":"noindex","follow":"follow","max-snippet":"max-snippet:-1","max-image-preview":"max-image-preview:large","max-video-preview":"max-video-preview:-1"},"og_locale":"de_DE","og_type":"article","og_title":"LEUTE: INTERVIEW MIT PMP NOLEGGI - CTE","og_description":"1. Worin besteht Ihre Hauptt\u00e4tigkeit und wie lange sind Sie bereits in der Branche t\u00e4tig? Mein Unternehmen widmet sich seit \u00fcber f\u00fcnfzehn Jahren dem weiten Feld der Vermietung von Hubarbeitsb\u00fchnen und der verschiedenen damit verbundenen Dienstleistungen: von der Wartung der Maschinen (unserer eigener und jener der Kunden) bis hin zum eigentlichen Kundendienst und Transportt\u00e4tigkeiten. 2. [&hellip;]","og_url":"https:\/\/staging.ctelift.com\/de\/people-on-the-market-pmp-noleggi-di-udine\/","og_site_name":"CTE","article_published_time":"2014-07-25T11:00:00+00:00","article_modified_time":"2015-12-17T09:42:32+00:00","og_image":[{"width":800,"height":531,"url":"https:\/\/staging.ctelift.com\/wp-content\/uploads\/importer\/1_2400_L0_I2_CIMG4557.jpg","type":"image\/jpeg"}],"author":"cteuser","twitter_card":"summary_large_image","twitter_misc":{"Verfasst von":"cteuser","Gesch\u00e4tzte Lesezeit":"4\u00a0Minuten"},"schema":{"@context":"https:\/\/schema.org","@graph":[{"@type":"Article","@id":"https:\/\/staging.ctelift.com\/de\/people-on-the-market-pmp-noleggi-di-udine\/#article","isPartOf":{"@id":"https:\/\/staging.ctelift.com\/de\/people-on-the-market-pmp-noleggi-di-udine\/"},"author":{"name":"cteuser","@id":"https:\/\/staging.ctelift.com\/#\/schema\/person\/b83f56a5bd85503f355fa1544c350ab9"},"headline":"LEUTE: INTERVIEW MIT PMP NOLEGGI","datePublished":"2014-07-25T11:00:00+00:00","dateModified":"2015-12-17T09:42:32+00:00","mainEntityOfPage":{"@id":"https:\/\/staging.ctelift.com\/de\/people-on-the-market-pmp-noleggi-di-udine\/"},"wordCount":814,"commentCount":0,"image":{"@id":"https:\/\/staging.ctelift.com\/de\/people-on-the-market-pmp-noleggi-di-udine\/#primaryimage"},"thumbnailUrl":"https:\/\/staging.ctelift.com\/wp-content\/uploads\/importer\/1_2400_L0_I2_CIMG4557.jpg","articleSection":["Magazine EASY"],"inLanguage":"de","potentialAction":[{"@type":"CommentAction","name":"Comment","target":["https:\/\/staging.ctelift.com\/de\/people-on-the-market-pmp-noleggi-di-udine\/#respond"]}]},{"@type":"WebPage","@id":"https:\/\/staging.ctelift.com\/de\/people-on-the-market-pmp-noleggi-di-udine\/","url":"https:\/\/staging.ctelift.com\/de\/people-on-the-market-pmp-noleggi-di-udine\/","name":"LEUTE: INTERVIEW MIT PMP NOLEGGI - CTE","isPartOf":{"@id":"https:\/\/staging.ctelift.com\/#website"},"primaryImageOfPage":{"@id":"https:\/\/staging.ctelift.com\/de\/people-on-the-market-pmp-noleggi-di-udine\/#primaryimage"},"image":{"@id":"https:\/\/staging.ctelift.com\/de\/people-on-the-market-pmp-noleggi-di-udine\/#primaryimage"},"thumbnailUrl":"https:\/\/staging.ctelift.com\/wp-content\/uploads\/importer\/1_2400_L0_I2_CIMG4557.jpg","datePublished":"2014-07-25T11:00:00+00:00","dateModified":"2015-12-17T09:42:32+00:00","author":{"@id":"https:\/\/staging.ctelift.com\/#\/schema\/person\/b83f56a5bd85503f355fa1544c350ab9"},"breadcrumb":{"@id":"https:\/\/staging.ctelift.com\/de\/people-on-the-market-pmp-noleggi-di-udine\/#breadcrumb"},"inLanguage":"de","potentialAction":[{"@type":"ReadAction","target":["https:\/\/staging.ctelift.com\/de\/people-on-the-market-pmp-noleggi-di-udine\/"]}]},{"@type":"ImageObject","inLanguage":"de","@id":"https:\/\/staging.ctelift.com\/de\/people-on-the-market-pmp-noleggi-di-udine\/#primaryimage","url":"https:\/\/staging.ctelift.com\/wp-content\/uploads\/importer\/1_2400_L0_I2_CIMG4557.jpg","contentUrl":"https:\/\/staging.ctelift.com\/wp-content\/uploads\/importer\/1_2400_L0_I2_CIMG4557.jpg","width":800,"height":531},{"@type":"BreadcrumbList","@id":"https:\/\/staging.ctelift.com\/de\/people-on-the-market-pmp-noleggi-di-udine\/#breadcrumb","itemListElement":[{"@type":"ListItem","position":1,"name":"Home","item":"https:\/\/staging.ctelift.com\/de\/"},{"@type":"ListItem","position":2,"name":"LEUTE: INTERVIEW MIT PMP NOLEGGI"}]},{"@type":"WebSite","@id":"https:\/\/staging.ctelift.com\/#website","url":"https:\/\/staging.ctelift.com\/","name":"CTE","description":"work becomes easy","potentialAction":[{"@type":"SearchAction","target":{"@type":"EntryPoint","urlTemplate":"https:\/\/staging.ctelift.com\/?s={search_term_string}"},"query-input":{"@type":"PropertyValueSpecification","valueRequired":true,"valueName":"search_term_string"}}],"inLanguage":"de"},{"@type":"Person","@id":"https:\/\/staging.ctelift.com\/#\/schema\/person\/b83f56a5bd85503f355fa1544c350ab9","name":"cteuser","url":"https:\/\/staging.ctelift.com\/de\/author\/cteuser\/"}]}},"_links":{"self":[{"href":"https:\/\/staging.ctelift.com\/de\/wp-json\/wp\/v2\/posts\/16961","targetHints":{"allow":["GET"]}}],"collection":[{"href":"https:\/\/staging.ctelift.com\/de\/wp-json\/wp\/v2\/posts"}],"about":[{"href":"https:\/\/staging.ctelift.com\/de\/wp-json\/wp\/v2\/types\/post"}],"author":[{"embeddable":true,"href":"https:\/\/staging.ctelift.com\/de\/wp-json\/wp\/v2\/users\/2"}],"replies":[{"embeddable":true,"href":"https:\/\/staging.ctelift.com\/de\/wp-json\/wp\/v2\/comments?post=16961"}],"version-history":[{"count":2,"href":"https:\/\/staging.ctelift.com\/de\/wp-json\/wp\/v2\/posts\/16961\/revisions"}],"predecessor-version":[{"id":16968,"href":"https:\/\/staging.ctelift.com\/de\/wp-json\/wp\/v2\/posts\/16961\/revisions\/16968"}],"wp:featuredmedia":[{"embeddable":true,"href":"https:\/\/staging.ctelift.com\/de\/wp-json\/wp\/v2\/media\/8574"}],"wp:attachment":[{"href":"https:\/\/staging.ctelift.com\/de\/wp-json\/wp\/v2\/media?parent=16961"}],"wp:term":[{"taxonomy":"category","embeddable":true,"href":"https:\/\/staging.ctelift.com\/de\/wp-json\/wp\/v2\/categories?post=16961"},{"taxonomy":"post_tag","embeddable":true,"href":"https:\/\/staging.ctelift.com\/de\/wp-json\/wp\/v2\/tags?post=16961"}],"curies":[{"name":"wp","href":"https:\/\/api.w.org\/{rel}","templated":true}]}}