{"id":17000,"date":"2014-02-05T11:00:00","date_gmt":"2014-02-05T10:00:00","guid":{"rendered":"https:\/\/www.ctelift.com\/de\/2014\/02\/05\/primo-piano-zed-14-2-la-supercompatta\/"},"modified":"2015-12-17T11:03:31","modified_gmt":"2015-12-17T10:03:31","slug":"primo-piano-zed-14-2-la-supercompatta","status":"publish","type":"post","link":"https:\/\/staging.ctelift.com\/de\/primo-piano-zed-14-2-la-supercompatta\/","title":{"rendered":"IM FOKUS: ZED 14.2, kompakter geht\u2019s nicht"},"content":{"rendered":"<div align=\"justify\">Stets auf die verschiedenen Bed\u00fcrfnisse der Weltm\u00e4rkte bedacht, hat <strong>CTE<\/strong> eine neue Arbeitsb\u00fchne speziell f\u00fcr den Einsatz in Schwellenl\u00e4ndern realisiert: die <strong>ZED 14.2<\/strong>, eine direkte Nachfahrin der <strong>ZED 14<\/strong>, der kleinsten <strong>ZED<\/strong>-B\u00fchne mit Gelenkarm. Die Version .2 steht f\u00fcr die Weiterentwicklung des Aufbaus, der auch mit Pick-ups mit Doppelkabine verwendet werden kann, wie etwa dem Nissan Crew Cab 35, die ideal f\u00fcr den Transport von mehreren Personen und Material sind.<\/p>\n<p>Die <strong>ZED 14.2<\/strong> erreicht 13,9 m Arbeitsh\u00f6he, 5,7 m seitliche Reichweite und eine Korblast von 230 kg. Sie ist au\u00dferordentlich kompakt und eignet sich daher f\u00fcr die verschiedensten Aufgaben, die auf Baustellen anfallen k\u00f6nnen: f\u00fcr Wartungsarbeiten in geringen H\u00f6hen wie an Br\u00fccken, Beleuchtungs- und elektrischen Anlagen oder aber f\u00fcr Arbeiten in Gr\u00fcnbereichen und die Instandhaltung von Stra\u00dfen und Parks.<\/p>\n<p>Die B\u00fchne ist wie gesagt \u00e4u\u00dferst kompakt: So ist sie im Fahrmodus kaum l\u00e4nger als 5 m, die H\u00f6he betr\u00e4gt 2,73 m, und sie besitzt vier vertikale hydraulische St\u00fctzen. Der Korb, der \u00fcber einen Schwenkbereich von \u00b1 65\u00b0 verf\u00fcgt, ist auch als isolierter Glasfaserkorb (auf Anfrage mit einem Isolationsschutz bis 20 kV) erh\u00e4ltlich. Die Steuerung erfolgt vom Boden oder vom Korb aus.<\/p>\n<p>Die <strong>ZED 14.2<\/strong> ist die ideale L\u00f6sung f\u00fcr Baustellen, auf denen Maschinen mit gro\u00dfer Kapazit\u00e4t und Tragkraft, aber gleichzeitig kompakten Abmessungen ben\u00f6tigt werden.<\/div>\n<div align=\"justify\"><\/div>\n<div align=\"justify\"><\/div>\n","protected":false},"excerpt":{"rendered":"<p>Stets auf die verschiedenen Bed\u00fcrfnisse der Weltm\u00e4rkte bedacht, hat CTE eine neue Arbeitsb\u00fchne speziell f\u00fcr den Einsatz in Schwellenl\u00e4ndern realisiert: die ZED 14.2, eine direkte Nachfahrin der ZED 14, der kleinsten ZED-B\u00fchne mit Gelenkarm. Die Version .2 steht f\u00fcr die Weiterentwicklung des Aufbaus, der auch mit Pick-ups mit Doppelkabine verwendet werden kann, wie etwa dem [&hellip;]<\/p>\n","protected":false},"author":2,"featured_media":8678,"comment_status":"open","ping_status":"open","sticky":false,"template":"","format":"standard","meta":{"_acf_changed":false,"_et_pb_use_builder":"","_et_pb_old_content":"","_et_gb_content_width":"","footnotes":""},"categories":[195],"tags":[],"class_list":["post-17000","post","type-post","status-publish","format-standard","has-post-thumbnail","hentry","category-magazine-easy-de"],"acf":[],"yoast_head":"<!-- This site is optimized with the Yoast SEO plugin v28.1 - https:\/\/yoast.com\/product\/yoast-seo-wordpress\/ -->\n<title>IM FOKUS: ZED 14.2, kompakter geht\u2019s nicht - CTE<\/title>\n<meta name=\"robots\" content=\"noindex, follow, max-snippet:-1, max-image-preview:large, max-video-preview:-1\" \/>\n<meta property=\"og:locale\" content=\"de_DE\" \/>\n<meta property=\"og:type\" content=\"article\" \/>\n<meta property=\"og:title\" content=\"IM FOKUS: ZED 14.2, kompakter geht\u2019s nicht - CTE\" \/>\n<meta property=\"og:description\" content=\"Stets auf die verschiedenen Bed\u00fcrfnisse der Weltm\u00e4rkte bedacht, hat CTE eine neue Arbeitsb\u00fchne speziell f\u00fcr den Einsatz in Schwellenl\u00e4ndern realisiert: die ZED 14.2, eine direkte Nachfahrin der ZED 14, der kleinsten ZED-B\u00fchne mit Gelenkarm. Die Version .2 steht f\u00fcr die Weiterentwicklung des Aufbaus, der auch mit Pick-ups mit Doppelkabine verwendet werden kann, wie etwa dem [&hellip;]\" \/>\n<meta property=\"og:url\" content=\"https:\/\/staging.ctelift.com\/de\/primo-piano-zed-14-2-la-supercompatta\/\" \/>\n<meta property=\"og:site_name\" content=\"CTE\" \/>\n<meta property=\"article:published_time\" content=\"2014-02-05T10:00:00+00:00\" \/>\n<meta property=\"article:modified_time\" content=\"2015-12-17T10:03:31+00:00\" \/>\n<meta property=\"og:image\" content=\"https:\/\/staging.ctelift.com\/wp-content\/uploads\/importer\/1_2292_L0_I2_DSC02490.JPG\" \/>\n\t<meta property=\"og:image:width\" content=\"1920\" \/>\n\t<meta property=\"og:image:height\" content=\"1080\" \/>\n\t<meta property=\"og:image:type\" content=\"image\/jpeg\" \/>\n<meta name=\"author\" content=\"cteuser\" \/>\n<meta name=\"twitter:card\" content=\"summary_large_image\" \/>\n<meta name=\"twitter:label1\" content=\"Verfasst von\" \/>\n\t<meta name=\"twitter:data1\" content=\"cteuser\" \/>\n\t<meta name=\"twitter:label2\" content=\"Gesch\u00e4tzte Lesezeit\" \/>\n\t<meta name=\"twitter:data2\" content=\"1\u00a0Minute\" \/>\n<script type=\"application\/ld+json\" class=\"yoast-schema-graph\">{\"@context\":\"https:\\\/\\\/schema.org\",\"@graph\":[{\"@type\":\"Article\",\"@id\":\"https:\\\/\\\/staging.ctelift.com\\\/de\\\/primo-piano-zed-14-2-la-supercompatta\\\/#article\",\"isPartOf\":{\"@id\":\"https:\\\/\\\/staging.ctelift.com\\\/de\\\/primo-piano-zed-14-2-la-supercompatta\\\/\"},\"author\":{\"name\":\"cteuser\",\"@id\":\"https:\\\/\\\/staging.ctelift.com\\\/#\\\/schema\\\/person\\\/b83f56a5bd85503f355fa1544c350ab9\"},\"headline\":\"IM FOKUS: ZED 14.2, kompakter geht\u2019s nicht\",\"datePublished\":\"2014-02-05T10:00:00+00:00\",\"dateModified\":\"2015-12-17T10:03:31+00:00\",\"mainEntityOfPage\":{\"@id\":\"https:\\\/\\\/staging.ctelift.com\\\/de\\\/primo-piano-zed-14-2-la-supercompatta\\\/\"},\"wordCount\":238,\"commentCount\":0,\"image\":{\"@id\":\"https:\\\/\\\/staging.ctelift.com\\\/de\\\/primo-piano-zed-14-2-la-supercompatta\\\/#primaryimage\"},\"thumbnailUrl\":\"https:\\\/\\\/staging.ctelift.com\\\/wp-content\\\/uploads\\\/importer\\\/1_2292_L0_I2_DSC02490.JPG\",\"articleSection\":[\"Magazine EASY\"],\"inLanguage\":\"de\",\"potentialAction\":[{\"@type\":\"CommentAction\",\"name\":\"Comment\",\"target\":[\"https:\\\/\\\/staging.ctelift.com\\\/de\\\/primo-piano-zed-14-2-la-supercompatta\\\/#respond\"]}]},{\"@type\":\"WebPage\",\"@id\":\"https:\\\/\\\/staging.ctelift.com\\\/de\\\/primo-piano-zed-14-2-la-supercompatta\\\/\",\"url\":\"https:\\\/\\\/staging.ctelift.com\\\/de\\\/primo-piano-zed-14-2-la-supercompatta\\\/\",\"name\":\"IM FOKUS: ZED 14.2, kompakter geht\u2019s nicht - CTE\",\"isPartOf\":{\"@id\":\"https:\\\/\\\/staging.ctelift.com\\\/#website\"},\"primaryImageOfPage\":{\"@id\":\"https:\\\/\\\/staging.ctelift.com\\\/de\\\/primo-piano-zed-14-2-la-supercompatta\\\/#primaryimage\"},\"image\":{\"@id\":\"https:\\\/\\\/staging.ctelift.com\\\/de\\\/primo-piano-zed-14-2-la-supercompatta\\\/#primaryimage\"},\"thumbnailUrl\":\"https:\\\/\\\/staging.ctelift.com\\\/wp-content\\\/uploads\\\/importer\\\/1_2292_L0_I2_DSC02490.JPG\",\"datePublished\":\"2014-02-05T10:00:00+00:00\",\"dateModified\":\"2015-12-17T10:03:31+00:00\",\"author\":{\"@id\":\"https:\\\/\\\/staging.ctelift.com\\\/#\\\/schema\\\/person\\\/b83f56a5bd85503f355fa1544c350ab9\"},\"breadcrumb\":{\"@id\":\"https:\\\/\\\/staging.ctelift.com\\\/de\\\/primo-piano-zed-14-2-la-supercompatta\\\/#breadcrumb\"},\"inLanguage\":\"de\",\"potentialAction\":[{\"@type\":\"ReadAction\",\"target\":[\"https:\\\/\\\/staging.ctelift.com\\\/de\\\/primo-piano-zed-14-2-la-supercompatta\\\/\"]}]},{\"@type\":\"ImageObject\",\"inLanguage\":\"de\",\"@id\":\"https:\\\/\\\/staging.ctelift.com\\\/de\\\/primo-piano-zed-14-2-la-supercompatta\\\/#primaryimage\",\"url\":\"https:\\\/\\\/staging.ctelift.com\\\/wp-content\\\/uploads\\\/importer\\\/1_2292_L0_I2_DSC02490.JPG\",\"contentUrl\":\"https:\\\/\\\/staging.ctelift.com\\\/wp-content\\\/uploads\\\/importer\\\/1_2292_L0_I2_DSC02490.JPG\",\"width\":1920,\"height\":1080},{\"@type\":\"BreadcrumbList\",\"@id\":\"https:\\\/\\\/staging.ctelift.com\\\/de\\\/primo-piano-zed-14-2-la-supercompatta\\\/#breadcrumb\",\"itemListElement\":[{\"@type\":\"ListItem\",\"position\":1,\"name\":\"Home\",\"item\":\"https:\\\/\\\/staging.ctelift.com\\\/de\\\/\"},{\"@type\":\"ListItem\",\"position\":2,\"name\":\"IM FOKUS: ZED 14.2, kompakter geht\u2019s nicht\"}]},{\"@type\":\"WebSite\",\"@id\":\"https:\\\/\\\/staging.ctelift.com\\\/#website\",\"url\":\"https:\\\/\\\/staging.ctelift.com\\\/\",\"name\":\"CTE\",\"description\":\"work becomes easy\",\"potentialAction\":[{\"@type\":\"SearchAction\",\"target\":{\"@type\":\"EntryPoint\",\"urlTemplate\":\"https:\\\/\\\/staging.ctelift.com\\\/?s={search_term_string}\"},\"query-input\":{\"@type\":\"PropertyValueSpecification\",\"valueRequired\":true,\"valueName\":\"search_term_string\"}}],\"inLanguage\":\"de\"},{\"@type\":\"Person\",\"@id\":\"https:\\\/\\\/staging.ctelift.com\\\/#\\\/schema\\\/person\\\/b83f56a5bd85503f355fa1544c350ab9\",\"name\":\"cteuser\",\"url\":\"https:\\\/\\\/staging.ctelift.com\\\/de\\\/author\\\/cteuser\\\/\"}]}<\/script>\n<!-- \/ Yoast SEO plugin. -->","yoast_head_json":{"title":"IM FOKUS: ZED 14.2, kompakter geht\u2019s nicht - CTE","robots":{"index":"noindex","follow":"follow","max-snippet":"max-snippet:-1","max-image-preview":"max-image-preview:large","max-video-preview":"max-video-preview:-1"},"og_locale":"de_DE","og_type":"article","og_title":"IM FOKUS: ZED 14.2, kompakter geht\u2019s nicht - CTE","og_description":"Stets auf die verschiedenen Bed\u00fcrfnisse der Weltm\u00e4rkte bedacht, hat CTE eine neue Arbeitsb\u00fchne speziell f\u00fcr den Einsatz in Schwellenl\u00e4ndern realisiert: die ZED 14.2, eine direkte Nachfahrin der ZED 14, der kleinsten ZED-B\u00fchne mit Gelenkarm. Die Version .2 steht f\u00fcr die Weiterentwicklung des Aufbaus, der auch mit Pick-ups mit Doppelkabine verwendet werden kann, wie etwa dem [&hellip;]","og_url":"https:\/\/staging.ctelift.com\/de\/primo-piano-zed-14-2-la-supercompatta\/","og_site_name":"CTE","article_published_time":"2014-02-05T10:00:00+00:00","article_modified_time":"2015-12-17T10:03:31+00:00","og_image":[{"width":1920,"height":1080,"url":"https:\/\/staging.ctelift.com\/wp-content\/uploads\/importer\/1_2292_L0_I2_DSC02490.JPG","type":"image\/jpeg"}],"author":"cteuser","twitter_card":"summary_large_image","twitter_misc":{"Verfasst von":"cteuser","Gesch\u00e4tzte Lesezeit":"1\u00a0Minute"},"schema":{"@context":"https:\/\/schema.org","@graph":[{"@type":"Article","@id":"https:\/\/staging.ctelift.com\/de\/primo-piano-zed-14-2-la-supercompatta\/#article","isPartOf":{"@id":"https:\/\/staging.ctelift.com\/de\/primo-piano-zed-14-2-la-supercompatta\/"},"author":{"name":"cteuser","@id":"https:\/\/staging.ctelift.com\/#\/schema\/person\/b83f56a5bd85503f355fa1544c350ab9"},"headline":"IM FOKUS: ZED 14.2, kompakter geht\u2019s nicht","datePublished":"2014-02-05T10:00:00+00:00","dateModified":"2015-12-17T10:03:31+00:00","mainEntityOfPage":{"@id":"https:\/\/staging.ctelift.com\/de\/primo-piano-zed-14-2-la-supercompatta\/"},"wordCount":238,"commentCount":0,"image":{"@id":"https:\/\/staging.ctelift.com\/de\/primo-piano-zed-14-2-la-supercompatta\/#primaryimage"},"thumbnailUrl":"https:\/\/staging.ctelift.com\/wp-content\/uploads\/importer\/1_2292_L0_I2_DSC02490.JPG","articleSection":["Magazine EASY"],"inLanguage":"de","potentialAction":[{"@type":"CommentAction","name":"Comment","target":["https:\/\/staging.ctelift.com\/de\/primo-piano-zed-14-2-la-supercompatta\/#respond"]}]},{"@type":"WebPage","@id":"https:\/\/staging.ctelift.com\/de\/primo-piano-zed-14-2-la-supercompatta\/","url":"https:\/\/staging.ctelift.com\/de\/primo-piano-zed-14-2-la-supercompatta\/","name":"IM FOKUS: ZED 14.2, kompakter geht\u2019s nicht - CTE","isPartOf":{"@id":"https:\/\/staging.ctelift.com\/#website"},"primaryImageOfPage":{"@id":"https:\/\/staging.ctelift.com\/de\/primo-piano-zed-14-2-la-supercompatta\/#primaryimage"},"image":{"@id":"https:\/\/staging.ctelift.com\/de\/primo-piano-zed-14-2-la-supercompatta\/#primaryimage"},"thumbnailUrl":"https:\/\/staging.ctelift.com\/wp-content\/uploads\/importer\/1_2292_L0_I2_DSC02490.JPG","datePublished":"2014-02-05T10:00:00+00:00","dateModified":"2015-12-17T10:03:31+00:00","author":{"@id":"https:\/\/staging.ctelift.com\/#\/schema\/person\/b83f56a5bd85503f355fa1544c350ab9"},"breadcrumb":{"@id":"https:\/\/staging.ctelift.com\/de\/primo-piano-zed-14-2-la-supercompatta\/#breadcrumb"},"inLanguage":"de","potentialAction":[{"@type":"ReadAction","target":["https:\/\/staging.ctelift.com\/de\/primo-piano-zed-14-2-la-supercompatta\/"]}]},{"@type":"ImageObject","inLanguage":"de","@id":"https:\/\/staging.ctelift.com\/de\/primo-piano-zed-14-2-la-supercompatta\/#primaryimage","url":"https:\/\/staging.ctelift.com\/wp-content\/uploads\/importer\/1_2292_L0_I2_DSC02490.JPG","contentUrl":"https:\/\/staging.ctelift.com\/wp-content\/uploads\/importer\/1_2292_L0_I2_DSC02490.JPG","width":1920,"height":1080},{"@type":"BreadcrumbList","@id":"https:\/\/staging.ctelift.com\/de\/primo-piano-zed-14-2-la-supercompatta\/#breadcrumb","itemListElement":[{"@type":"ListItem","position":1,"name":"Home","item":"https:\/\/staging.ctelift.com\/de\/"},{"@type":"ListItem","position":2,"name":"IM FOKUS: ZED 14.2, kompakter geht\u2019s nicht"}]},{"@type":"WebSite","@id":"https:\/\/staging.ctelift.com\/#website","url":"https:\/\/staging.ctelift.com\/","name":"CTE","description":"work becomes easy","potentialAction":[{"@type":"SearchAction","target":{"@type":"EntryPoint","urlTemplate":"https:\/\/staging.ctelift.com\/?s={search_term_string}"},"query-input":{"@type":"PropertyValueSpecification","valueRequired":true,"valueName":"search_term_string"}}],"inLanguage":"de"},{"@type":"Person","@id":"https:\/\/staging.ctelift.com\/#\/schema\/person\/b83f56a5bd85503f355fa1544c350ab9","name":"cteuser","url":"https:\/\/staging.ctelift.com\/de\/author\/cteuser\/"}]}},"_links":{"self":[{"href":"https:\/\/staging.ctelift.com\/de\/wp-json\/wp\/v2\/posts\/17000","targetHints":{"allow":["GET"]}}],"collection":[{"href":"https:\/\/staging.ctelift.com\/de\/wp-json\/wp\/v2\/posts"}],"about":[{"href":"https:\/\/staging.ctelift.com\/de\/wp-json\/wp\/v2\/types\/post"}],"author":[{"embeddable":true,"href":"https:\/\/staging.ctelift.com\/de\/wp-json\/wp\/v2\/users\/2"}],"replies":[{"embeddable":true,"href":"https:\/\/staging.ctelift.com\/de\/wp-json\/wp\/v2\/comments?post=17000"}],"version-history":[{"count":2,"href":"https:\/\/staging.ctelift.com\/de\/wp-json\/wp\/v2\/posts\/17000\/revisions"}],"predecessor-version":[{"id":17002,"href":"https:\/\/staging.ctelift.com\/de\/wp-json\/wp\/v2\/posts\/17000\/revisions\/17002"}],"wp:featuredmedia":[{"embeddable":true,"href":"https:\/\/staging.ctelift.com\/de\/wp-json\/wp\/v2\/media\/8678"}],"wp:attachment":[{"href":"https:\/\/staging.ctelift.com\/de\/wp-json\/wp\/v2\/media?parent=17000"}],"wp:term":[{"taxonomy":"category","embeddable":true,"href":"https:\/\/staging.ctelift.com\/de\/wp-json\/wp\/v2\/categories?post=17000"},{"taxonomy":"post_tag","embeddable":true,"href":"https:\/\/staging.ctelift.com\/de\/wp-json\/wp\/v2\/tags?post=17000"}],"curies":[{"name":"wp","href":"https:\/\/api.w.org\/{rel}","templated":true}]}}