{"id":17056,"date":"2013-07-15T17:00:00","date_gmt":"2013-07-15T15:00:00","guid":{"rendered":"https:\/\/www.ctelift.com\/de\/2013\/07\/15\/people-on-the-market-michele-brucoli-di-aerea-sud-bari\/"},"modified":"2015-12-17T12:04:10","modified_gmt":"2015-12-17T11:04:10","slug":"people-on-the-market-michele-brucoli-di-aerea-sud-bari","status":"publish","type":"post","link":"https:\/\/staging.ctelift.com\/de\/people-on-the-market-michele-brucoli-di-aerea-sud-bari\/","title":{"rendered":"LEUTE: INTERVIEW mit Michele Brucoli und sein Unternehmen Aerea Sud in Bari (Italien)"},"content":{"rendered":"<p>1986 gegr\u00fcndet, ist <strong>Aerea Sud<\/strong> in den Bereichen Vermietung, Verkauf und Kundendienst f\u00fcr Hubarbeitsb\u00fchnen t\u00e4tig. Im Zuge seiner Expansion hat das Unternehmen besonderen Wert auf die Kultur der Sicherheit in der H\u00f6henarbeit gelegt.<\/p>\n<p><strong>INTERVIEW:<\/strong><br \/>\n<strong>1. Worin besteht Ihre Hauptt\u00e4tigkeit?<\/strong><br \/>\nWir sind in der Vermietung und dem Verkauf von Hubarbeitsb\u00fchnen und im Kundendienst t\u00e4tig.<\/p>\n<p><strong>2. Wie lange arbeiten Sie schon in der Branche?<\/strong><br \/>\nWir haben 1986 begonnen.<\/p>\n<p><strong>3. Wie hat sich das Unternehmen im Laufe der Jahre entwickelt?<\/strong><br \/>\nDie Entwicklung war langsam, aber stetig. Wir waren immer auf der Suche nach neuen Technologien im Bereich des Personen- und Materialhubs. In der Zwischenzeit haben wir auch komplement\u00e4re T\u00e4tigkeiten gestartet, um den verschiedensten Anforderungen des Marktes gerecht zu werden, und haben unsere Ressourcen bestm\u00f6glich eingesetzt.<\/p>\n<p><strong>4. In welchen geographischen Gebieten ist Ihr Betrieb t\u00e4tig?<\/strong><br \/>\nAerea Sud bedient die italienischen Regionen Apulien, Kampanien, Kalabrien und Sizilien sowie alle an der Adria gelegenen Regionen. In einem kleinen Rahmen sind wir auch im Ausland t\u00e4tig.<\/p>\n<p><strong>5. Wie ist Ihre Beziehung zu den Mitbewerbern? Treten sie auf dem Markt als wettbewerbsbewusster, dynamischer Anbieter auf?<\/strong><br \/>\nIch k\u00fcmmere mich nicht allzu sehr um die Konkurrenz, denn ich bin fest davon \u00fcberzeugt, dass jedes Unternehmen seinen eigenen Weg gehen muss. Mein Ziel ist es, die Qualit\u00e4t meines Betriebs stets zu verbessern, um den Kunden einen immer kompetitiveren und technisch hochwertigeren Service bieten zu k\u00f6nnen.<\/p>\n<p><strong>6. Wie hat sich der Markt in der letzten Zeit entwickelt?<\/strong><br \/>\nDie Verk\u00e4ufe gehen zur\u00fcck und es werden vermehrt Maschinen angemietet. Das ist eine in Krisenzeiten ganz normale Entwicklung.<\/p>\n<p><strong>7. Wie ist Ihr Kundendienst organisiert?<\/strong><br \/>\nWir widmen dem Ankauf unserer Maschinen besondere Aufmerksamkeit und verlangen von den Herstellern Zuverl\u00e4ssigkeit, Sicherheit, kontinuierliches Monitoring und Wartung. Aber nat\u00fcrlich ist niemand perfekt, deshalb garantieren wir st\u00e4ndige telefonische Erreichbarkeit unserer Techniker und eine mobile \u201c\u2019Werkst\u00e4tte\u201d, die fast ausschlie\u00dflich in Apulien Reparatureins\u00e4tze durchf\u00fchrt. Au\u00dferhalb der Region bedienen wir uns der Kooperation externer Fachbetriebe.<\/p>\n<p><strong>8. Wie gro\u00df ist Ihr Maschinenpark?<\/strong><br \/>\nUnsere Flotte besteht aus 146 Maschinen verschiedenster Technologie f\u00fcr den Personen- und Materialhub.<\/p>\n<p><strong>9. Welche Typen von Maschinen f\u00fchren Sie?<\/strong><br \/>\nLkw-B\u00fchnen, selbstfahrende Elektro- und Dieselb\u00fchnen, Raupenarbeitsb\u00fchnen, Autokrane, Lkw-Leitern, Minibagger, elektrische selbsthebende Ger\u00fcste, Stromerzeuger, Teleskopstapler und Rotationsstapler sowie verschiedenste Ausr\u00fcstungen f\u00fcr den Bau.<\/p>\n<p><strong>10. Wie lautet Ihr &#8222;Rezept&#8220;? Welche Werte verfolgen Sie bei Ihrer t\u00e4glichen Arbeit?<\/strong><br \/>\nIch habe das Ziel, meinen Kindern eines Tages einen Betrieb zu \u00fcbergeben, der ihnen dieselbe Befriedigung verschafft, wie ich sie erleben durfte.<\/p>\n<p><strong>11. Wie viele CTE-B\u00fchnen besitzen Sie?<\/strong><br \/>\nWenn man die verschiedenen Brands von CTE und die Effer-Krane zusammenrechnet, haben wir insgesamt 21 Lkw-Arbeitsb\u00fchnen, Lkw-Leitern, Selbstfahrer und Krane.<\/p>\n<p><strong>12. Warum haben Sie sich f\u00fcr CTE-Arbeitsb\u00fchnen entschieden?<\/strong><br \/>\nWenn ein Kunde bereits eine CTE-B\u00fchne verwendet hat, verlangt er danach wieder ein CTE-Produkt, weil er die Funktionsweise kennt. Eine wichtige Rolle spielt auch das dichte CTE-Vertriebsnetz in ganz Italien.<\/p>\n<p><strong>13. Welche Eigenschaften der CTE-Arbeitsb\u00fchnen \u00fcberzeugen besonders?<\/strong><br \/>\nIch glaube nicht, dass es spezifische Eigenschaften gibt, sie sind einfach die meistverlangten, meistverwendeten und \u00fcberzeugendsten Maschinen im Industrieanlagenbereich.<\/p>\n<p><strong>14. Worauf achten Ihre Kunden, wenn sie eine Arbeitsb\u00fchne mieten? Was beeinflusst heute ihre Wahl?<\/strong><br \/>\nIn den letzten Jahren ist leider der Preis ma\u00dfgeblich f\u00fcr die Entscheidung.<\/p>\n<p><strong>PERS\u00d6NLICHE FRAGEN:<\/strong><\/p>\n<p><strong>16. Vermieter ist Ihr Beruf, aber was sind Ihre Hobbies?<\/strong><br \/>\nMein Beruf ist mein Hobby.<\/p>\n<p><strong>17. Gibt es Ber\u00fchrungspunkte zwischen Ihrem Hobby und Ihrer Arbeit?<\/strong><br \/>\nAuf jeden Fall, ich w\u00fcrde sagen, immer.<\/p>\n<p><strong>18. Was war Ihr gr\u00f6\u00dftes Erfolgserlebnis im beruflichen und privaten Bereich?<\/strong><br \/>\nBeruflich bin ich stolz, einer der ersten in Italien gewesen zu sein, die an Hubarbeitsb\u00fchnen geglaubt haben, als diese lediglich als \u201cneue Technologien\u201d betrachtet wurden. Ich habe mein ganzes Leben in diese extrem wichtige Entscheidung investiert und viel aufs Spiel gesetzt. Vor allem habe ich einen so genannten sicheren Beruf als Werkzeugmaschinentechniker bei einem der wichtigsten Player Italiens aufgegeben, um mich einer zun\u00e4chst unsicheren T\u00e4tigkeit zu widmen, an die ich aber fest glaubte.<br \/>\nPrivat ist die gr\u00f6\u00dfte Befriedigung, dass ich einen Beitrag zur Verbreitung einer Kultur der Sicherheit in der H\u00f6henarbeit geleistet habe und dass meine Kinder Tina, Cristina und Giuseppe die Herausforderung \u00fcbernehmen und die Befriedigung haben werden, ihrerseits dieses Werte zu pflegen und weiterzugeben.<\/p>\n<p>Mehr info: www.aereasud.it<\/p>\n","protected":false},"excerpt":{"rendered":"<p>1986 gegr\u00fcndet, ist Aerea Sud in den Bereichen Vermietung, Verkauf und Kundendienst f\u00fcr Hubarbeitsb\u00fchnen t\u00e4tig. Im Zuge seiner Expansion hat das Unternehmen besonderen Wert auf die Kultur der Sicherheit in der H\u00f6henarbeit gelegt. INTERVIEW: 1. Worin besteht Ihre Hauptt\u00e4tigkeit? Wir sind in der Vermietung und dem Verkauf von Hubarbeitsb\u00fchnen und im Kundendienst t\u00e4tig. 2. Wie [&hellip;]<\/p>\n","protected":false},"author":2,"featured_media":8886,"comment_status":"open","ping_status":"open","sticky":false,"template":"","format":"standard","meta":{"_acf_changed":false,"_et_pb_use_builder":"","_et_pb_old_content":"","_et_gb_content_width":"","footnotes":""},"categories":[195],"tags":[],"class_list":["post-17056","post","type-post","status-publish","format-standard","has-post-thumbnail","hentry","category-magazine-easy-de"],"acf":[],"yoast_head":"<!-- This site is optimized with the Yoast SEO plugin v28.1 - https:\/\/yoast.com\/product\/yoast-seo-wordpress\/ -->\n<title>LEUTE: INTERVIEW mit Michele Brucoli und sein Unternehmen Aerea Sud in Bari (Italien) - CTE<\/title>\n<meta name=\"robots\" content=\"noindex, follow, max-snippet:-1, max-image-preview:large, max-video-preview:-1\" \/>\n<meta property=\"og:locale\" content=\"de_DE\" \/>\n<meta property=\"og:type\" content=\"article\" \/>\n<meta property=\"og:title\" content=\"LEUTE: INTERVIEW mit Michele Brucoli und sein Unternehmen Aerea Sud in Bari (Italien) - CTE\" \/>\n<meta property=\"og:description\" content=\"1986 gegr\u00fcndet, ist Aerea Sud in den Bereichen Vermietung, Verkauf und Kundendienst f\u00fcr Hubarbeitsb\u00fchnen t\u00e4tig. Im Zuge seiner Expansion hat das Unternehmen besonderen Wert auf die Kultur der Sicherheit in der H\u00f6henarbeit gelegt. INTERVIEW: 1. Worin besteht Ihre Hauptt\u00e4tigkeit? Wir sind in der Vermietung und dem Verkauf von Hubarbeitsb\u00fchnen und im Kundendienst t\u00e4tig. 2. Wie [&hellip;]\" \/>\n<meta property=\"og:url\" content=\"https:\/\/staging.ctelift.com\/de\/people-on-the-market-michele-brucoli-di-aerea-sud-bari\/\" \/>\n<meta property=\"og:site_name\" content=\"CTE\" \/>\n<meta property=\"article:published_time\" content=\"2013-07-15T15:00:00+00:00\" \/>\n<meta property=\"article:modified_time\" content=\"2015-12-17T11:04:10+00:00\" \/>\n<meta property=\"og:image\" content=\"https:\/\/staging.ctelift.com\/wp-content\/uploads\/importer\/1_2066_L0_I2_brucoli%202-scaled.jpg\" \/>\n\t<meta property=\"og:image:width\" content=\"1920\" \/>\n\t<meta property=\"og:image:height\" content=\"2560\" \/>\n\t<meta property=\"og:image:type\" content=\"image\/jpeg\" \/>\n<meta name=\"author\" content=\"cteuser\" \/>\n<meta name=\"twitter:card\" content=\"summary_large_image\" \/>\n<meta name=\"twitter:label1\" content=\"Verfasst von\" \/>\n\t<meta name=\"twitter:data1\" content=\"cteuser\" \/>\n\t<meta name=\"twitter:label2\" content=\"Gesch\u00e4tzte Lesezeit\" \/>\n\t<meta name=\"twitter:data2\" content=\"4\u00a0Minuten\" \/>\n<script type=\"application\/ld+json\" class=\"yoast-schema-graph\">{\"@context\":\"https:\\\/\\\/schema.org\",\"@graph\":[{\"@type\":\"Article\",\"@id\":\"https:\\\/\\\/staging.ctelift.com\\\/de\\\/people-on-the-market-michele-brucoli-di-aerea-sud-bari\\\/#article\",\"isPartOf\":{\"@id\":\"https:\\\/\\\/staging.ctelift.com\\\/de\\\/people-on-the-market-michele-brucoli-di-aerea-sud-bari\\\/\"},\"author\":{\"name\":\"cteuser\",\"@id\":\"https:\\\/\\\/staging.ctelift.com\\\/#\\\/schema\\\/person\\\/b83f56a5bd85503f355fa1544c350ab9\"},\"headline\":\"LEUTE: INTERVIEW mit Michele Brucoli und sein Unternehmen Aerea Sud in Bari (Italien)\",\"datePublished\":\"2013-07-15T15:00:00+00:00\",\"dateModified\":\"2015-12-17T11:04:10+00:00\",\"mainEntityOfPage\":{\"@id\":\"https:\\\/\\\/staging.ctelift.com\\\/de\\\/people-on-the-market-michele-brucoli-di-aerea-sud-bari\\\/\"},\"wordCount\":723,\"commentCount\":0,\"image\":{\"@id\":\"https:\\\/\\\/staging.ctelift.com\\\/de\\\/people-on-the-market-michele-brucoli-di-aerea-sud-bari\\\/#primaryimage\"},\"thumbnailUrl\":\"https:\\\/\\\/staging.ctelift.com\\\/wp-content\\\/uploads\\\/importer\\\/1_2066_L0_I2_brucoli 2-scaled.jpg\",\"articleSection\":[\"Magazine EASY\"],\"inLanguage\":\"de\",\"potentialAction\":[{\"@type\":\"CommentAction\",\"name\":\"Comment\",\"target\":[\"https:\\\/\\\/staging.ctelift.com\\\/de\\\/people-on-the-market-michele-brucoli-di-aerea-sud-bari\\\/#respond\"]}]},{\"@type\":\"WebPage\",\"@id\":\"https:\\\/\\\/staging.ctelift.com\\\/de\\\/people-on-the-market-michele-brucoli-di-aerea-sud-bari\\\/\",\"url\":\"https:\\\/\\\/staging.ctelift.com\\\/de\\\/people-on-the-market-michele-brucoli-di-aerea-sud-bari\\\/\",\"name\":\"LEUTE: INTERVIEW mit Michele Brucoli und sein Unternehmen Aerea Sud in Bari (Italien) - CTE\",\"isPartOf\":{\"@id\":\"https:\\\/\\\/staging.ctelift.com\\\/#website\"},\"primaryImageOfPage\":{\"@id\":\"https:\\\/\\\/staging.ctelift.com\\\/de\\\/people-on-the-market-michele-brucoli-di-aerea-sud-bari\\\/#primaryimage\"},\"image\":{\"@id\":\"https:\\\/\\\/staging.ctelift.com\\\/de\\\/people-on-the-market-michele-brucoli-di-aerea-sud-bari\\\/#primaryimage\"},\"thumbnailUrl\":\"https:\\\/\\\/staging.ctelift.com\\\/wp-content\\\/uploads\\\/importer\\\/1_2066_L0_I2_brucoli 2-scaled.jpg\",\"datePublished\":\"2013-07-15T15:00:00+00:00\",\"dateModified\":\"2015-12-17T11:04:10+00:00\",\"author\":{\"@id\":\"https:\\\/\\\/staging.ctelift.com\\\/#\\\/schema\\\/person\\\/b83f56a5bd85503f355fa1544c350ab9\"},\"breadcrumb\":{\"@id\":\"https:\\\/\\\/staging.ctelift.com\\\/de\\\/people-on-the-market-michele-brucoli-di-aerea-sud-bari\\\/#breadcrumb\"},\"inLanguage\":\"de\",\"potentialAction\":[{\"@type\":\"ReadAction\",\"target\":[\"https:\\\/\\\/staging.ctelift.com\\\/de\\\/people-on-the-market-michele-brucoli-di-aerea-sud-bari\\\/\"]}]},{\"@type\":\"ImageObject\",\"inLanguage\":\"de\",\"@id\":\"https:\\\/\\\/staging.ctelift.com\\\/de\\\/people-on-the-market-michele-brucoli-di-aerea-sud-bari\\\/#primaryimage\",\"url\":\"https:\\\/\\\/staging.ctelift.com\\\/wp-content\\\/uploads\\\/importer\\\/1_2066_L0_I2_brucoli 2-scaled.jpg\",\"contentUrl\":\"https:\\\/\\\/staging.ctelift.com\\\/wp-content\\\/uploads\\\/importer\\\/1_2066_L0_I2_brucoli 2-scaled.jpg\",\"width\":1920,\"height\":2560},{\"@type\":\"BreadcrumbList\",\"@id\":\"https:\\\/\\\/staging.ctelift.com\\\/de\\\/people-on-the-market-michele-brucoli-di-aerea-sud-bari\\\/#breadcrumb\",\"itemListElement\":[{\"@type\":\"ListItem\",\"position\":1,\"name\":\"Home\",\"item\":\"https:\\\/\\\/staging.ctelift.com\\\/de\\\/\"},{\"@type\":\"ListItem\",\"position\":2,\"name\":\"LEUTE: INTERVIEW mit Michele Brucoli und sein Unternehmen Aerea Sud in Bari (Italien)\"}]},{\"@type\":\"WebSite\",\"@id\":\"https:\\\/\\\/staging.ctelift.com\\\/#website\",\"url\":\"https:\\\/\\\/staging.ctelift.com\\\/\",\"name\":\"CTE\",\"description\":\"work becomes easy\",\"potentialAction\":[{\"@type\":\"SearchAction\",\"target\":{\"@type\":\"EntryPoint\",\"urlTemplate\":\"https:\\\/\\\/staging.ctelift.com\\\/?s={search_term_string}\"},\"query-input\":{\"@type\":\"PropertyValueSpecification\",\"valueRequired\":true,\"valueName\":\"search_term_string\"}}],\"inLanguage\":\"de\"},{\"@type\":\"Person\",\"@id\":\"https:\\\/\\\/staging.ctelift.com\\\/#\\\/schema\\\/person\\\/b83f56a5bd85503f355fa1544c350ab9\",\"name\":\"cteuser\",\"url\":\"https:\\\/\\\/staging.ctelift.com\\\/de\\\/author\\\/cteuser\\\/\"}]}<\/script>\n<!-- \/ Yoast SEO plugin. -->","yoast_head_json":{"title":"LEUTE: INTERVIEW mit Michele Brucoli und sein Unternehmen Aerea Sud in Bari (Italien) - CTE","robots":{"index":"noindex","follow":"follow","max-snippet":"max-snippet:-1","max-image-preview":"max-image-preview:large","max-video-preview":"max-video-preview:-1"},"og_locale":"de_DE","og_type":"article","og_title":"LEUTE: INTERVIEW mit Michele Brucoli und sein Unternehmen Aerea Sud in Bari (Italien) - CTE","og_description":"1986 gegr\u00fcndet, ist Aerea Sud in den Bereichen Vermietung, Verkauf und Kundendienst f\u00fcr Hubarbeitsb\u00fchnen t\u00e4tig. Im Zuge seiner Expansion hat das Unternehmen besonderen Wert auf die Kultur der Sicherheit in der H\u00f6henarbeit gelegt. INTERVIEW: 1. Worin besteht Ihre Hauptt\u00e4tigkeit? Wir sind in der Vermietung und dem Verkauf von Hubarbeitsb\u00fchnen und im Kundendienst t\u00e4tig. 2. Wie [&hellip;]","og_url":"https:\/\/staging.ctelift.com\/de\/people-on-the-market-michele-brucoli-di-aerea-sud-bari\/","og_site_name":"CTE","article_published_time":"2013-07-15T15:00:00+00:00","article_modified_time":"2015-12-17T11:04:10+00:00","og_image":[{"width":1920,"height":2560,"url":"https:\/\/staging.ctelift.com\/wp-content\/uploads\/importer\/1_2066_L0_I2_brucoli 2-scaled.jpg","type":"image\/jpeg"}],"author":"cteuser","twitter_card":"summary_large_image","twitter_misc":{"Verfasst von":"cteuser","Gesch\u00e4tzte Lesezeit":"4\u00a0Minuten"},"schema":{"@context":"https:\/\/schema.org","@graph":[{"@type":"Article","@id":"https:\/\/staging.ctelift.com\/de\/people-on-the-market-michele-brucoli-di-aerea-sud-bari\/#article","isPartOf":{"@id":"https:\/\/staging.ctelift.com\/de\/people-on-the-market-michele-brucoli-di-aerea-sud-bari\/"},"author":{"name":"cteuser","@id":"https:\/\/staging.ctelift.com\/#\/schema\/person\/b83f56a5bd85503f355fa1544c350ab9"},"headline":"LEUTE: INTERVIEW mit Michele Brucoli und sein Unternehmen Aerea Sud in Bari (Italien)","datePublished":"2013-07-15T15:00:00+00:00","dateModified":"2015-12-17T11:04:10+00:00","mainEntityOfPage":{"@id":"https:\/\/staging.ctelift.com\/de\/people-on-the-market-michele-brucoli-di-aerea-sud-bari\/"},"wordCount":723,"commentCount":0,"image":{"@id":"https:\/\/staging.ctelift.com\/de\/people-on-the-market-michele-brucoli-di-aerea-sud-bari\/#primaryimage"},"thumbnailUrl":"https:\/\/staging.ctelift.com\/wp-content\/uploads\/importer\/1_2066_L0_I2_brucoli 2-scaled.jpg","articleSection":["Magazine EASY"],"inLanguage":"de","potentialAction":[{"@type":"CommentAction","name":"Comment","target":["https:\/\/staging.ctelift.com\/de\/people-on-the-market-michele-brucoli-di-aerea-sud-bari\/#respond"]}]},{"@type":"WebPage","@id":"https:\/\/staging.ctelift.com\/de\/people-on-the-market-michele-brucoli-di-aerea-sud-bari\/","url":"https:\/\/staging.ctelift.com\/de\/people-on-the-market-michele-brucoli-di-aerea-sud-bari\/","name":"LEUTE: INTERVIEW mit Michele Brucoli und sein Unternehmen Aerea Sud in Bari (Italien) - CTE","isPartOf":{"@id":"https:\/\/staging.ctelift.com\/#website"},"primaryImageOfPage":{"@id":"https:\/\/staging.ctelift.com\/de\/people-on-the-market-michele-brucoli-di-aerea-sud-bari\/#primaryimage"},"image":{"@id":"https:\/\/staging.ctelift.com\/de\/people-on-the-market-michele-brucoli-di-aerea-sud-bari\/#primaryimage"},"thumbnailUrl":"https:\/\/staging.ctelift.com\/wp-content\/uploads\/importer\/1_2066_L0_I2_brucoli 2-scaled.jpg","datePublished":"2013-07-15T15:00:00+00:00","dateModified":"2015-12-17T11:04:10+00:00","author":{"@id":"https:\/\/staging.ctelift.com\/#\/schema\/person\/b83f56a5bd85503f355fa1544c350ab9"},"breadcrumb":{"@id":"https:\/\/staging.ctelift.com\/de\/people-on-the-market-michele-brucoli-di-aerea-sud-bari\/#breadcrumb"},"inLanguage":"de","potentialAction":[{"@type":"ReadAction","target":["https:\/\/staging.ctelift.com\/de\/people-on-the-market-michele-brucoli-di-aerea-sud-bari\/"]}]},{"@type":"ImageObject","inLanguage":"de","@id":"https:\/\/staging.ctelift.com\/de\/people-on-the-market-michele-brucoli-di-aerea-sud-bari\/#primaryimage","url":"https:\/\/staging.ctelift.com\/wp-content\/uploads\/importer\/1_2066_L0_I2_brucoli 2-scaled.jpg","contentUrl":"https:\/\/staging.ctelift.com\/wp-content\/uploads\/importer\/1_2066_L0_I2_brucoli 2-scaled.jpg","width":1920,"height":2560},{"@type":"BreadcrumbList","@id":"https:\/\/staging.ctelift.com\/de\/people-on-the-market-michele-brucoli-di-aerea-sud-bari\/#breadcrumb","itemListElement":[{"@type":"ListItem","position":1,"name":"Home","item":"https:\/\/staging.ctelift.com\/de\/"},{"@type":"ListItem","position":2,"name":"LEUTE: INTERVIEW mit Michele Brucoli und sein Unternehmen Aerea Sud in Bari (Italien)"}]},{"@type":"WebSite","@id":"https:\/\/staging.ctelift.com\/#website","url":"https:\/\/staging.ctelift.com\/","name":"CTE","description":"work becomes easy","potentialAction":[{"@type":"SearchAction","target":{"@type":"EntryPoint","urlTemplate":"https:\/\/staging.ctelift.com\/?s={search_term_string}"},"query-input":{"@type":"PropertyValueSpecification","valueRequired":true,"valueName":"search_term_string"}}],"inLanguage":"de"},{"@type":"Person","@id":"https:\/\/staging.ctelift.com\/#\/schema\/person\/b83f56a5bd85503f355fa1544c350ab9","name":"cteuser","url":"https:\/\/staging.ctelift.com\/de\/author\/cteuser\/"}]}},"_links":{"self":[{"href":"https:\/\/staging.ctelift.com\/de\/wp-json\/wp\/v2\/posts\/17056","targetHints":{"allow":["GET"]}}],"collection":[{"href":"https:\/\/staging.ctelift.com\/de\/wp-json\/wp\/v2\/posts"}],"about":[{"href":"https:\/\/staging.ctelift.com\/de\/wp-json\/wp\/v2\/types\/post"}],"author":[{"embeddable":true,"href":"https:\/\/staging.ctelift.com\/de\/wp-json\/wp\/v2\/users\/2"}],"replies":[{"embeddable":true,"href":"https:\/\/staging.ctelift.com\/de\/wp-json\/wp\/v2\/comments?post=17056"}],"version-history":[{"count":2,"href":"https:\/\/staging.ctelift.com\/de\/wp-json\/wp\/v2\/posts\/17056\/revisions"}],"predecessor-version":[{"id":17058,"href":"https:\/\/staging.ctelift.com\/de\/wp-json\/wp\/v2\/posts\/17056\/revisions\/17058"}],"wp:featuredmedia":[{"embeddable":true,"href":"https:\/\/staging.ctelift.com\/de\/wp-json\/wp\/v2\/media\/8886"}],"wp:attachment":[{"href":"https:\/\/staging.ctelift.com\/de\/wp-json\/wp\/v2\/media?parent=17056"}],"wp:term":[{"taxonomy":"category","embeddable":true,"href":"https:\/\/staging.ctelift.com\/de\/wp-json\/wp\/v2\/categories?post=17056"},{"taxonomy":"post_tag","embeddable":true,"href":"https:\/\/staging.ctelift.com\/de\/wp-json\/wp\/v2\/tags?post=17056"}],"curies":[{"name":"wp","href":"https:\/\/api.w.org\/{rel}","templated":true}]}}