{"id":17060,"date":"2013-07-15T16:00:00","date_gmt":"2013-07-15T14:00:00","guid":{"rendered":"https:\/\/www.ctelift.com\/de\/2013\/07\/15\/primo-piano-la-stabilizzazione-e-variabile\/"},"modified":"2015-12-17T12:06:53","modified_gmt":"2015-12-17T11:06:53","slug":"primo-piano-la-stabilizzazione-e-variabile","status":"publish","type":"post","link":"https:\/\/staging.ctelift.com\/de\/primo-piano-la-stabilizzazione-e-variabile\/","title":{"rendered":"IM FOKUS &#8211; Neu mit variabler Abst\u00fctzung"},"content":{"rendered":"<p>Stellen Sie sich vor: Eine stark befahrene Stra\u00dfe, vielleicht ein wenig eng, und Sie haben die Aufgabe, die Stra\u00dfenbeleuchtung zu warten\u2026 eine gewaltige Herausforderung, es sei denn, man ben\u00fctzt dazu die Nachtstunden! Oder aber Sie verwenden eine <strong>Arbeitsb\u00fchne mit variabler Abst\u00fctzung<\/strong>. Auf diese Weise blockiert Ihr Lkw nur einen kleinen Teil der Fahrbahn, da er sich einseitig oder in Fahrzeugbreite abst\u00fctzen l\u00e4sst.<\/p>\n<p><strong>CTE<\/strong> bietet die gesamte Palette <strong>B-Lift pro-easy<\/strong>, also mit <strong>Arbeitsh\u00f6hen von 14,6 m bis 22,5 m<\/strong>, serienm\u00e4\u00dfig mit variabler Abst\u00fctzung an, und zwar in <strong>vier verschiedenen Varianten<\/strong>: in Fahrzeugbreite, nur rechts, nur links oder beidseitig ausgefahren. So kann der Bediener mit einem einzigen Befehl auf engen Stellen abst\u00fctzen &#8211; ein klarer Vorteil gegen\u00fcber Maschinen mit nur einer Abst\u00fctzvariante. In diesem speziellen Fall erm\u00f6glicht die Abst\u00fctzung in Fahrzeugbreite Eins\u00e4tze in engen Umgebungen wie etwa auf Stra\u00dfen oder f\u00fcr Baumschneidearbeiten. Mit nur rechts oder links ausgefahrenen St\u00fctzen kann in der Stra\u00dfenmitte, auf \u00f6ffentlichen Fl\u00e4chen, in Wohnhausanlagen und an Orten mit begrenzten Raumverh\u00e4ltnissen gearbeitet werden.<\/p>\n<p>CASE HISTORY: CTE hat vor kurzem dank der erfolgreichen Zusammenarbeit mit dem brasilianischen H\u00e4ndler<strong> IMAP<\/strong> ( www.imap.com.br ) eine Teleskoparbeitsb\u00fchne B-Lift 201 an <strong>SRE Engenharia e Constru\u00e7\u00f5es Ltda<\/strong> ( www.sre.com.br ) in Brasilia (Brasilien) geliefert. Das Unternehmen ist in der Konstruktion und Wartung \u00f6ffentlicher Beleuchtungsanlagen und Weihnachtsbeleuchtung t\u00e4tig.<\/p>\n<p>Die Hubarbeitsb\u00fchne <strong>B-Lift 201<\/strong> erreicht eine Arbeitsh\u00f6he von 20 m, eine seitliche Reichweite von 9 m und eine Traglast von 200 kg. Die Kaufentscheidung fiel aufgrund ihrer Vielseitigkeit, der leichten Anwendung und der platzsparenden Einsatzm\u00f6glichkeiten auf Stra\u00dfen. Um die Maschine zu optimieren, lie\u00df das brasilianische Unternehmen insgesamt acht spezielle Werkzeugbeh\u00e4lter planen und herstellen, die an der B\u00fchne befestigt werden, und erhielt so ein \u201ema\u00dfgeschneidertes\u201c, genau an seine Bed\u00fcrfnisse angepasstes Produkt.<\/p>\n<p><strong>CTE<\/strong> bietet auch ein Modell der Lkw-B\u00fchne <strong>ZED<\/strong> mit variabler Abst\u00fctzung an: die <strong>ZED 20.2 HV<\/strong><\/p>\n<p align=\"justify\">\n","protected":false},"excerpt":{"rendered":"<p>Stellen Sie sich vor: Eine stark befahrene Stra\u00dfe, vielleicht ein wenig eng, und Sie haben die Aufgabe, die Stra\u00dfenbeleuchtung zu warten\u2026 eine gewaltige Herausforderung, es sei denn, man ben\u00fctzt dazu die Nachtstunden! Oder aber Sie verwenden eine Arbeitsb\u00fchne mit variabler Abst\u00fctzung. Auf diese Weise blockiert Ihr Lkw nur einen kleinen Teil der Fahrbahn, da er [&hellip;]<\/p>\n","protected":false},"author":2,"featured_media":8910,"comment_status":"open","ping_status":"open","sticky":false,"template":"","format":"standard","meta":{"_acf_changed":false,"_et_pb_use_builder":"","_et_pb_old_content":"","_et_gb_content_width":"","footnotes":""},"categories":[195],"tags":[],"class_list":["post-17060","post","type-post","status-publish","format-standard","has-post-thumbnail","hentry","category-magazine-easy-de"],"acf":[],"yoast_head":"<!-- This site is optimized with the Yoast SEO plugin v28.1 - https:\/\/yoast.com\/product\/yoast-seo-wordpress\/ -->\n<title>IM FOKUS - Neu mit variabler Abst\u00fctzung - CTE<\/title>\n<meta name=\"robots\" content=\"noindex, follow, max-snippet:-1, max-image-preview:large, max-video-preview:-1\" \/>\n<meta property=\"og:locale\" content=\"de_DE\" \/>\n<meta property=\"og:type\" content=\"article\" \/>\n<meta property=\"og:title\" content=\"IM FOKUS - Neu mit variabler Abst\u00fctzung - CTE\" \/>\n<meta property=\"og:description\" content=\"Stellen Sie sich vor: Eine stark befahrene Stra\u00dfe, vielleicht ein wenig eng, und Sie haben die Aufgabe, die Stra\u00dfenbeleuchtung zu warten\u2026 eine gewaltige Herausforderung, es sei denn, man ben\u00fctzt dazu die Nachtstunden! Oder aber Sie verwenden eine Arbeitsb\u00fchne mit variabler Abst\u00fctzung. Auf diese Weise blockiert Ihr Lkw nur einen kleinen Teil der Fahrbahn, da er [&hellip;]\" \/>\n<meta property=\"og:url\" content=\"https:\/\/staging.ctelift.com\/de\/primo-piano-la-stabilizzazione-e-variabile\/\" \/>\n<meta property=\"og:site_name\" content=\"CTE\" \/>\n<meta property=\"article:published_time\" content=\"2013-07-15T14:00:00+00:00\" \/>\n<meta property=\"article:modified_time\" content=\"2015-12-17T11:06:53+00:00\" \/>\n<meta property=\"og:image\" content=\"https:\/\/staging.ctelift.com\/wp-content\/uploads\/importer\/1_2062_L0_I2_fotos%20023.jpg\" \/>\n\t<meta property=\"og:image:width\" content=\"640\" \/>\n\t<meta property=\"og:image:height\" content=\"480\" \/>\n\t<meta property=\"og:image:type\" content=\"image\/jpeg\" \/>\n<meta name=\"author\" content=\"cteuser\" \/>\n<meta name=\"twitter:card\" content=\"summary_large_image\" \/>\n<meta name=\"twitter:label1\" content=\"Verfasst von\" \/>\n\t<meta name=\"twitter:data1\" content=\"cteuser\" \/>\n\t<meta name=\"twitter:label2\" content=\"Gesch\u00e4tzte Lesezeit\" \/>\n\t<meta name=\"twitter:data2\" content=\"2\u00a0Minuten\" \/>\n<script type=\"application\/ld+json\" class=\"yoast-schema-graph\">{\"@context\":\"https:\\\/\\\/schema.org\",\"@graph\":[{\"@type\":\"Article\",\"@id\":\"https:\\\/\\\/staging.ctelift.com\\\/de\\\/primo-piano-la-stabilizzazione-e-variabile\\\/#article\",\"isPartOf\":{\"@id\":\"https:\\\/\\\/staging.ctelift.com\\\/de\\\/primo-piano-la-stabilizzazione-e-variabile\\\/\"},\"author\":{\"name\":\"cteuser\",\"@id\":\"https:\\\/\\\/staging.ctelift.com\\\/#\\\/schema\\\/person\\\/b83f56a5bd85503f355fa1544c350ab9\"},\"headline\":\"IM FOKUS &#8211; Neu mit variabler Abst\u00fctzung\",\"datePublished\":\"2013-07-15T14:00:00+00:00\",\"dateModified\":\"2015-12-17T11:06:53+00:00\",\"mainEntityOfPage\":{\"@id\":\"https:\\\/\\\/staging.ctelift.com\\\/de\\\/primo-piano-la-stabilizzazione-e-variabile\\\/\"},\"wordCount\":336,\"commentCount\":0,\"image\":{\"@id\":\"https:\\\/\\\/staging.ctelift.com\\\/de\\\/primo-piano-la-stabilizzazione-e-variabile\\\/#primaryimage\"},\"thumbnailUrl\":\"https:\\\/\\\/staging.ctelift.com\\\/wp-content\\\/uploads\\\/importer\\\/1_2062_L0_I2_fotos 023.jpg\",\"articleSection\":[\"Magazine EASY\"],\"inLanguage\":\"de\",\"potentialAction\":[{\"@type\":\"CommentAction\",\"name\":\"Comment\",\"target\":[\"https:\\\/\\\/staging.ctelift.com\\\/de\\\/primo-piano-la-stabilizzazione-e-variabile\\\/#respond\"]}]},{\"@type\":\"WebPage\",\"@id\":\"https:\\\/\\\/staging.ctelift.com\\\/de\\\/primo-piano-la-stabilizzazione-e-variabile\\\/\",\"url\":\"https:\\\/\\\/staging.ctelift.com\\\/de\\\/primo-piano-la-stabilizzazione-e-variabile\\\/\",\"name\":\"IM FOKUS - Neu mit variabler Abst\u00fctzung - CTE\",\"isPartOf\":{\"@id\":\"https:\\\/\\\/staging.ctelift.com\\\/#website\"},\"primaryImageOfPage\":{\"@id\":\"https:\\\/\\\/staging.ctelift.com\\\/de\\\/primo-piano-la-stabilizzazione-e-variabile\\\/#primaryimage\"},\"image\":{\"@id\":\"https:\\\/\\\/staging.ctelift.com\\\/de\\\/primo-piano-la-stabilizzazione-e-variabile\\\/#primaryimage\"},\"thumbnailUrl\":\"https:\\\/\\\/staging.ctelift.com\\\/wp-content\\\/uploads\\\/importer\\\/1_2062_L0_I2_fotos 023.jpg\",\"datePublished\":\"2013-07-15T14:00:00+00:00\",\"dateModified\":\"2015-12-17T11:06:53+00:00\",\"author\":{\"@id\":\"https:\\\/\\\/staging.ctelift.com\\\/#\\\/schema\\\/person\\\/b83f56a5bd85503f355fa1544c350ab9\"},\"breadcrumb\":{\"@id\":\"https:\\\/\\\/staging.ctelift.com\\\/de\\\/primo-piano-la-stabilizzazione-e-variabile\\\/#breadcrumb\"},\"inLanguage\":\"de\",\"potentialAction\":[{\"@type\":\"ReadAction\",\"target\":[\"https:\\\/\\\/staging.ctelift.com\\\/de\\\/primo-piano-la-stabilizzazione-e-variabile\\\/\"]}]},{\"@type\":\"ImageObject\",\"inLanguage\":\"de\",\"@id\":\"https:\\\/\\\/staging.ctelift.com\\\/de\\\/primo-piano-la-stabilizzazione-e-variabile\\\/#primaryimage\",\"url\":\"https:\\\/\\\/staging.ctelift.com\\\/wp-content\\\/uploads\\\/importer\\\/1_2062_L0_I2_fotos 023.jpg\",\"contentUrl\":\"https:\\\/\\\/staging.ctelift.com\\\/wp-content\\\/uploads\\\/importer\\\/1_2062_L0_I2_fotos 023.jpg\",\"width\":640,\"height\":480},{\"@type\":\"BreadcrumbList\",\"@id\":\"https:\\\/\\\/staging.ctelift.com\\\/de\\\/primo-piano-la-stabilizzazione-e-variabile\\\/#breadcrumb\",\"itemListElement\":[{\"@type\":\"ListItem\",\"position\":1,\"name\":\"Home\",\"item\":\"https:\\\/\\\/staging.ctelift.com\\\/de\\\/\"},{\"@type\":\"ListItem\",\"position\":2,\"name\":\"IM FOKUS &#8211; Neu mit variabler Abst\u00fctzung\"}]},{\"@type\":\"WebSite\",\"@id\":\"https:\\\/\\\/staging.ctelift.com\\\/#website\",\"url\":\"https:\\\/\\\/staging.ctelift.com\\\/\",\"name\":\"CTE\",\"description\":\"work becomes easy\",\"potentialAction\":[{\"@type\":\"SearchAction\",\"target\":{\"@type\":\"EntryPoint\",\"urlTemplate\":\"https:\\\/\\\/staging.ctelift.com\\\/?s={search_term_string}\"},\"query-input\":{\"@type\":\"PropertyValueSpecification\",\"valueRequired\":true,\"valueName\":\"search_term_string\"}}],\"inLanguage\":\"de\"},{\"@type\":\"Person\",\"@id\":\"https:\\\/\\\/staging.ctelift.com\\\/#\\\/schema\\\/person\\\/b83f56a5bd85503f355fa1544c350ab9\",\"name\":\"cteuser\",\"url\":\"https:\\\/\\\/staging.ctelift.com\\\/de\\\/author\\\/cteuser\\\/\"}]}<\/script>\n<!-- \/ Yoast SEO plugin. -->","yoast_head_json":{"title":"IM FOKUS - Neu mit variabler Abst\u00fctzung - CTE","robots":{"index":"noindex","follow":"follow","max-snippet":"max-snippet:-1","max-image-preview":"max-image-preview:large","max-video-preview":"max-video-preview:-1"},"og_locale":"de_DE","og_type":"article","og_title":"IM FOKUS - Neu mit variabler Abst\u00fctzung - CTE","og_description":"Stellen Sie sich vor: Eine stark befahrene Stra\u00dfe, vielleicht ein wenig eng, und Sie haben die Aufgabe, die Stra\u00dfenbeleuchtung zu warten\u2026 eine gewaltige Herausforderung, es sei denn, man ben\u00fctzt dazu die Nachtstunden! Oder aber Sie verwenden eine Arbeitsb\u00fchne mit variabler Abst\u00fctzung. Auf diese Weise blockiert Ihr Lkw nur einen kleinen Teil der Fahrbahn, da er [&hellip;]","og_url":"https:\/\/staging.ctelift.com\/de\/primo-piano-la-stabilizzazione-e-variabile\/","og_site_name":"CTE","article_published_time":"2013-07-15T14:00:00+00:00","article_modified_time":"2015-12-17T11:06:53+00:00","og_image":[{"width":640,"height":480,"url":"https:\/\/staging.ctelift.com\/wp-content\/uploads\/importer\/1_2062_L0_I2_fotos 023.jpg","type":"image\/jpeg"}],"author":"cteuser","twitter_card":"summary_large_image","twitter_misc":{"Verfasst von":"cteuser","Gesch\u00e4tzte Lesezeit":"2\u00a0Minuten"},"schema":{"@context":"https:\/\/schema.org","@graph":[{"@type":"Article","@id":"https:\/\/staging.ctelift.com\/de\/primo-piano-la-stabilizzazione-e-variabile\/#article","isPartOf":{"@id":"https:\/\/staging.ctelift.com\/de\/primo-piano-la-stabilizzazione-e-variabile\/"},"author":{"name":"cteuser","@id":"https:\/\/staging.ctelift.com\/#\/schema\/person\/b83f56a5bd85503f355fa1544c350ab9"},"headline":"IM FOKUS &#8211; Neu mit variabler Abst\u00fctzung","datePublished":"2013-07-15T14:00:00+00:00","dateModified":"2015-12-17T11:06:53+00:00","mainEntityOfPage":{"@id":"https:\/\/staging.ctelift.com\/de\/primo-piano-la-stabilizzazione-e-variabile\/"},"wordCount":336,"commentCount":0,"image":{"@id":"https:\/\/staging.ctelift.com\/de\/primo-piano-la-stabilizzazione-e-variabile\/#primaryimage"},"thumbnailUrl":"https:\/\/staging.ctelift.com\/wp-content\/uploads\/importer\/1_2062_L0_I2_fotos 023.jpg","articleSection":["Magazine EASY"],"inLanguage":"de","potentialAction":[{"@type":"CommentAction","name":"Comment","target":["https:\/\/staging.ctelift.com\/de\/primo-piano-la-stabilizzazione-e-variabile\/#respond"]}]},{"@type":"WebPage","@id":"https:\/\/staging.ctelift.com\/de\/primo-piano-la-stabilizzazione-e-variabile\/","url":"https:\/\/staging.ctelift.com\/de\/primo-piano-la-stabilizzazione-e-variabile\/","name":"IM FOKUS - Neu mit variabler Abst\u00fctzung - CTE","isPartOf":{"@id":"https:\/\/staging.ctelift.com\/#website"},"primaryImageOfPage":{"@id":"https:\/\/staging.ctelift.com\/de\/primo-piano-la-stabilizzazione-e-variabile\/#primaryimage"},"image":{"@id":"https:\/\/staging.ctelift.com\/de\/primo-piano-la-stabilizzazione-e-variabile\/#primaryimage"},"thumbnailUrl":"https:\/\/staging.ctelift.com\/wp-content\/uploads\/importer\/1_2062_L0_I2_fotos 023.jpg","datePublished":"2013-07-15T14:00:00+00:00","dateModified":"2015-12-17T11:06:53+00:00","author":{"@id":"https:\/\/staging.ctelift.com\/#\/schema\/person\/b83f56a5bd85503f355fa1544c350ab9"},"breadcrumb":{"@id":"https:\/\/staging.ctelift.com\/de\/primo-piano-la-stabilizzazione-e-variabile\/#breadcrumb"},"inLanguage":"de","potentialAction":[{"@type":"ReadAction","target":["https:\/\/staging.ctelift.com\/de\/primo-piano-la-stabilizzazione-e-variabile\/"]}]},{"@type":"ImageObject","inLanguage":"de","@id":"https:\/\/staging.ctelift.com\/de\/primo-piano-la-stabilizzazione-e-variabile\/#primaryimage","url":"https:\/\/staging.ctelift.com\/wp-content\/uploads\/importer\/1_2062_L0_I2_fotos 023.jpg","contentUrl":"https:\/\/staging.ctelift.com\/wp-content\/uploads\/importer\/1_2062_L0_I2_fotos 023.jpg","width":640,"height":480},{"@type":"BreadcrumbList","@id":"https:\/\/staging.ctelift.com\/de\/primo-piano-la-stabilizzazione-e-variabile\/#breadcrumb","itemListElement":[{"@type":"ListItem","position":1,"name":"Home","item":"https:\/\/staging.ctelift.com\/de\/"},{"@type":"ListItem","position":2,"name":"IM FOKUS &#8211; Neu mit variabler Abst\u00fctzung"}]},{"@type":"WebSite","@id":"https:\/\/staging.ctelift.com\/#website","url":"https:\/\/staging.ctelift.com\/","name":"CTE","description":"work becomes easy","potentialAction":[{"@type":"SearchAction","target":{"@type":"EntryPoint","urlTemplate":"https:\/\/staging.ctelift.com\/?s={search_term_string}"},"query-input":{"@type":"PropertyValueSpecification","valueRequired":true,"valueName":"search_term_string"}}],"inLanguage":"de"},{"@type":"Person","@id":"https:\/\/staging.ctelift.com\/#\/schema\/person\/b83f56a5bd85503f355fa1544c350ab9","name":"cteuser","url":"https:\/\/staging.ctelift.com\/de\/author\/cteuser\/"}]}},"_links":{"self":[{"href":"https:\/\/staging.ctelift.com\/de\/wp-json\/wp\/v2\/posts\/17060","targetHints":{"allow":["GET"]}}],"collection":[{"href":"https:\/\/staging.ctelift.com\/de\/wp-json\/wp\/v2\/posts"}],"about":[{"href":"https:\/\/staging.ctelift.com\/de\/wp-json\/wp\/v2\/types\/post"}],"author":[{"embeddable":true,"href":"https:\/\/staging.ctelift.com\/de\/wp-json\/wp\/v2\/users\/2"}],"replies":[{"embeddable":true,"href":"https:\/\/staging.ctelift.com\/de\/wp-json\/wp\/v2\/comments?post=17060"}],"version-history":[{"count":2,"href":"https:\/\/staging.ctelift.com\/de\/wp-json\/wp\/v2\/posts\/17060\/revisions"}],"predecessor-version":[{"id":17062,"href":"https:\/\/staging.ctelift.com\/de\/wp-json\/wp\/v2\/posts\/17060\/revisions\/17062"}],"wp:featuredmedia":[{"embeddable":true,"href":"https:\/\/staging.ctelift.com\/de\/wp-json\/wp\/v2\/media\/8910"}],"wp:attachment":[{"href":"https:\/\/staging.ctelift.com\/de\/wp-json\/wp\/v2\/media?parent=17060"}],"wp:term":[{"taxonomy":"category","embeddable":true,"href":"https:\/\/staging.ctelift.com\/de\/wp-json\/wp\/v2\/categories?post=17060"},{"taxonomy":"post_tag","embeddable":true,"href":"https:\/\/staging.ctelift.com\/de\/wp-json\/wp\/v2\/tags?post=17060"}],"curies":[{"name":"wp","href":"https:\/\/api.w.org\/{rel}","templated":true}]}}