{"id":17077,"date":"2013-05-14T16:00:00","date_gmt":"2013-05-14T14:00:00","guid":{"rendered":"https:\/\/www.ctelift.com\/de\/2013\/05\/14\/primo-piano-la-stabilizzazione-diventa-variabile\/"},"modified":"2015-12-17T12:15:35","modified_gmt":"2015-12-17T11:15:35","slug":"primo-piano-la-stabilizzazione-diventa-variabile","status":"publish","type":"post","link":"https:\/\/staging.ctelift.com\/de\/primo-piano-la-stabilizzazione-diventa-variabile\/","title":{"rendered":"IM FOKUS &#8211; NOCH MEHR M\u00d6GLICHKEITEN MIT VARIABLER ABST\u00dcTZUNG"},"content":{"rendered":"<p><strong>Die Lkw-Arbeitsb\u00fchne ZED 20.2 HV passt sich verschiedensten Raum- und Traglasterfordernissen an und punktet mit vier verschiedenen Abst\u00fctzbereichen<\/strong><\/p>\n<p>Die <strong>Zed 20.2 HV,<\/strong> die bei der Bauma ihre Weltpremiere feierte, erreicht, wie schon der Name verr\u00e4t, eine Arbeitsh\u00f6he von 20 Metern, w\u00e4hrend der Zusatz .2 f\u00fcr technische Weiterentwicklung steht: der Ausleger im innovativen achteckigen Design aus einem neuen Material, dem ultrahochfesten Stahl Docol 1200 M, bietet ein optimales Verh\u00e4ltnis zwischen Performance und Gewicht.<\/p>\n<p>Die B\u00fchne verf\u00fcgt \u00fcber eine seitliche Reichweite von 9,2 m und eine Tragkraft von 300 kg (mit Lastmomentbegrenzung, ohne Korbwaage) im gesamten Arbeitsbereich, dank derer sich mit dieser Maschine viel mehr Gewicht in die H\u00f6he bringen l\u00e4sst (zwei, auch etwas st\u00e4rkere, Bediener samt Arbeitsger\u00e4ten).<\/p>\n<p>Das \u201cH\u201d wiederum steht f\u00fcr die von <strong>CTE<\/strong> patentierte hydraulisch-mechanische Abst\u00fctzung. Mit diesen Leistungen ist die <strong>ZED 20.2 HV<\/strong> einzigartig unter den mit B-F\u00fchrerschein lenkbaren Maschinen. Nun pr\u00e4sentierte CTE bei der BAUMA zus\u00e4tzlich zur Standardversion eine neue variable hydraulische Abst\u00fctzung (\u201cV\u201d).<\/p>\n<p>Damit hat der Bediener die Wahl zwischen vier Abst\u00fctzpositionen: in Fahrzeugbreite, breit, rechts schmal oder links schmal. So kann der Bediener mit einem einzigen Befehl auf engen Stellen (in Fahrzeugbreite &lt; 2,1 m) abst\u00fctzen &#8211; ein klarer Vorteil gegen\u00fcber Maschinen mit nur einer Abst\u00fctzposition und eine wichtige Funktion f\u00fcr Arbeiten auf Stra\u00dfen (Beleuchtung) oder Baumschneidearbeiten.<\/p>\n<p>Die <strong>ZED 20.2 HV<\/strong> erreicht auch mit Abst\u00fctzung in Fahrzeugbreite eine Tragkraft von 300 kg und einen Drehbereich von 360\u00b0 (der Arbeitsbereich ist je nach tats\u00e4chlicher Korblast verringert). Die Lastmomentbegrenzung erm\u00f6glicht bei einer auf 120 kg begrenzten Korblast auch bei Abst\u00fctzung in Fahrzeugbreite eine maximale seitliche Reichweite von 9,2 m.<\/p>\n","protected":false},"excerpt":{"rendered":"<p>Die Lkw-Arbeitsb\u00fchne ZED 20.2 HV passt sich verschiedensten Raum- und Traglasterfordernissen an und punktet mit vier verschiedenen Abst\u00fctzbereichen Die Zed 20.2 HV, die bei der Bauma ihre Weltpremiere feierte, erreicht, wie schon der Name verr\u00e4t, eine Arbeitsh\u00f6he von 20 Metern, w\u00e4hrend der Zusatz .2 f\u00fcr technische Weiterentwicklung steht: der Ausleger im innovativen achteckigen Design aus [&hellip;]<\/p>\n","protected":false},"author":2,"featured_media":9006,"comment_status":"open","ping_status":"open","sticky":false,"template":"","format":"standard","meta":{"_acf_changed":false,"_et_pb_use_builder":"","_et_pb_old_content":"","_et_gb_content_width":"","footnotes":""},"categories":[195],"tags":[],"class_list":["post-17077","post","type-post","status-publish","format-standard","has-post-thumbnail","hentry","category-magazine-easy-de"],"acf":[],"yoast_head":"<!-- This site is optimized with the Yoast SEO plugin v28.1 - https:\/\/yoast.com\/product\/yoast-seo-wordpress\/ -->\n<title>IM FOKUS - NOCH MEHR M\u00d6GLICHKEITEN MIT VARIABLER ABST\u00dcTZUNG - CTE<\/title>\n<meta name=\"robots\" content=\"noindex, follow, max-snippet:-1, max-image-preview:large, max-video-preview:-1\" \/>\n<meta property=\"og:locale\" content=\"de_DE\" \/>\n<meta property=\"og:type\" content=\"article\" \/>\n<meta property=\"og:title\" content=\"IM FOKUS - NOCH MEHR M\u00d6GLICHKEITEN MIT VARIABLER ABST\u00dcTZUNG - CTE\" \/>\n<meta property=\"og:description\" content=\"Die Lkw-Arbeitsb\u00fchne ZED 20.2 HV passt sich verschiedensten Raum- und Traglasterfordernissen an und punktet mit vier verschiedenen Abst\u00fctzbereichen Die Zed 20.2 HV, die bei der Bauma ihre Weltpremiere feierte, erreicht, wie schon der Name verr\u00e4t, eine Arbeitsh\u00f6he von 20 Metern, w\u00e4hrend der Zusatz .2 f\u00fcr technische Weiterentwicklung steht: der Ausleger im innovativen achteckigen Design aus [&hellip;]\" \/>\n<meta property=\"og:url\" content=\"https:\/\/staging.ctelift.com\/de\/primo-piano-la-stabilizzazione-diventa-variabile\/\" \/>\n<meta property=\"og:site_name\" content=\"CTE\" \/>\n<meta property=\"article:published_time\" content=\"2013-05-14T14:00:00+00:00\" \/>\n<meta property=\"article:modified_time\" content=\"2015-12-17T11:15:35+00:00\" \/>\n<meta property=\"og:image\" content=\"https:\/\/staging.ctelift.com\/wp-content\/uploads\/importer\/1_1838_L0_I2_ZED%2020.2%20HV%20-%2005-scaled.jpg\" \/>\n\t<meta property=\"og:image:width\" content=\"1707\" \/>\n\t<meta property=\"og:image:height\" content=\"2560\" \/>\n\t<meta property=\"og:image:type\" content=\"image\/jpeg\" \/>\n<meta name=\"author\" content=\"cteuser\" \/>\n<meta name=\"twitter:card\" content=\"summary_large_image\" \/>\n<meta name=\"twitter:label1\" content=\"Verfasst von\" \/>\n\t<meta name=\"twitter:data1\" content=\"cteuser\" \/>\n\t<meta name=\"twitter:label2\" content=\"Gesch\u00e4tzte Lesezeit\" \/>\n\t<meta name=\"twitter:data2\" content=\"1\u00a0Minute\" \/>\n<script type=\"application\/ld+json\" class=\"yoast-schema-graph\">{\"@context\":\"https:\\\/\\\/schema.org\",\"@graph\":[{\"@type\":\"Article\",\"@id\":\"https:\\\/\\\/staging.ctelift.com\\\/de\\\/primo-piano-la-stabilizzazione-diventa-variabile\\\/#article\",\"isPartOf\":{\"@id\":\"https:\\\/\\\/staging.ctelift.com\\\/de\\\/primo-piano-la-stabilizzazione-diventa-variabile\\\/\"},\"author\":{\"name\":\"cteuser\",\"@id\":\"https:\\\/\\\/staging.ctelift.com\\\/#\\\/schema\\\/person\\\/b83f56a5bd85503f355fa1544c350ab9\"},\"headline\":\"IM FOKUS &#8211; NOCH MEHR M\u00d6GLICHKEITEN MIT VARIABLER ABST\u00dcTZUNG\",\"datePublished\":\"2013-05-14T14:00:00+00:00\",\"dateModified\":\"2015-12-17T11:15:35+00:00\",\"mainEntityOfPage\":{\"@id\":\"https:\\\/\\\/staging.ctelift.com\\\/de\\\/primo-piano-la-stabilizzazione-diventa-variabile\\\/\"},\"wordCount\":288,\"commentCount\":0,\"image\":{\"@id\":\"https:\\\/\\\/staging.ctelift.com\\\/de\\\/primo-piano-la-stabilizzazione-diventa-variabile\\\/#primaryimage\"},\"thumbnailUrl\":\"https:\\\/\\\/staging.ctelift.com\\\/wp-content\\\/uploads\\\/importer\\\/1_1838_L0_I2_ZED 20.2 HV - 05-scaled.jpg\",\"articleSection\":[\"Magazine EASY\"],\"inLanguage\":\"de\",\"potentialAction\":[{\"@type\":\"CommentAction\",\"name\":\"Comment\",\"target\":[\"https:\\\/\\\/staging.ctelift.com\\\/de\\\/primo-piano-la-stabilizzazione-diventa-variabile\\\/#respond\"]}]},{\"@type\":\"WebPage\",\"@id\":\"https:\\\/\\\/staging.ctelift.com\\\/de\\\/primo-piano-la-stabilizzazione-diventa-variabile\\\/\",\"url\":\"https:\\\/\\\/staging.ctelift.com\\\/de\\\/primo-piano-la-stabilizzazione-diventa-variabile\\\/\",\"name\":\"IM FOKUS - NOCH MEHR M\u00d6GLICHKEITEN MIT VARIABLER ABST\u00dcTZUNG - CTE\",\"isPartOf\":{\"@id\":\"https:\\\/\\\/staging.ctelift.com\\\/#website\"},\"primaryImageOfPage\":{\"@id\":\"https:\\\/\\\/staging.ctelift.com\\\/de\\\/primo-piano-la-stabilizzazione-diventa-variabile\\\/#primaryimage\"},\"image\":{\"@id\":\"https:\\\/\\\/staging.ctelift.com\\\/de\\\/primo-piano-la-stabilizzazione-diventa-variabile\\\/#primaryimage\"},\"thumbnailUrl\":\"https:\\\/\\\/staging.ctelift.com\\\/wp-content\\\/uploads\\\/importer\\\/1_1838_L0_I2_ZED 20.2 HV - 05-scaled.jpg\",\"datePublished\":\"2013-05-14T14:00:00+00:00\",\"dateModified\":\"2015-12-17T11:15:35+00:00\",\"author\":{\"@id\":\"https:\\\/\\\/staging.ctelift.com\\\/#\\\/schema\\\/person\\\/b83f56a5bd85503f355fa1544c350ab9\"},\"breadcrumb\":{\"@id\":\"https:\\\/\\\/staging.ctelift.com\\\/de\\\/primo-piano-la-stabilizzazione-diventa-variabile\\\/#breadcrumb\"},\"inLanguage\":\"de\",\"potentialAction\":[{\"@type\":\"ReadAction\",\"target\":[\"https:\\\/\\\/staging.ctelift.com\\\/de\\\/primo-piano-la-stabilizzazione-diventa-variabile\\\/\"]}]},{\"@type\":\"ImageObject\",\"inLanguage\":\"de\",\"@id\":\"https:\\\/\\\/staging.ctelift.com\\\/de\\\/primo-piano-la-stabilizzazione-diventa-variabile\\\/#primaryimage\",\"url\":\"https:\\\/\\\/staging.ctelift.com\\\/wp-content\\\/uploads\\\/importer\\\/1_1838_L0_I2_ZED 20.2 HV - 05-scaled.jpg\",\"contentUrl\":\"https:\\\/\\\/staging.ctelift.com\\\/wp-content\\\/uploads\\\/importer\\\/1_1838_L0_I2_ZED 20.2 HV - 05-scaled.jpg\",\"width\":1707,\"height\":2560},{\"@type\":\"BreadcrumbList\",\"@id\":\"https:\\\/\\\/staging.ctelift.com\\\/de\\\/primo-piano-la-stabilizzazione-diventa-variabile\\\/#breadcrumb\",\"itemListElement\":[{\"@type\":\"ListItem\",\"position\":1,\"name\":\"Home\",\"item\":\"https:\\\/\\\/staging.ctelift.com\\\/de\\\/\"},{\"@type\":\"ListItem\",\"position\":2,\"name\":\"IM FOKUS &#8211; NOCH MEHR M\u00d6GLICHKEITEN MIT VARIABLER ABST\u00dcTZUNG\"}]},{\"@type\":\"WebSite\",\"@id\":\"https:\\\/\\\/staging.ctelift.com\\\/#website\",\"url\":\"https:\\\/\\\/staging.ctelift.com\\\/\",\"name\":\"CTE\",\"description\":\"work becomes easy\",\"potentialAction\":[{\"@type\":\"SearchAction\",\"target\":{\"@type\":\"EntryPoint\",\"urlTemplate\":\"https:\\\/\\\/staging.ctelift.com\\\/?s={search_term_string}\"},\"query-input\":{\"@type\":\"PropertyValueSpecification\",\"valueRequired\":true,\"valueName\":\"search_term_string\"}}],\"inLanguage\":\"de\"},{\"@type\":\"Person\",\"@id\":\"https:\\\/\\\/staging.ctelift.com\\\/#\\\/schema\\\/person\\\/b83f56a5bd85503f355fa1544c350ab9\",\"name\":\"cteuser\",\"url\":\"https:\\\/\\\/staging.ctelift.com\\\/de\\\/author\\\/cteuser\\\/\"}]}<\/script>\n<!-- \/ Yoast SEO plugin. -->","yoast_head_json":{"title":"IM FOKUS - NOCH MEHR M\u00d6GLICHKEITEN MIT VARIABLER ABST\u00dcTZUNG - CTE","robots":{"index":"noindex","follow":"follow","max-snippet":"max-snippet:-1","max-image-preview":"max-image-preview:large","max-video-preview":"max-video-preview:-1"},"og_locale":"de_DE","og_type":"article","og_title":"IM FOKUS - NOCH MEHR M\u00d6GLICHKEITEN MIT VARIABLER ABST\u00dcTZUNG - CTE","og_description":"Die Lkw-Arbeitsb\u00fchne ZED 20.2 HV passt sich verschiedensten Raum- und Traglasterfordernissen an und punktet mit vier verschiedenen Abst\u00fctzbereichen Die Zed 20.2 HV, die bei der Bauma ihre Weltpremiere feierte, erreicht, wie schon der Name verr\u00e4t, eine Arbeitsh\u00f6he von 20 Metern, w\u00e4hrend der Zusatz .2 f\u00fcr technische Weiterentwicklung steht: der Ausleger im innovativen achteckigen Design aus [&hellip;]","og_url":"https:\/\/staging.ctelift.com\/de\/primo-piano-la-stabilizzazione-diventa-variabile\/","og_site_name":"CTE","article_published_time":"2013-05-14T14:00:00+00:00","article_modified_time":"2015-12-17T11:15:35+00:00","og_image":[{"width":1707,"height":2560,"url":"https:\/\/staging.ctelift.com\/wp-content\/uploads\/importer\/1_1838_L0_I2_ZED 20.2 HV - 05-scaled.jpg","type":"image\/jpeg"}],"author":"cteuser","twitter_card":"summary_large_image","twitter_misc":{"Verfasst von":"cteuser","Gesch\u00e4tzte Lesezeit":"1\u00a0Minute"},"schema":{"@context":"https:\/\/schema.org","@graph":[{"@type":"Article","@id":"https:\/\/staging.ctelift.com\/de\/primo-piano-la-stabilizzazione-diventa-variabile\/#article","isPartOf":{"@id":"https:\/\/staging.ctelift.com\/de\/primo-piano-la-stabilizzazione-diventa-variabile\/"},"author":{"name":"cteuser","@id":"https:\/\/staging.ctelift.com\/#\/schema\/person\/b83f56a5bd85503f355fa1544c350ab9"},"headline":"IM FOKUS &#8211; NOCH MEHR M\u00d6GLICHKEITEN MIT VARIABLER ABST\u00dcTZUNG","datePublished":"2013-05-14T14:00:00+00:00","dateModified":"2015-12-17T11:15:35+00:00","mainEntityOfPage":{"@id":"https:\/\/staging.ctelift.com\/de\/primo-piano-la-stabilizzazione-diventa-variabile\/"},"wordCount":288,"commentCount":0,"image":{"@id":"https:\/\/staging.ctelift.com\/de\/primo-piano-la-stabilizzazione-diventa-variabile\/#primaryimage"},"thumbnailUrl":"https:\/\/staging.ctelift.com\/wp-content\/uploads\/importer\/1_1838_L0_I2_ZED 20.2 HV - 05-scaled.jpg","articleSection":["Magazine EASY"],"inLanguage":"de","potentialAction":[{"@type":"CommentAction","name":"Comment","target":["https:\/\/staging.ctelift.com\/de\/primo-piano-la-stabilizzazione-diventa-variabile\/#respond"]}]},{"@type":"WebPage","@id":"https:\/\/staging.ctelift.com\/de\/primo-piano-la-stabilizzazione-diventa-variabile\/","url":"https:\/\/staging.ctelift.com\/de\/primo-piano-la-stabilizzazione-diventa-variabile\/","name":"IM FOKUS - NOCH MEHR M\u00d6GLICHKEITEN MIT VARIABLER ABST\u00dcTZUNG - CTE","isPartOf":{"@id":"https:\/\/staging.ctelift.com\/#website"},"primaryImageOfPage":{"@id":"https:\/\/staging.ctelift.com\/de\/primo-piano-la-stabilizzazione-diventa-variabile\/#primaryimage"},"image":{"@id":"https:\/\/staging.ctelift.com\/de\/primo-piano-la-stabilizzazione-diventa-variabile\/#primaryimage"},"thumbnailUrl":"https:\/\/staging.ctelift.com\/wp-content\/uploads\/importer\/1_1838_L0_I2_ZED 20.2 HV - 05-scaled.jpg","datePublished":"2013-05-14T14:00:00+00:00","dateModified":"2015-12-17T11:15:35+00:00","author":{"@id":"https:\/\/staging.ctelift.com\/#\/schema\/person\/b83f56a5bd85503f355fa1544c350ab9"},"breadcrumb":{"@id":"https:\/\/staging.ctelift.com\/de\/primo-piano-la-stabilizzazione-diventa-variabile\/#breadcrumb"},"inLanguage":"de","potentialAction":[{"@type":"ReadAction","target":["https:\/\/staging.ctelift.com\/de\/primo-piano-la-stabilizzazione-diventa-variabile\/"]}]},{"@type":"ImageObject","inLanguage":"de","@id":"https:\/\/staging.ctelift.com\/de\/primo-piano-la-stabilizzazione-diventa-variabile\/#primaryimage","url":"https:\/\/staging.ctelift.com\/wp-content\/uploads\/importer\/1_1838_L0_I2_ZED 20.2 HV - 05-scaled.jpg","contentUrl":"https:\/\/staging.ctelift.com\/wp-content\/uploads\/importer\/1_1838_L0_I2_ZED 20.2 HV - 05-scaled.jpg","width":1707,"height":2560},{"@type":"BreadcrumbList","@id":"https:\/\/staging.ctelift.com\/de\/primo-piano-la-stabilizzazione-diventa-variabile\/#breadcrumb","itemListElement":[{"@type":"ListItem","position":1,"name":"Home","item":"https:\/\/staging.ctelift.com\/de\/"},{"@type":"ListItem","position":2,"name":"IM FOKUS &#8211; NOCH MEHR M\u00d6GLICHKEITEN MIT VARIABLER ABST\u00dcTZUNG"}]},{"@type":"WebSite","@id":"https:\/\/staging.ctelift.com\/#website","url":"https:\/\/staging.ctelift.com\/","name":"CTE","description":"work becomes easy","potentialAction":[{"@type":"SearchAction","target":{"@type":"EntryPoint","urlTemplate":"https:\/\/staging.ctelift.com\/?s={search_term_string}"},"query-input":{"@type":"PropertyValueSpecification","valueRequired":true,"valueName":"search_term_string"}}],"inLanguage":"de"},{"@type":"Person","@id":"https:\/\/staging.ctelift.com\/#\/schema\/person\/b83f56a5bd85503f355fa1544c350ab9","name":"cteuser","url":"https:\/\/staging.ctelift.com\/de\/author\/cteuser\/"}]}},"_links":{"self":[{"href":"https:\/\/staging.ctelift.com\/de\/wp-json\/wp\/v2\/posts\/17077","targetHints":{"allow":["GET"]}}],"collection":[{"href":"https:\/\/staging.ctelift.com\/de\/wp-json\/wp\/v2\/posts"}],"about":[{"href":"https:\/\/staging.ctelift.com\/de\/wp-json\/wp\/v2\/types\/post"}],"author":[{"embeddable":true,"href":"https:\/\/staging.ctelift.com\/de\/wp-json\/wp\/v2\/users\/2"}],"replies":[{"embeddable":true,"href":"https:\/\/staging.ctelift.com\/de\/wp-json\/wp\/v2\/comments?post=17077"}],"version-history":[{"count":2,"href":"https:\/\/staging.ctelift.com\/de\/wp-json\/wp\/v2\/posts\/17077\/revisions"}],"predecessor-version":[{"id":17079,"href":"https:\/\/staging.ctelift.com\/de\/wp-json\/wp\/v2\/posts\/17077\/revisions\/17079"}],"wp:featuredmedia":[{"embeddable":true,"href":"https:\/\/staging.ctelift.com\/de\/wp-json\/wp\/v2\/media\/9006"}],"wp:attachment":[{"href":"https:\/\/staging.ctelift.com\/de\/wp-json\/wp\/v2\/media?parent=17077"}],"wp:term":[{"taxonomy":"category","embeddable":true,"href":"https:\/\/staging.ctelift.com\/de\/wp-json\/wp\/v2\/categories?post=17077"},{"taxonomy":"post_tag","embeddable":true,"href":"https:\/\/staging.ctelift.com\/de\/wp-json\/wp\/v2\/tags?post=17077"}],"curies":[{"name":"wp","href":"https:\/\/api.w.org\/{rel}","templated":true}]}}