{"id":17088,"date":"2013-02-15T11:00:00","date_gmt":"2013-02-15T10:00:00","guid":{"rendered":"https:\/\/www.ctelift.com\/de\/2013\/02\/15\/people-on-the-market-intervista-a-nacelle-44-noleggiatore-francese\/"},"modified":"2015-12-17T12:20:49","modified_gmt":"2015-12-17T11:20:49","slug":"people-on-the-market-intervista-a-nacelle-44-noleggiatore-francese","status":"publish","type":"post","link":"https:\/\/staging.ctelift.com\/de\/people-on-the-market-intervista-a-nacelle-44-noleggiatore-francese\/","title":{"rendered":"LEUTE &#8211; INTERVIEW mit Nacelle 44 aus Frankreich"},"content":{"rendered":"<p><strong>1. Wie ist Ihr Betrieb entstanden? <\/strong><\/p>\n<p>Jean-Pierre Augris hat Nacelle 44 gegr\u00fcndet. Als Chef der technischen Abteilung von Manitou (1971-1988) verf\u00fcgte er \u00fcber die n\u00f6tige fachliche Erfahrung, um sich mit einem eigenen Technik- und Hydraulikbetrieb selbst\u00e4ndig zu machen. Und so wurde 1998 mit Hilfe seiner Tochter Barbara Nacelle 44 ins Leben gerufen. Gemeinsam machten sie die Firma gro\u00df, 2005 stie\u00df auch die zweite Tochter, Laura, zum Team. Heute z\u00e4hlt unsere Flotte 150 Maschinen, davon sind 80% Arbeitsb\u00fchnen. Hinzu kommen Gabel- und Teleskopstapler f\u00fcr die Industrie, Bungalows und Container. Wir verf\u00fcgen \u00fcber jede Art von Hubarbeitsb\u00fchne und sind bekannt f\u00fcr unser Komplettangebot an Gro\u00dfb\u00fchnen, Selbstfahrern und Hebeb\u00fchnen.<\/p>\n<p><strong>2. Vermieten Sie ausschlie\u00dflich, oder bieten Sie auch erg\u00e4nzende Dienstleistungen an? <\/strong><\/p>\n<p>Wir vermieten nicht nur, sondern stellen einen Rundumservice zur Verf\u00fcgung. Wir kommen auf die Baustellen unserer Kunden und pr\u00fcfen vor Ort, welche Materialien und Ausr\u00fcstungen sich am besten eignen. Unsere Ausr\u00fcstungen k\u00f6nnen stunden- oder auch jahrweise gemietet werden, mit oder ohne Bediener, zudem verkaufen wir neue und Gebrauchtmaschinen. Dank unseres technischen Expertenteams sind wir in der Lage, Service, Reparaturen und \u00dcberholungen f\u00fcr alle Arten und Marken von Hubarbeitsb\u00fchnen auszuf\u00fchren. Wir garantieren die Durchf\u00fchrung der gesetzlich vorgeschriebenen Kontrollen und sind gleichzeitig ein Schulungszentrum.<\/p>\n<p><strong>3. Welche sind Ihre Absatzm\u00e4rkte? <\/strong><\/p>\n<p>Wir arbeiten im Wesentlichen mit Fachleuten aus der Baubranche, mit Gemeinden und der Industrie zusammen. Unser Hauptsitz liegt in Nantes und in Saint-Nazaire, von wo aus wir den gesamten franz\u00f6sischen Markt bearbeiten. Was den Verkauf von Gebrauchtmaschinen betrifft, sind wir sogar auf internationaler Ebene t\u00e4tig.<\/p>\n<p><strong>4. Sie haben zwei CTE Traccess (135 und 230) und drei Lkw-B\u00fchnen CTE ZED (17, 19, 20) erworben. Was war ausschlaggebend f\u00fcr Ihre Wahl? <\/strong><\/p>\n<p>Wir haben uns f\u00fcr die Produkte von CTE entschieden, weil sie seit vielen Jahren in Frankreich vertrieben werden und bekannt f\u00fcr ihre Zuverl\u00e4ssigkeit und technischen Leistungen sind. Au\u00dferdem sch\u00e4tzen wir die ausgezeichnete Zusammenarbeit mit dem Vertriebsteam. Was wir suchen, sind zuverl\u00e4ssige Partner, die bereit sind, auf unsere Bed\u00fcrfnisse einzugehen.<br \/>\nMehr info: http:\/\/www.nacelle44.com\/<\/p>\n","protected":false},"excerpt":{"rendered":"<p>1. Wie ist Ihr Betrieb entstanden? Jean-Pierre Augris hat Nacelle 44 gegr\u00fcndet. Als Chef der technischen Abteilung von Manitou (1971-1988) verf\u00fcgte er \u00fcber die n\u00f6tige fachliche Erfahrung, um sich mit einem eigenen Technik- und Hydraulikbetrieb selbst\u00e4ndig zu machen. Und so wurde 1998 mit Hilfe seiner Tochter Barbara Nacelle 44 ins Leben gerufen. Gemeinsam machten sie [&hellip;]<\/p>\n","protected":false},"author":2,"featured_media":9102,"comment_status":"open","ping_status":"open","sticky":false,"template":"","format":"standard","meta":{"_acf_changed":false,"_et_pb_use_builder":"","_et_pb_old_content":"","_et_gb_content_width":"","footnotes":""},"categories":[195],"tags":[],"class_list":["post-17088","post","type-post","status-publish","format-standard","has-post-thumbnail","hentry","category-magazine-easy-de"],"acf":[],"yoast_head":"<!-- This site is optimized with the Yoast SEO plugin v28.1 - https:\/\/yoast.com\/product\/yoast-seo-wordpress\/ -->\n<title>LEUTE - INTERVIEW mit Nacelle 44 aus Frankreich - CTE<\/title>\n<meta name=\"robots\" content=\"noindex, follow, max-snippet:-1, max-image-preview:large, max-video-preview:-1\" \/>\n<meta property=\"og:locale\" content=\"de_DE\" \/>\n<meta property=\"og:type\" content=\"article\" \/>\n<meta property=\"og:title\" content=\"LEUTE - INTERVIEW mit Nacelle 44 aus Frankreich - CTE\" \/>\n<meta property=\"og:description\" content=\"1. Wie ist Ihr Betrieb entstanden? Jean-Pierre Augris hat Nacelle 44 gegr\u00fcndet. Als Chef der technischen Abteilung von Manitou (1971-1988) verf\u00fcgte er \u00fcber die n\u00f6tige fachliche Erfahrung, um sich mit einem eigenen Technik- und Hydraulikbetrieb selbst\u00e4ndig zu machen. Und so wurde 1998 mit Hilfe seiner Tochter Barbara Nacelle 44 ins Leben gerufen. Gemeinsam machten sie [&hellip;]\" \/>\n<meta property=\"og:url\" content=\"https:\/\/staging.ctelift.com\/de\/people-on-the-market-intervista-a-nacelle-44-noleggiatore-francese\/\" \/>\n<meta property=\"og:site_name\" content=\"CTE\" \/>\n<meta property=\"article:published_time\" content=\"2013-02-15T10:00:00+00:00\" \/>\n<meta property=\"article:modified_time\" content=\"2015-12-17T11:20:49+00:00\" \/>\n<meta property=\"og:image\" content=\"https:\/\/staging.ctelift.com\/wp-content\/uploads\/importer\/1_1706_L0_I2_nacelle%2044%20-%20sm.jpg\" \/>\n\t<meta property=\"og:image:width\" content=\"265\" \/>\n\t<meta property=\"og:image:height\" content=\"200\" \/>\n\t<meta property=\"og:image:type\" content=\"image\/jpeg\" \/>\n<meta name=\"author\" content=\"cteuser\" \/>\n<meta name=\"twitter:card\" content=\"summary_large_image\" \/>\n<meta name=\"twitter:label1\" content=\"Verfasst von\" \/>\n\t<meta name=\"twitter:data1\" content=\"cteuser\" \/>\n\t<meta name=\"twitter:label2\" content=\"Gesch\u00e4tzte Lesezeit\" \/>\n\t<meta name=\"twitter:data2\" content=\"2\u00a0Minuten\" \/>\n<script type=\"application\/ld+json\" class=\"yoast-schema-graph\">{\"@context\":\"https:\\\/\\\/schema.org\",\"@graph\":[{\"@type\":\"Article\",\"@id\":\"https:\\\/\\\/staging.ctelift.com\\\/de\\\/people-on-the-market-intervista-a-nacelle-44-noleggiatore-francese\\\/#article\",\"isPartOf\":{\"@id\":\"https:\\\/\\\/staging.ctelift.com\\\/de\\\/people-on-the-market-intervista-a-nacelle-44-noleggiatore-francese\\\/\"},\"author\":{\"name\":\"cteuser\",\"@id\":\"https:\\\/\\\/staging.ctelift.com\\\/#\\\/schema\\\/person\\\/b83f56a5bd85503f355fa1544c350ab9\"},\"headline\":\"LEUTE &#8211; INTERVIEW mit Nacelle 44 aus Frankreich\",\"datePublished\":\"2013-02-15T10:00:00+00:00\",\"dateModified\":\"2015-12-17T11:20:49+00:00\",\"mainEntityOfPage\":{\"@id\":\"https:\\\/\\\/staging.ctelift.com\\\/de\\\/people-on-the-market-intervista-a-nacelle-44-noleggiatore-francese\\\/\"},\"wordCount\":356,\"commentCount\":0,\"image\":{\"@id\":\"https:\\\/\\\/staging.ctelift.com\\\/de\\\/people-on-the-market-intervista-a-nacelle-44-noleggiatore-francese\\\/#primaryimage\"},\"thumbnailUrl\":\"https:\\\/\\\/staging.ctelift.com\\\/wp-content\\\/uploads\\\/importer\\\/1_1706_L0_I2_nacelle 44 - sm.jpg\",\"articleSection\":[\"Magazine EASY\"],\"inLanguage\":\"de\",\"potentialAction\":[{\"@type\":\"CommentAction\",\"name\":\"Comment\",\"target\":[\"https:\\\/\\\/staging.ctelift.com\\\/de\\\/people-on-the-market-intervista-a-nacelle-44-noleggiatore-francese\\\/#respond\"]}]},{\"@type\":\"WebPage\",\"@id\":\"https:\\\/\\\/staging.ctelift.com\\\/de\\\/people-on-the-market-intervista-a-nacelle-44-noleggiatore-francese\\\/\",\"url\":\"https:\\\/\\\/staging.ctelift.com\\\/de\\\/people-on-the-market-intervista-a-nacelle-44-noleggiatore-francese\\\/\",\"name\":\"LEUTE - INTERVIEW mit Nacelle 44 aus Frankreich - CTE\",\"isPartOf\":{\"@id\":\"https:\\\/\\\/staging.ctelift.com\\\/#website\"},\"primaryImageOfPage\":{\"@id\":\"https:\\\/\\\/staging.ctelift.com\\\/de\\\/people-on-the-market-intervista-a-nacelle-44-noleggiatore-francese\\\/#primaryimage\"},\"image\":{\"@id\":\"https:\\\/\\\/staging.ctelift.com\\\/de\\\/people-on-the-market-intervista-a-nacelle-44-noleggiatore-francese\\\/#primaryimage\"},\"thumbnailUrl\":\"https:\\\/\\\/staging.ctelift.com\\\/wp-content\\\/uploads\\\/importer\\\/1_1706_L0_I2_nacelle 44 - sm.jpg\",\"datePublished\":\"2013-02-15T10:00:00+00:00\",\"dateModified\":\"2015-12-17T11:20:49+00:00\",\"author\":{\"@id\":\"https:\\\/\\\/staging.ctelift.com\\\/#\\\/schema\\\/person\\\/b83f56a5bd85503f355fa1544c350ab9\"},\"breadcrumb\":{\"@id\":\"https:\\\/\\\/staging.ctelift.com\\\/de\\\/people-on-the-market-intervista-a-nacelle-44-noleggiatore-francese\\\/#breadcrumb\"},\"inLanguage\":\"de\",\"potentialAction\":[{\"@type\":\"ReadAction\",\"target\":[\"https:\\\/\\\/staging.ctelift.com\\\/de\\\/people-on-the-market-intervista-a-nacelle-44-noleggiatore-francese\\\/\"]}]},{\"@type\":\"ImageObject\",\"inLanguage\":\"de\",\"@id\":\"https:\\\/\\\/staging.ctelift.com\\\/de\\\/people-on-the-market-intervista-a-nacelle-44-noleggiatore-francese\\\/#primaryimage\",\"url\":\"https:\\\/\\\/staging.ctelift.com\\\/wp-content\\\/uploads\\\/importer\\\/1_1706_L0_I2_nacelle 44 - sm.jpg\",\"contentUrl\":\"https:\\\/\\\/staging.ctelift.com\\\/wp-content\\\/uploads\\\/importer\\\/1_1706_L0_I2_nacelle 44 - sm.jpg\",\"width\":265,\"height\":200},{\"@type\":\"BreadcrumbList\",\"@id\":\"https:\\\/\\\/staging.ctelift.com\\\/de\\\/people-on-the-market-intervista-a-nacelle-44-noleggiatore-francese\\\/#breadcrumb\",\"itemListElement\":[{\"@type\":\"ListItem\",\"position\":1,\"name\":\"Home\",\"item\":\"https:\\\/\\\/staging.ctelift.com\\\/de\\\/\"},{\"@type\":\"ListItem\",\"position\":2,\"name\":\"LEUTE &#8211; INTERVIEW mit Nacelle 44 aus Frankreich\"}]},{\"@type\":\"WebSite\",\"@id\":\"https:\\\/\\\/staging.ctelift.com\\\/#website\",\"url\":\"https:\\\/\\\/staging.ctelift.com\\\/\",\"name\":\"CTE\",\"description\":\"work becomes easy\",\"potentialAction\":[{\"@type\":\"SearchAction\",\"target\":{\"@type\":\"EntryPoint\",\"urlTemplate\":\"https:\\\/\\\/staging.ctelift.com\\\/?s={search_term_string}\"},\"query-input\":{\"@type\":\"PropertyValueSpecification\",\"valueRequired\":true,\"valueName\":\"search_term_string\"}}],\"inLanguage\":\"de\"},{\"@type\":\"Person\",\"@id\":\"https:\\\/\\\/staging.ctelift.com\\\/#\\\/schema\\\/person\\\/b83f56a5bd85503f355fa1544c350ab9\",\"name\":\"cteuser\",\"url\":\"https:\\\/\\\/staging.ctelift.com\\\/de\\\/author\\\/cteuser\\\/\"}]}<\/script>\n<!-- \/ Yoast SEO plugin. -->","yoast_head_json":{"title":"LEUTE - INTERVIEW mit Nacelle 44 aus Frankreich - CTE","robots":{"index":"noindex","follow":"follow","max-snippet":"max-snippet:-1","max-image-preview":"max-image-preview:large","max-video-preview":"max-video-preview:-1"},"og_locale":"de_DE","og_type":"article","og_title":"LEUTE - INTERVIEW mit Nacelle 44 aus Frankreich - CTE","og_description":"1. Wie ist Ihr Betrieb entstanden? Jean-Pierre Augris hat Nacelle 44 gegr\u00fcndet. Als Chef der technischen Abteilung von Manitou (1971-1988) verf\u00fcgte er \u00fcber die n\u00f6tige fachliche Erfahrung, um sich mit einem eigenen Technik- und Hydraulikbetrieb selbst\u00e4ndig zu machen. Und so wurde 1998 mit Hilfe seiner Tochter Barbara Nacelle 44 ins Leben gerufen. Gemeinsam machten sie [&hellip;]","og_url":"https:\/\/staging.ctelift.com\/de\/people-on-the-market-intervista-a-nacelle-44-noleggiatore-francese\/","og_site_name":"CTE","article_published_time":"2013-02-15T10:00:00+00:00","article_modified_time":"2015-12-17T11:20:49+00:00","og_image":[{"width":265,"height":200,"url":"https:\/\/staging.ctelift.com\/wp-content\/uploads\/importer\/1_1706_L0_I2_nacelle 44 - sm.jpg","type":"image\/jpeg"}],"author":"cteuser","twitter_card":"summary_large_image","twitter_misc":{"Verfasst von":"cteuser","Gesch\u00e4tzte Lesezeit":"2\u00a0Minuten"},"schema":{"@context":"https:\/\/schema.org","@graph":[{"@type":"Article","@id":"https:\/\/staging.ctelift.com\/de\/people-on-the-market-intervista-a-nacelle-44-noleggiatore-francese\/#article","isPartOf":{"@id":"https:\/\/staging.ctelift.com\/de\/people-on-the-market-intervista-a-nacelle-44-noleggiatore-francese\/"},"author":{"name":"cteuser","@id":"https:\/\/staging.ctelift.com\/#\/schema\/person\/b83f56a5bd85503f355fa1544c350ab9"},"headline":"LEUTE &#8211; INTERVIEW mit Nacelle 44 aus Frankreich","datePublished":"2013-02-15T10:00:00+00:00","dateModified":"2015-12-17T11:20:49+00:00","mainEntityOfPage":{"@id":"https:\/\/staging.ctelift.com\/de\/people-on-the-market-intervista-a-nacelle-44-noleggiatore-francese\/"},"wordCount":356,"commentCount":0,"image":{"@id":"https:\/\/staging.ctelift.com\/de\/people-on-the-market-intervista-a-nacelle-44-noleggiatore-francese\/#primaryimage"},"thumbnailUrl":"https:\/\/staging.ctelift.com\/wp-content\/uploads\/importer\/1_1706_L0_I2_nacelle 44 - sm.jpg","articleSection":["Magazine EASY"],"inLanguage":"de","potentialAction":[{"@type":"CommentAction","name":"Comment","target":["https:\/\/staging.ctelift.com\/de\/people-on-the-market-intervista-a-nacelle-44-noleggiatore-francese\/#respond"]}]},{"@type":"WebPage","@id":"https:\/\/staging.ctelift.com\/de\/people-on-the-market-intervista-a-nacelle-44-noleggiatore-francese\/","url":"https:\/\/staging.ctelift.com\/de\/people-on-the-market-intervista-a-nacelle-44-noleggiatore-francese\/","name":"LEUTE - INTERVIEW mit Nacelle 44 aus Frankreich - CTE","isPartOf":{"@id":"https:\/\/staging.ctelift.com\/#website"},"primaryImageOfPage":{"@id":"https:\/\/staging.ctelift.com\/de\/people-on-the-market-intervista-a-nacelle-44-noleggiatore-francese\/#primaryimage"},"image":{"@id":"https:\/\/staging.ctelift.com\/de\/people-on-the-market-intervista-a-nacelle-44-noleggiatore-francese\/#primaryimage"},"thumbnailUrl":"https:\/\/staging.ctelift.com\/wp-content\/uploads\/importer\/1_1706_L0_I2_nacelle 44 - sm.jpg","datePublished":"2013-02-15T10:00:00+00:00","dateModified":"2015-12-17T11:20:49+00:00","author":{"@id":"https:\/\/staging.ctelift.com\/#\/schema\/person\/b83f56a5bd85503f355fa1544c350ab9"},"breadcrumb":{"@id":"https:\/\/staging.ctelift.com\/de\/people-on-the-market-intervista-a-nacelle-44-noleggiatore-francese\/#breadcrumb"},"inLanguage":"de","potentialAction":[{"@type":"ReadAction","target":["https:\/\/staging.ctelift.com\/de\/people-on-the-market-intervista-a-nacelle-44-noleggiatore-francese\/"]}]},{"@type":"ImageObject","inLanguage":"de","@id":"https:\/\/staging.ctelift.com\/de\/people-on-the-market-intervista-a-nacelle-44-noleggiatore-francese\/#primaryimage","url":"https:\/\/staging.ctelift.com\/wp-content\/uploads\/importer\/1_1706_L0_I2_nacelle 44 - sm.jpg","contentUrl":"https:\/\/staging.ctelift.com\/wp-content\/uploads\/importer\/1_1706_L0_I2_nacelle 44 - sm.jpg","width":265,"height":200},{"@type":"BreadcrumbList","@id":"https:\/\/staging.ctelift.com\/de\/people-on-the-market-intervista-a-nacelle-44-noleggiatore-francese\/#breadcrumb","itemListElement":[{"@type":"ListItem","position":1,"name":"Home","item":"https:\/\/staging.ctelift.com\/de\/"},{"@type":"ListItem","position":2,"name":"LEUTE &#8211; INTERVIEW mit Nacelle 44 aus Frankreich"}]},{"@type":"WebSite","@id":"https:\/\/staging.ctelift.com\/#website","url":"https:\/\/staging.ctelift.com\/","name":"CTE","description":"work becomes easy","potentialAction":[{"@type":"SearchAction","target":{"@type":"EntryPoint","urlTemplate":"https:\/\/staging.ctelift.com\/?s={search_term_string}"},"query-input":{"@type":"PropertyValueSpecification","valueRequired":true,"valueName":"search_term_string"}}],"inLanguage":"de"},{"@type":"Person","@id":"https:\/\/staging.ctelift.com\/#\/schema\/person\/b83f56a5bd85503f355fa1544c350ab9","name":"cteuser","url":"https:\/\/staging.ctelift.com\/de\/author\/cteuser\/"}]}},"_links":{"self":[{"href":"https:\/\/staging.ctelift.com\/de\/wp-json\/wp\/v2\/posts\/17088","targetHints":{"allow":["GET"]}}],"collection":[{"href":"https:\/\/staging.ctelift.com\/de\/wp-json\/wp\/v2\/posts"}],"about":[{"href":"https:\/\/staging.ctelift.com\/de\/wp-json\/wp\/v2\/types\/post"}],"author":[{"embeddable":true,"href":"https:\/\/staging.ctelift.com\/de\/wp-json\/wp\/v2\/users\/2"}],"replies":[{"embeddable":true,"href":"https:\/\/staging.ctelift.com\/de\/wp-json\/wp\/v2\/comments?post=17088"}],"version-history":[{"count":2,"href":"https:\/\/staging.ctelift.com\/de\/wp-json\/wp\/v2\/posts\/17088\/revisions"}],"predecessor-version":[{"id":17090,"href":"https:\/\/staging.ctelift.com\/de\/wp-json\/wp\/v2\/posts\/17088\/revisions\/17090"}],"wp:featuredmedia":[{"embeddable":true,"href":"https:\/\/staging.ctelift.com\/de\/wp-json\/wp\/v2\/media\/9102"}],"wp:attachment":[{"href":"https:\/\/staging.ctelift.com\/de\/wp-json\/wp\/v2\/media?parent=17088"}],"wp:term":[{"taxonomy":"category","embeddable":true,"href":"https:\/\/staging.ctelift.com\/de\/wp-json\/wp\/v2\/categories?post=17088"},{"taxonomy":"post_tag","embeddable":true,"href":"https:\/\/staging.ctelift.com\/de\/wp-json\/wp\/v2\/tags?post=17088"}],"curies":[{"name":"wp","href":"https:\/\/api.w.org\/{rel}","templated":true}]}}