{"id":17114,"date":"2012-11-12T15:00:00","date_gmt":"2012-11-12T14:00:00","guid":{"rendered":"https:\/\/www.ctelift.com\/de\/2012\/11\/12\/primo-piano-zed-23-jh-e-le-portate-maggiorate\/"},"modified":"2015-12-17T12:36:14","modified_gmt":"2015-12-17T11:36:14","slug":"primo-piano-zed-23-jh-e-le-portate-maggiorate","status":"publish","type":"post","link":"https:\/\/staging.ctelift.com\/de\/primo-piano-zed-23-jh-e-le-portate-maggiorate\/","title":{"rendered":"IM FOKUS &#8211; ZED 23 JH mit erh\u00f6hter Tragkraft"},"content":{"rendered":"<p>Die LKW-Gelenkb\u00fchne <strong>ZED 23 JH<\/strong> ist da: Die gro\u00dfe Schwester der ZED 21 JH soll deren herausragende Eigenschaften (<strong>Korbarm, erh\u00f6hte Tragkraft, zweiteiliger Gelenkarm, Kompaktheit und maximale Bedienerfreundlichkeit<\/strong>) nun auch in 23 m H\u00f6he bieten.<br \/>\nMit diesem neuen Produkt geh\u00f6rt CTE definitiv zur Avantgarde der Branche: Zum ersten Mal wird im Segment der mit B-F\u00fchrerschein lenkbaren Selbstfahrer eine B\u00fchne mit 23 m Arbeitsh\u00f6he angeboten, die dar\u00fcber hinaus \u00fcber einzigartige innovative Eigenschaften verf\u00fcgt.<\/p>\n<p>Die <strong>ZED 23 JH<\/strong> ist die einzige LKW-B\u00fchne mit 23 m Arbeitsh\u00f6he, die \u00fcber einen Korbarm mit einem Schwenkradius von 145\u00b0 (30\u00b0 positiv) verf\u00fcgt, wodurch stets ein ergonomisches Arbeiten gew\u00e4hrleistet wird. Die Abst\u00fctzung erfolgt mit dem von<strong> CTE<\/strong> patentierten hydraulisch-mechanischen H-System.<\/p>\n<p>Die Korblast erreicht 250 kg und deckt uneingeschr\u00e4nkt den ganzen Arbeitsbereich ab. <strong>CTE<\/strong> widmet sich auch weiterhin der Entwicklung von Maschinen mit hoher Korblast und tr\u00e4gt damit einer auf dem europ\u00e4ischen Markt immer h\u00e4ufiger gestellten Anforderung Rechnung: So wird auch st\u00e4rkeren Bedienern mit schweren Arbeitsger\u00e4ten im Korb ein sicheres und komfortables Arbeiten erm\u00f6glicht und einem Blockieren w\u00e4hrend des Betriebs vorgebeugt.<\/p>\n<p>Das neue Familienmitglied im Hause <strong>CTE<\/strong> pr\u00e4sentiert sich mit einem Korbarm im neuen Design: klare Linien, funktionell, der Teleskoparm verl\u00e4uft parallel zum Gelenkausleger. Schl\u00e4uche und Kabel verlaufen innerhalb des Auslegers und sind dadurch besser vor Abnutzung und eventuellen Besch\u00e4digungen w\u00e4hrend des Betriebs gesch\u00fctzt.<\/p>\n<p align=\"justify\">\n","protected":false},"excerpt":{"rendered":"<p>Die LKW-Gelenkb\u00fchne ZED 23 JH ist da: Die gro\u00dfe Schwester der ZED 21 JH soll deren herausragende Eigenschaften (Korbarm, erh\u00f6hte Tragkraft, zweiteiliger Gelenkarm, Kompaktheit und maximale Bedienerfreundlichkeit) nun auch in 23 m H\u00f6he bieten. Mit diesem neuen Produkt geh\u00f6rt CTE definitiv zur Avantgarde der Branche: Zum ersten Mal wird im Segment der mit B-F\u00fchrerschein lenkbaren [&hellip;]<\/p>\n","protected":false},"author":2,"featured_media":9262,"comment_status":"open","ping_status":"open","sticky":false,"template":"","format":"standard","meta":{"_acf_changed":false,"_et_pb_use_builder":"","_et_pb_old_content":"","_et_gb_content_width":"","footnotes":""},"categories":[195],"tags":[],"class_list":["post-17114","post","type-post","status-publish","format-standard","has-post-thumbnail","hentry","category-magazine-easy-de"],"acf":[],"yoast_head":"<!-- This site is optimized with the Yoast SEO plugin v28.1 - https:\/\/yoast.com\/product\/yoast-seo-wordpress\/ -->\n<title>IM FOKUS - ZED 23 JH mit erh\u00f6hter Tragkraft - CTE<\/title>\n<meta name=\"robots\" content=\"noindex, follow, max-snippet:-1, max-image-preview:large, max-video-preview:-1\" \/>\n<meta property=\"og:locale\" content=\"de_DE\" \/>\n<meta property=\"og:type\" content=\"article\" \/>\n<meta property=\"og:title\" content=\"IM FOKUS - ZED 23 JH mit erh\u00f6hter Tragkraft - CTE\" \/>\n<meta property=\"og:description\" content=\"Die LKW-Gelenkb\u00fchne ZED 23 JH ist da: Die gro\u00dfe Schwester der ZED 21 JH soll deren herausragende Eigenschaften (Korbarm, erh\u00f6hte Tragkraft, zweiteiliger Gelenkarm, Kompaktheit und maximale Bedienerfreundlichkeit) nun auch in 23 m H\u00f6he bieten. Mit diesem neuen Produkt geh\u00f6rt CTE definitiv zur Avantgarde der Branche: Zum ersten Mal wird im Segment der mit B-F\u00fchrerschein lenkbaren [&hellip;]\" \/>\n<meta property=\"og:url\" content=\"https:\/\/staging.ctelift.com\/de\/primo-piano-zed-23-jh-e-le-portate-maggiorate\/\" \/>\n<meta property=\"og:site_name\" content=\"CTE\" \/>\n<meta property=\"article:published_time\" content=\"2012-11-12T14:00:00+00:00\" \/>\n<meta property=\"article:modified_time\" content=\"2015-12-17T11:36:14+00:00\" \/>\n<meta property=\"og:image\" content=\"https:\/\/staging.ctelift.com\/wp-content\/uploads\/importer\/1_1587_L0_I2_zed23jh.jpg\" \/>\n\t<meta property=\"og:image:width\" content=\"570\" \/>\n\t<meta property=\"og:image:height\" content=\"300\" \/>\n\t<meta property=\"og:image:type\" content=\"image\/jpeg\" \/>\n<meta name=\"author\" content=\"cteuser\" \/>\n<meta name=\"twitter:card\" content=\"summary_large_image\" \/>\n<meta name=\"twitter:label1\" content=\"Verfasst von\" \/>\n\t<meta name=\"twitter:data1\" content=\"cteuser\" \/>\n\t<meta name=\"twitter:label2\" content=\"Gesch\u00e4tzte Lesezeit\" \/>\n\t<meta name=\"twitter:data2\" content=\"1\u00a0Minute\" \/>\n<script type=\"application\/ld+json\" class=\"yoast-schema-graph\">{\"@context\":\"https:\\\/\\\/schema.org\",\"@graph\":[{\"@type\":\"Article\",\"@id\":\"https:\\\/\\\/staging.ctelift.com\\\/de\\\/primo-piano-zed-23-jh-e-le-portate-maggiorate\\\/#article\",\"isPartOf\":{\"@id\":\"https:\\\/\\\/staging.ctelift.com\\\/de\\\/primo-piano-zed-23-jh-e-le-portate-maggiorate\\\/\"},\"author\":{\"name\":\"cteuser\",\"@id\":\"https:\\\/\\\/staging.ctelift.com\\\/#\\\/schema\\\/person\\\/b83f56a5bd85503f355fa1544c350ab9\"},\"headline\":\"IM FOKUS &#8211; ZED 23 JH mit erh\u00f6hter Tragkraft\",\"datePublished\":\"2012-11-12T14:00:00+00:00\",\"dateModified\":\"2015-12-17T11:36:14+00:00\",\"mainEntityOfPage\":{\"@id\":\"https:\\\/\\\/staging.ctelift.com\\\/de\\\/primo-piano-zed-23-jh-e-le-portate-maggiorate\\\/\"},\"wordCount\":244,\"commentCount\":0,\"image\":{\"@id\":\"https:\\\/\\\/staging.ctelift.com\\\/de\\\/primo-piano-zed-23-jh-e-le-portate-maggiorate\\\/#primaryimage\"},\"thumbnailUrl\":\"https:\\\/\\\/staging.ctelift.com\\\/wp-content\\\/uploads\\\/importer\\\/1_1587_L0_I2_zed23jh.jpg\",\"articleSection\":[\"Magazine EASY\"],\"inLanguage\":\"de\",\"potentialAction\":[{\"@type\":\"CommentAction\",\"name\":\"Comment\",\"target\":[\"https:\\\/\\\/staging.ctelift.com\\\/de\\\/primo-piano-zed-23-jh-e-le-portate-maggiorate\\\/#respond\"]}]},{\"@type\":\"WebPage\",\"@id\":\"https:\\\/\\\/staging.ctelift.com\\\/de\\\/primo-piano-zed-23-jh-e-le-portate-maggiorate\\\/\",\"url\":\"https:\\\/\\\/staging.ctelift.com\\\/de\\\/primo-piano-zed-23-jh-e-le-portate-maggiorate\\\/\",\"name\":\"IM FOKUS - ZED 23 JH mit erh\u00f6hter Tragkraft - CTE\",\"isPartOf\":{\"@id\":\"https:\\\/\\\/staging.ctelift.com\\\/#website\"},\"primaryImageOfPage\":{\"@id\":\"https:\\\/\\\/staging.ctelift.com\\\/de\\\/primo-piano-zed-23-jh-e-le-portate-maggiorate\\\/#primaryimage\"},\"image\":{\"@id\":\"https:\\\/\\\/staging.ctelift.com\\\/de\\\/primo-piano-zed-23-jh-e-le-portate-maggiorate\\\/#primaryimage\"},\"thumbnailUrl\":\"https:\\\/\\\/staging.ctelift.com\\\/wp-content\\\/uploads\\\/importer\\\/1_1587_L0_I2_zed23jh.jpg\",\"datePublished\":\"2012-11-12T14:00:00+00:00\",\"dateModified\":\"2015-12-17T11:36:14+00:00\",\"author\":{\"@id\":\"https:\\\/\\\/staging.ctelift.com\\\/#\\\/schema\\\/person\\\/b83f56a5bd85503f355fa1544c350ab9\"},\"breadcrumb\":{\"@id\":\"https:\\\/\\\/staging.ctelift.com\\\/de\\\/primo-piano-zed-23-jh-e-le-portate-maggiorate\\\/#breadcrumb\"},\"inLanguage\":\"de\",\"potentialAction\":[{\"@type\":\"ReadAction\",\"target\":[\"https:\\\/\\\/staging.ctelift.com\\\/de\\\/primo-piano-zed-23-jh-e-le-portate-maggiorate\\\/\"]}]},{\"@type\":\"ImageObject\",\"inLanguage\":\"de\",\"@id\":\"https:\\\/\\\/staging.ctelift.com\\\/de\\\/primo-piano-zed-23-jh-e-le-portate-maggiorate\\\/#primaryimage\",\"url\":\"https:\\\/\\\/staging.ctelift.com\\\/wp-content\\\/uploads\\\/importer\\\/1_1587_L0_I2_zed23jh.jpg\",\"contentUrl\":\"https:\\\/\\\/staging.ctelift.com\\\/wp-content\\\/uploads\\\/importer\\\/1_1587_L0_I2_zed23jh.jpg\",\"width\":570,\"height\":300},{\"@type\":\"BreadcrumbList\",\"@id\":\"https:\\\/\\\/staging.ctelift.com\\\/de\\\/primo-piano-zed-23-jh-e-le-portate-maggiorate\\\/#breadcrumb\",\"itemListElement\":[{\"@type\":\"ListItem\",\"position\":1,\"name\":\"Home\",\"item\":\"https:\\\/\\\/staging.ctelift.com\\\/de\\\/\"},{\"@type\":\"ListItem\",\"position\":2,\"name\":\"IM FOKUS &#8211; ZED 23 JH mit erh\u00f6hter Tragkraft\"}]},{\"@type\":\"WebSite\",\"@id\":\"https:\\\/\\\/staging.ctelift.com\\\/#website\",\"url\":\"https:\\\/\\\/staging.ctelift.com\\\/\",\"name\":\"CTE\",\"description\":\"work becomes easy\",\"potentialAction\":[{\"@type\":\"SearchAction\",\"target\":{\"@type\":\"EntryPoint\",\"urlTemplate\":\"https:\\\/\\\/staging.ctelift.com\\\/?s={search_term_string}\"},\"query-input\":{\"@type\":\"PropertyValueSpecification\",\"valueRequired\":true,\"valueName\":\"search_term_string\"}}],\"inLanguage\":\"de\"},{\"@type\":\"Person\",\"@id\":\"https:\\\/\\\/staging.ctelift.com\\\/#\\\/schema\\\/person\\\/b83f56a5bd85503f355fa1544c350ab9\",\"name\":\"cteuser\",\"url\":\"https:\\\/\\\/staging.ctelift.com\\\/de\\\/author\\\/cteuser\\\/\"}]}<\/script>\n<!-- \/ Yoast SEO plugin. -->","yoast_head_json":{"title":"IM FOKUS - ZED 23 JH mit erh\u00f6hter Tragkraft - CTE","robots":{"index":"noindex","follow":"follow","max-snippet":"max-snippet:-1","max-image-preview":"max-image-preview:large","max-video-preview":"max-video-preview:-1"},"og_locale":"de_DE","og_type":"article","og_title":"IM FOKUS - ZED 23 JH mit erh\u00f6hter Tragkraft - CTE","og_description":"Die LKW-Gelenkb\u00fchne ZED 23 JH ist da: Die gro\u00dfe Schwester der ZED 21 JH soll deren herausragende Eigenschaften (Korbarm, erh\u00f6hte Tragkraft, zweiteiliger Gelenkarm, Kompaktheit und maximale Bedienerfreundlichkeit) nun auch in 23 m H\u00f6he bieten. Mit diesem neuen Produkt geh\u00f6rt CTE definitiv zur Avantgarde der Branche: Zum ersten Mal wird im Segment der mit B-F\u00fchrerschein lenkbaren [&hellip;]","og_url":"https:\/\/staging.ctelift.com\/de\/primo-piano-zed-23-jh-e-le-portate-maggiorate\/","og_site_name":"CTE","article_published_time":"2012-11-12T14:00:00+00:00","article_modified_time":"2015-12-17T11:36:14+00:00","og_image":[{"width":570,"height":300,"url":"https:\/\/staging.ctelift.com\/wp-content\/uploads\/importer\/1_1587_L0_I2_zed23jh.jpg","type":"image\/jpeg"}],"author":"cteuser","twitter_card":"summary_large_image","twitter_misc":{"Verfasst von":"cteuser","Gesch\u00e4tzte Lesezeit":"1\u00a0Minute"},"schema":{"@context":"https:\/\/schema.org","@graph":[{"@type":"Article","@id":"https:\/\/staging.ctelift.com\/de\/primo-piano-zed-23-jh-e-le-portate-maggiorate\/#article","isPartOf":{"@id":"https:\/\/staging.ctelift.com\/de\/primo-piano-zed-23-jh-e-le-portate-maggiorate\/"},"author":{"name":"cteuser","@id":"https:\/\/staging.ctelift.com\/#\/schema\/person\/b83f56a5bd85503f355fa1544c350ab9"},"headline":"IM FOKUS &#8211; ZED 23 JH mit erh\u00f6hter Tragkraft","datePublished":"2012-11-12T14:00:00+00:00","dateModified":"2015-12-17T11:36:14+00:00","mainEntityOfPage":{"@id":"https:\/\/staging.ctelift.com\/de\/primo-piano-zed-23-jh-e-le-portate-maggiorate\/"},"wordCount":244,"commentCount":0,"image":{"@id":"https:\/\/staging.ctelift.com\/de\/primo-piano-zed-23-jh-e-le-portate-maggiorate\/#primaryimage"},"thumbnailUrl":"https:\/\/staging.ctelift.com\/wp-content\/uploads\/importer\/1_1587_L0_I2_zed23jh.jpg","articleSection":["Magazine EASY"],"inLanguage":"de","potentialAction":[{"@type":"CommentAction","name":"Comment","target":["https:\/\/staging.ctelift.com\/de\/primo-piano-zed-23-jh-e-le-portate-maggiorate\/#respond"]}]},{"@type":"WebPage","@id":"https:\/\/staging.ctelift.com\/de\/primo-piano-zed-23-jh-e-le-portate-maggiorate\/","url":"https:\/\/staging.ctelift.com\/de\/primo-piano-zed-23-jh-e-le-portate-maggiorate\/","name":"IM FOKUS - ZED 23 JH mit erh\u00f6hter Tragkraft - CTE","isPartOf":{"@id":"https:\/\/staging.ctelift.com\/#website"},"primaryImageOfPage":{"@id":"https:\/\/staging.ctelift.com\/de\/primo-piano-zed-23-jh-e-le-portate-maggiorate\/#primaryimage"},"image":{"@id":"https:\/\/staging.ctelift.com\/de\/primo-piano-zed-23-jh-e-le-portate-maggiorate\/#primaryimage"},"thumbnailUrl":"https:\/\/staging.ctelift.com\/wp-content\/uploads\/importer\/1_1587_L0_I2_zed23jh.jpg","datePublished":"2012-11-12T14:00:00+00:00","dateModified":"2015-12-17T11:36:14+00:00","author":{"@id":"https:\/\/staging.ctelift.com\/#\/schema\/person\/b83f56a5bd85503f355fa1544c350ab9"},"breadcrumb":{"@id":"https:\/\/staging.ctelift.com\/de\/primo-piano-zed-23-jh-e-le-portate-maggiorate\/#breadcrumb"},"inLanguage":"de","potentialAction":[{"@type":"ReadAction","target":["https:\/\/staging.ctelift.com\/de\/primo-piano-zed-23-jh-e-le-portate-maggiorate\/"]}]},{"@type":"ImageObject","inLanguage":"de","@id":"https:\/\/staging.ctelift.com\/de\/primo-piano-zed-23-jh-e-le-portate-maggiorate\/#primaryimage","url":"https:\/\/staging.ctelift.com\/wp-content\/uploads\/importer\/1_1587_L0_I2_zed23jh.jpg","contentUrl":"https:\/\/staging.ctelift.com\/wp-content\/uploads\/importer\/1_1587_L0_I2_zed23jh.jpg","width":570,"height":300},{"@type":"BreadcrumbList","@id":"https:\/\/staging.ctelift.com\/de\/primo-piano-zed-23-jh-e-le-portate-maggiorate\/#breadcrumb","itemListElement":[{"@type":"ListItem","position":1,"name":"Home","item":"https:\/\/staging.ctelift.com\/de\/"},{"@type":"ListItem","position":2,"name":"IM FOKUS &#8211; ZED 23 JH mit erh\u00f6hter Tragkraft"}]},{"@type":"WebSite","@id":"https:\/\/staging.ctelift.com\/#website","url":"https:\/\/staging.ctelift.com\/","name":"CTE","description":"work becomes easy","potentialAction":[{"@type":"SearchAction","target":{"@type":"EntryPoint","urlTemplate":"https:\/\/staging.ctelift.com\/?s={search_term_string}"},"query-input":{"@type":"PropertyValueSpecification","valueRequired":true,"valueName":"search_term_string"}}],"inLanguage":"de"},{"@type":"Person","@id":"https:\/\/staging.ctelift.com\/#\/schema\/person\/b83f56a5bd85503f355fa1544c350ab9","name":"cteuser","url":"https:\/\/staging.ctelift.com\/de\/author\/cteuser\/"}]}},"_links":{"self":[{"href":"https:\/\/staging.ctelift.com\/de\/wp-json\/wp\/v2\/posts\/17114","targetHints":{"allow":["GET"]}}],"collection":[{"href":"https:\/\/staging.ctelift.com\/de\/wp-json\/wp\/v2\/posts"}],"about":[{"href":"https:\/\/staging.ctelift.com\/de\/wp-json\/wp\/v2\/types\/post"}],"author":[{"embeddable":true,"href":"https:\/\/staging.ctelift.com\/de\/wp-json\/wp\/v2\/users\/2"}],"replies":[{"embeddable":true,"href":"https:\/\/staging.ctelift.com\/de\/wp-json\/wp\/v2\/comments?post=17114"}],"version-history":[{"count":2,"href":"https:\/\/staging.ctelift.com\/de\/wp-json\/wp\/v2\/posts\/17114\/revisions"}],"predecessor-version":[{"id":17116,"href":"https:\/\/staging.ctelift.com\/de\/wp-json\/wp\/v2\/posts\/17114\/revisions\/17116"}],"wp:featuredmedia":[{"embeddable":true,"href":"https:\/\/staging.ctelift.com\/de\/wp-json\/wp\/v2\/media\/9262"}],"wp:attachment":[{"href":"https:\/\/staging.ctelift.com\/de\/wp-json\/wp\/v2\/media?parent=17114"}],"wp:term":[{"taxonomy":"category","embeddable":true,"href":"https:\/\/staging.ctelift.com\/de\/wp-json\/wp\/v2\/categories?post=17114"},{"taxonomy":"post_tag","embeddable":true,"href":"https:\/\/staging.ctelift.com\/de\/wp-json\/wp\/v2\/tags?post=17114"}],"curies":[{"name":"wp","href":"https:\/\/api.w.org\/{rel}","templated":true}]}}