{"id":17118,"date":"2012-11-12T14:00:00","date_gmt":"2012-11-12T13:00:00","guid":{"rendered":"https:\/\/www.ctelift.com\/de\/2012\/11\/12\/people-on-the-market-intervista-a-wolfgang-salgert\/"},"modified":"2015-12-17T12:38:06","modified_gmt":"2015-12-17T11:38:06","slug":"people-on-the-market-intervista-a-wolfgang-salgert","status":"publish","type":"post","link":"https:\/\/staging.ctelift.com\/de\/people-on-the-market-intervista-a-wolfgang-salgert\/","title":{"rendered":"LEUTE &#8211; INTERVIEW mit Wolfgang Salgert"},"content":{"rendered":"<p>&nbsp;<\/p>\n<p>Salgert bieten Ihnen einen Mietservice f\u00fcr Arbeitsb\u00fchnen und Teleskopstapler in Deutschland.<br \/>\nMit einer gro\u00dfen Auswahl an Arbeitsb\u00fchnen bietet dieses Unternehmen fortschrittliche Technologien f\u00fcr Deutschland.<\/p>\n<p>&nbsp;<\/p>\n<p><strong>1. Wie hat sich der Markt in letzter Zeit entwickelt?<\/strong><br \/>\nDie kontinuierlichen Umsatzsteigerungen der vergangenen Jahre konnten dieses Jahr nicht erreicht werden.<br \/>\nWir werden das Vorjahresniveau allerdings halten k\u00f6nnen.<\/p>\n<p><strong>2. Wie hat sich Ihr Unternehmen im Laufe der Jahre entwickelt?<\/strong><br \/>\nDer Fuhrpark ist stetig gewachsen. Mittlerweile bieten wir unseren Kunden einen \u00fcber 100 Ger\u00e4te starken Maschinen-park an, der alle M\u00f6glichkeiten der H\u00f6henzugangstechnik beinhalt.<\/p>\n<p><strong>3. Wie gro\u00df ist Ihr Maschinenpark? Welche Typen von Hubarbeitsb\u00fchnen f\u00fchren Sie?<\/strong><br \/>\nCa. 100 Mietger\u00e4te; Ruthmann, Palfinger Wumag, Genie, CTE, Dino Lift,<\/p>\n<p><strong>4. Wie lautet Ihr \u00abRezept\u00bb? Welche Werte verfolgen Sie bei Ihrer t\u00e4glichen Arbeit?<\/strong><br \/>\nKundenorientiertes Handeln in allen Bereichen des Unternehmens sind oberstes Gebot und ein Muss f\u00fcr jeden Mitarbeiter; wir verstehen uns als Probleml\u00f6ser und nicht als Problemvertager; offenes und ehrliches Wort im Umgang mit den Kunden wie auch den Mitarbeitern; wir bieten den Kunden Komplettl\u00f6sungen aus einer Hand; bundesweite Logistik; seit 2011 IPAF Mitglied; Schulungen f\u00fcr Arbeitsb\u00fchnen sowie Gabelstapler werden im eigenen Schulungszentrum angeboten.<\/p>\n<p><strong>5. Was war Ihr gr\u00f6\u00dftes Erfolgserlebnis im beruflichen und privaten Bereich?<\/strong><br \/>\n1998 wurden bei Franz Heiland von Hematec (CTE German H\u00e4ndlerwelt) die ersten zwei Anh\u00e4ngerb\u00fchnen gekauft. Bis heute haben wir den Fuhrpark auf \u00fcber 100 Maschinen ausweiten k\u00f6nnen. Dank des unerm\u00fcdlichen Einsatzes aller Mitarbeiter konnte diese Gr\u00f6\u00dfe innerhalb von einem \u00fcberschaubaren Zeitraum erreicht werden. Darauf sind wir stolz.<\/p>\n","protected":false},"excerpt":{"rendered":"<p>&nbsp; Salgert bieten Ihnen einen Mietservice f\u00fcr Arbeitsb\u00fchnen und Teleskopstapler in Deutschland. Mit einer gro\u00dfen Auswahl an Arbeitsb\u00fchnen bietet dieses Unternehmen fortschrittliche Technologien f\u00fcr Deutschland. &nbsp; 1. Wie hat sich der Markt in letzter Zeit entwickelt? Die kontinuierlichen Umsatzsteigerungen der vergangenen Jahre konnten dieses Jahr nicht erreicht werden. Wir werden das Vorjahresniveau allerdings halten k\u00f6nnen. [&hellip;]<\/p>\n","protected":false},"author":2,"featured_media":9302,"comment_status":"open","ping_status":"open","sticky":false,"template":"","format":"standard","meta":{"_acf_changed":false,"_et_pb_use_builder":"","_et_pb_old_content":"","_et_gb_content_width":"","footnotes":""},"categories":[195],"tags":[],"class_list":["post-17118","post","type-post","status-publish","format-standard","has-post-thumbnail","hentry","category-magazine-easy-de"],"acf":[],"yoast_head":"<!-- This site is optimized with the Yoast SEO plugin v28.1 - https:\/\/yoast.com\/product\/yoast-seo-wordpress\/ -->\n<title>LEUTE - INTERVIEW mit Wolfgang Salgert - CTE<\/title>\n<meta name=\"robots\" content=\"noindex, follow, max-snippet:-1, max-image-preview:large, max-video-preview:-1\" \/>\n<meta property=\"og:locale\" content=\"de_DE\" \/>\n<meta property=\"og:type\" content=\"article\" \/>\n<meta property=\"og:title\" content=\"LEUTE - INTERVIEW mit Wolfgang Salgert - CTE\" \/>\n<meta property=\"og:description\" content=\"&nbsp; Salgert bieten Ihnen einen Mietservice f\u00fcr Arbeitsb\u00fchnen und Teleskopstapler in Deutschland. Mit einer gro\u00dfen Auswahl an Arbeitsb\u00fchnen bietet dieses Unternehmen fortschrittliche Technologien f\u00fcr Deutschland. &nbsp; 1. Wie hat sich der Markt in letzter Zeit entwickelt? Die kontinuierlichen Umsatzsteigerungen der vergangenen Jahre konnten dieses Jahr nicht erreicht werden. Wir werden das Vorjahresniveau allerdings halten k\u00f6nnen. [&hellip;]\" \/>\n<meta property=\"og:url\" content=\"https:\/\/staging.ctelift.com\/de\/people-on-the-market-intervista-a-wolfgang-salgert\/\" \/>\n<meta property=\"og:site_name\" content=\"CTE\" \/>\n<meta property=\"article:published_time\" content=\"2012-11-12T13:00:00+00:00\" \/>\n<meta property=\"article:modified_time\" content=\"2015-12-17T11:38:06+00:00\" \/>\n<meta property=\"og:image\" content=\"https:\/\/staging.ctelift.com\/wp-content\/uploads\/importer\/1_1604_L0_I2_salgert2-sm.jpg\" \/>\n\t<meta property=\"og:image:width\" content=\"265\" \/>\n\t<meta property=\"og:image:height\" content=\"199\" \/>\n\t<meta property=\"og:image:type\" content=\"image\/jpeg\" \/>\n<meta name=\"author\" content=\"cteuser\" \/>\n<meta name=\"twitter:card\" content=\"summary_large_image\" \/>\n<meta name=\"twitter:label1\" content=\"Verfasst von\" \/>\n\t<meta name=\"twitter:data1\" content=\"cteuser\" \/>\n\t<meta name=\"twitter:label2\" content=\"Gesch\u00e4tzte Lesezeit\" \/>\n\t<meta name=\"twitter:data2\" content=\"1\u00a0Minute\" \/>\n<script type=\"application\/ld+json\" class=\"yoast-schema-graph\">{\"@context\":\"https:\\\/\\\/schema.org\",\"@graph\":[{\"@type\":\"Article\",\"@id\":\"https:\\\/\\\/staging.ctelift.com\\\/de\\\/people-on-the-market-intervista-a-wolfgang-salgert\\\/#article\",\"isPartOf\":{\"@id\":\"https:\\\/\\\/staging.ctelift.com\\\/de\\\/people-on-the-market-intervista-a-wolfgang-salgert\\\/\"},\"author\":{\"name\":\"cteuser\",\"@id\":\"https:\\\/\\\/staging.ctelift.com\\\/#\\\/schema\\\/person\\\/b83f56a5bd85503f355fa1544c350ab9\"},\"headline\":\"LEUTE &#8211; INTERVIEW mit Wolfgang Salgert\",\"datePublished\":\"2012-11-12T13:00:00+00:00\",\"dateModified\":\"2015-12-17T11:38:06+00:00\",\"mainEntityOfPage\":{\"@id\":\"https:\\\/\\\/staging.ctelift.com\\\/de\\\/people-on-the-market-intervista-a-wolfgang-salgert\\\/\"},\"wordCount\":265,\"commentCount\":0,\"image\":{\"@id\":\"https:\\\/\\\/staging.ctelift.com\\\/de\\\/people-on-the-market-intervista-a-wolfgang-salgert\\\/#primaryimage\"},\"thumbnailUrl\":\"https:\\\/\\\/staging.ctelift.com\\\/wp-content\\\/uploads\\\/importer\\\/1_1604_L0_I2_salgert2-sm.jpg\",\"articleSection\":[\"Magazine EASY\"],\"inLanguage\":\"de\",\"potentialAction\":[{\"@type\":\"CommentAction\",\"name\":\"Comment\",\"target\":[\"https:\\\/\\\/staging.ctelift.com\\\/de\\\/people-on-the-market-intervista-a-wolfgang-salgert\\\/#respond\"]}]},{\"@type\":\"WebPage\",\"@id\":\"https:\\\/\\\/staging.ctelift.com\\\/de\\\/people-on-the-market-intervista-a-wolfgang-salgert\\\/\",\"url\":\"https:\\\/\\\/staging.ctelift.com\\\/de\\\/people-on-the-market-intervista-a-wolfgang-salgert\\\/\",\"name\":\"LEUTE - INTERVIEW mit Wolfgang Salgert - CTE\",\"isPartOf\":{\"@id\":\"https:\\\/\\\/staging.ctelift.com\\\/#website\"},\"primaryImageOfPage\":{\"@id\":\"https:\\\/\\\/staging.ctelift.com\\\/de\\\/people-on-the-market-intervista-a-wolfgang-salgert\\\/#primaryimage\"},\"image\":{\"@id\":\"https:\\\/\\\/staging.ctelift.com\\\/de\\\/people-on-the-market-intervista-a-wolfgang-salgert\\\/#primaryimage\"},\"thumbnailUrl\":\"https:\\\/\\\/staging.ctelift.com\\\/wp-content\\\/uploads\\\/importer\\\/1_1604_L0_I2_salgert2-sm.jpg\",\"datePublished\":\"2012-11-12T13:00:00+00:00\",\"dateModified\":\"2015-12-17T11:38:06+00:00\",\"author\":{\"@id\":\"https:\\\/\\\/staging.ctelift.com\\\/#\\\/schema\\\/person\\\/b83f56a5bd85503f355fa1544c350ab9\"},\"breadcrumb\":{\"@id\":\"https:\\\/\\\/staging.ctelift.com\\\/de\\\/people-on-the-market-intervista-a-wolfgang-salgert\\\/#breadcrumb\"},\"inLanguage\":\"de\",\"potentialAction\":[{\"@type\":\"ReadAction\",\"target\":[\"https:\\\/\\\/staging.ctelift.com\\\/de\\\/people-on-the-market-intervista-a-wolfgang-salgert\\\/\"]}]},{\"@type\":\"ImageObject\",\"inLanguage\":\"de\",\"@id\":\"https:\\\/\\\/staging.ctelift.com\\\/de\\\/people-on-the-market-intervista-a-wolfgang-salgert\\\/#primaryimage\",\"url\":\"https:\\\/\\\/staging.ctelift.com\\\/wp-content\\\/uploads\\\/importer\\\/1_1604_L0_I2_salgert2-sm.jpg\",\"contentUrl\":\"https:\\\/\\\/staging.ctelift.com\\\/wp-content\\\/uploads\\\/importer\\\/1_1604_L0_I2_salgert2-sm.jpg\",\"width\":265,\"height\":199},{\"@type\":\"BreadcrumbList\",\"@id\":\"https:\\\/\\\/staging.ctelift.com\\\/de\\\/people-on-the-market-intervista-a-wolfgang-salgert\\\/#breadcrumb\",\"itemListElement\":[{\"@type\":\"ListItem\",\"position\":1,\"name\":\"Home\",\"item\":\"https:\\\/\\\/staging.ctelift.com\\\/de\\\/\"},{\"@type\":\"ListItem\",\"position\":2,\"name\":\"LEUTE &#8211; INTERVIEW mit Wolfgang Salgert\"}]},{\"@type\":\"WebSite\",\"@id\":\"https:\\\/\\\/staging.ctelift.com\\\/#website\",\"url\":\"https:\\\/\\\/staging.ctelift.com\\\/\",\"name\":\"CTE\",\"description\":\"work becomes easy\",\"potentialAction\":[{\"@type\":\"SearchAction\",\"target\":{\"@type\":\"EntryPoint\",\"urlTemplate\":\"https:\\\/\\\/staging.ctelift.com\\\/?s={search_term_string}\"},\"query-input\":{\"@type\":\"PropertyValueSpecification\",\"valueRequired\":true,\"valueName\":\"search_term_string\"}}],\"inLanguage\":\"de\"},{\"@type\":\"Person\",\"@id\":\"https:\\\/\\\/staging.ctelift.com\\\/#\\\/schema\\\/person\\\/b83f56a5bd85503f355fa1544c350ab9\",\"name\":\"cteuser\",\"url\":\"https:\\\/\\\/staging.ctelift.com\\\/de\\\/author\\\/cteuser\\\/\"}]}<\/script>\n<!-- \/ Yoast SEO plugin. -->","yoast_head_json":{"title":"LEUTE - INTERVIEW mit Wolfgang Salgert - CTE","robots":{"index":"noindex","follow":"follow","max-snippet":"max-snippet:-1","max-image-preview":"max-image-preview:large","max-video-preview":"max-video-preview:-1"},"og_locale":"de_DE","og_type":"article","og_title":"LEUTE - INTERVIEW mit Wolfgang Salgert - CTE","og_description":"&nbsp; Salgert bieten Ihnen einen Mietservice f\u00fcr Arbeitsb\u00fchnen und Teleskopstapler in Deutschland. Mit einer gro\u00dfen Auswahl an Arbeitsb\u00fchnen bietet dieses Unternehmen fortschrittliche Technologien f\u00fcr Deutschland. &nbsp; 1. Wie hat sich der Markt in letzter Zeit entwickelt? Die kontinuierlichen Umsatzsteigerungen der vergangenen Jahre konnten dieses Jahr nicht erreicht werden. Wir werden das Vorjahresniveau allerdings halten k\u00f6nnen. [&hellip;]","og_url":"https:\/\/staging.ctelift.com\/de\/people-on-the-market-intervista-a-wolfgang-salgert\/","og_site_name":"CTE","article_published_time":"2012-11-12T13:00:00+00:00","article_modified_time":"2015-12-17T11:38:06+00:00","og_image":[{"width":265,"height":199,"url":"https:\/\/staging.ctelift.com\/wp-content\/uploads\/importer\/1_1604_L0_I2_salgert2-sm.jpg","type":"image\/jpeg"}],"author":"cteuser","twitter_card":"summary_large_image","twitter_misc":{"Verfasst von":"cteuser","Gesch\u00e4tzte Lesezeit":"1\u00a0Minute"},"schema":{"@context":"https:\/\/schema.org","@graph":[{"@type":"Article","@id":"https:\/\/staging.ctelift.com\/de\/people-on-the-market-intervista-a-wolfgang-salgert\/#article","isPartOf":{"@id":"https:\/\/staging.ctelift.com\/de\/people-on-the-market-intervista-a-wolfgang-salgert\/"},"author":{"name":"cteuser","@id":"https:\/\/staging.ctelift.com\/#\/schema\/person\/b83f56a5bd85503f355fa1544c350ab9"},"headline":"LEUTE &#8211; INTERVIEW mit Wolfgang Salgert","datePublished":"2012-11-12T13:00:00+00:00","dateModified":"2015-12-17T11:38:06+00:00","mainEntityOfPage":{"@id":"https:\/\/staging.ctelift.com\/de\/people-on-the-market-intervista-a-wolfgang-salgert\/"},"wordCount":265,"commentCount":0,"image":{"@id":"https:\/\/staging.ctelift.com\/de\/people-on-the-market-intervista-a-wolfgang-salgert\/#primaryimage"},"thumbnailUrl":"https:\/\/staging.ctelift.com\/wp-content\/uploads\/importer\/1_1604_L0_I2_salgert2-sm.jpg","articleSection":["Magazine EASY"],"inLanguage":"de","potentialAction":[{"@type":"CommentAction","name":"Comment","target":["https:\/\/staging.ctelift.com\/de\/people-on-the-market-intervista-a-wolfgang-salgert\/#respond"]}]},{"@type":"WebPage","@id":"https:\/\/staging.ctelift.com\/de\/people-on-the-market-intervista-a-wolfgang-salgert\/","url":"https:\/\/staging.ctelift.com\/de\/people-on-the-market-intervista-a-wolfgang-salgert\/","name":"LEUTE - INTERVIEW mit Wolfgang Salgert - CTE","isPartOf":{"@id":"https:\/\/staging.ctelift.com\/#website"},"primaryImageOfPage":{"@id":"https:\/\/staging.ctelift.com\/de\/people-on-the-market-intervista-a-wolfgang-salgert\/#primaryimage"},"image":{"@id":"https:\/\/staging.ctelift.com\/de\/people-on-the-market-intervista-a-wolfgang-salgert\/#primaryimage"},"thumbnailUrl":"https:\/\/staging.ctelift.com\/wp-content\/uploads\/importer\/1_1604_L0_I2_salgert2-sm.jpg","datePublished":"2012-11-12T13:00:00+00:00","dateModified":"2015-12-17T11:38:06+00:00","author":{"@id":"https:\/\/staging.ctelift.com\/#\/schema\/person\/b83f56a5bd85503f355fa1544c350ab9"},"breadcrumb":{"@id":"https:\/\/staging.ctelift.com\/de\/people-on-the-market-intervista-a-wolfgang-salgert\/#breadcrumb"},"inLanguage":"de","potentialAction":[{"@type":"ReadAction","target":["https:\/\/staging.ctelift.com\/de\/people-on-the-market-intervista-a-wolfgang-salgert\/"]}]},{"@type":"ImageObject","inLanguage":"de","@id":"https:\/\/staging.ctelift.com\/de\/people-on-the-market-intervista-a-wolfgang-salgert\/#primaryimage","url":"https:\/\/staging.ctelift.com\/wp-content\/uploads\/importer\/1_1604_L0_I2_salgert2-sm.jpg","contentUrl":"https:\/\/staging.ctelift.com\/wp-content\/uploads\/importer\/1_1604_L0_I2_salgert2-sm.jpg","width":265,"height":199},{"@type":"BreadcrumbList","@id":"https:\/\/staging.ctelift.com\/de\/people-on-the-market-intervista-a-wolfgang-salgert\/#breadcrumb","itemListElement":[{"@type":"ListItem","position":1,"name":"Home","item":"https:\/\/staging.ctelift.com\/de\/"},{"@type":"ListItem","position":2,"name":"LEUTE &#8211; INTERVIEW mit Wolfgang Salgert"}]},{"@type":"WebSite","@id":"https:\/\/staging.ctelift.com\/#website","url":"https:\/\/staging.ctelift.com\/","name":"CTE","description":"work becomes easy","potentialAction":[{"@type":"SearchAction","target":{"@type":"EntryPoint","urlTemplate":"https:\/\/staging.ctelift.com\/?s={search_term_string}"},"query-input":{"@type":"PropertyValueSpecification","valueRequired":true,"valueName":"search_term_string"}}],"inLanguage":"de"},{"@type":"Person","@id":"https:\/\/staging.ctelift.com\/#\/schema\/person\/b83f56a5bd85503f355fa1544c350ab9","name":"cteuser","url":"https:\/\/staging.ctelift.com\/de\/author\/cteuser\/"}]}},"_links":{"self":[{"href":"https:\/\/staging.ctelift.com\/de\/wp-json\/wp\/v2\/posts\/17118","targetHints":{"allow":["GET"]}}],"collection":[{"href":"https:\/\/staging.ctelift.com\/de\/wp-json\/wp\/v2\/posts"}],"about":[{"href":"https:\/\/staging.ctelift.com\/de\/wp-json\/wp\/v2\/types\/post"}],"author":[{"embeddable":true,"href":"https:\/\/staging.ctelift.com\/de\/wp-json\/wp\/v2\/users\/2"}],"replies":[{"embeddable":true,"href":"https:\/\/staging.ctelift.com\/de\/wp-json\/wp\/v2\/comments?post=17118"}],"version-history":[{"count":2,"href":"https:\/\/staging.ctelift.com\/de\/wp-json\/wp\/v2\/posts\/17118\/revisions"}],"predecessor-version":[{"id":17120,"href":"https:\/\/staging.ctelift.com\/de\/wp-json\/wp\/v2\/posts\/17118\/revisions\/17120"}],"wp:featuredmedia":[{"embeddable":true,"href":"https:\/\/staging.ctelift.com\/de\/wp-json\/wp\/v2\/media\/9302"}],"wp:attachment":[{"href":"https:\/\/staging.ctelift.com\/de\/wp-json\/wp\/v2\/media?parent=17118"}],"wp:term":[{"taxonomy":"category","embeddable":true,"href":"https:\/\/staging.ctelift.com\/de\/wp-json\/wp\/v2\/categories?post=17118"},{"taxonomy":"post_tag","embeddable":true,"href":"https:\/\/staging.ctelift.com\/de\/wp-json\/wp\/v2\/tags?post=17118"}],"curies":[{"name":"wp","href":"https:\/\/api.w.org\/{rel}","templated":true}]}}