{"id":17132,"date":"2012-09-07T11:00:00","date_gmt":"2012-09-07T09:00:00","guid":{"rendered":"https:\/\/www.ctelift.com\/de\/2012\/09\/07\/people-on-the-market-intervista-a-mauro-brunelli-di-scaligera-service-verona\/"},"modified":"2015-12-17T12:48:12","modified_gmt":"2015-12-17T11:48:12","slug":"people-on-the-market-intervista-a-mauro-brunelli-di-scaligera-service-verona","status":"publish","type":"post","link":"https:\/\/staging.ctelift.com\/de\/people-on-the-market-intervista-a-mauro-brunelli-di-scaligera-service-verona\/","title":{"rendered":"LEUTE &#8211; INTERVIEW mit Scaligera Service"},"content":{"rendered":"<p><strong>Mauro Brunelli arbeitet seit 1998 im Familienbetrieb Scaligera Service in Verona. 1978 gegr\u00fcndet, widmete sich das Unternehmen zun\u00e4chst der Montage von Fertigteilbauten, verlegte seinen Schwerpunkt 1997 jedoch auf die Vermietung von Hubarbeitsb\u00fchnen und Arbeitsmaschinen. Es ist in Venetien, Trient-S\u00fcdtirol und der Lombardei t\u00e4tig.<\/strong><br \/>\n<strong>1. Herr Brunelli, angesichts der gro\u00dfen geographischen Reichweite Ihres Unternehmens gleich die erste Frage: Wie ist Ihre Beziehung zu den Mitbewerbern? Treten sie auf dem Markt als wettbewerbsbewusster, dynamischer Anbieter auf?<\/strong><br \/>\nIch bin \u00fcberzeugt, dass es in unserer Branche von Vorteil ist, konkurrenzf\u00e4hige Mitbewerber zu haben: Das motiviert uns, st\u00e4ndig an uns zu arbeiten und uns verst\u00e4rkt um alle Aspekte unserer Dienstleistung zu k\u00fcmmern \u2013 nicht nur um den Preis. Ich betrachte den Wettbewerb gerne als eine Art Kooperation, denn es kommt h\u00e4ufig vor, dass Unternehmen derselben Branche Beziehungen kn\u00fcpfen, um gut miteinander auszukommen und sich bei Bedarf gegenseitig zu helfen.<\/p>\n<p><strong>2. Wie hat sich der Markt in der letzten Zeit entwickelt?<\/strong><br \/>\nSehr gut, wenn ich die Anzahl der 2012 vermieteten Ausr\u00fcstungen betrachte. Weniger rosig ist die Situation bei der P\u00fcnktlichkeit der Zahlungen. Die Krise, die unser Land durchmacht, hat viele Wirtschaftst\u00e4tige in die Knie gezwungen, die mangels fl\u00fcssiger Mittel Maschinen mieten statt zu kaufen. Die Vermieter treten somit an die Stelle der Hersteller von Arbeitsmaschinen und mitunter auch an jene der Banken\u2013 das merken wir an den Zahlungsverz\u00f6gerungen. Was uns betrifft, haben wir in den letzten Monaten verschiedene Maschinen angekauft, darunter zwei Lkw-Arbeitsb\u00fchnen CTE ZED 21 JH, und einige gebrauchte Ger\u00e4te verkauft, die vielleicht nicht mehr neu genug waren, um sie zu vermieten.<\/p>\n<p><strong>3. Wie ist Ihr Kundendienst organisiert?<\/strong><br \/>\nDer Kundendienst steht bei uns an allererster Stelle. Ich glaube, ich habe in all den Jahren, in denen ich vermiete, keine Panne l\u00e4nger als einen Tag anstehen lassen &#8211; das ist ein Service, den unsere Kundschaft sehr sch\u00e4tzt. Dank unserer hochspezialisierten Techniker unter der Leitung meines Mitgesellschafters Fabio k\u00f6nnen viele Probleme telefonisch gel\u00f6st werden. Andernfalls kommen wir zur Baustelle und sorgen innerhalb weniger Stunden daf\u00fcr, dass die Arbeit wieder aufgenommen werden kann.<\/p>\n<p><strong>4. Wie gro\u00df ist Ihr Maschinenpark?<\/strong><br \/>\nMomentan besteht er aus ca. 100 Maschinen.<\/p>\n<p><strong>5. Welche Typen von Maschinen f\u00fchren Sie?<\/strong><br \/>\nLkw-B\u00fchnen, selbstfahrende Scheren- und Gelenkarbeitsb\u00fchnen mit Diesel- und Elektroantrieb, Raupenarbeitsb\u00fchnen, Teleskoplifte, Lkw mit Kippladefl\u00e4che, Kran-Lkw und Minibagger. Vor wenigen Monaten haben wir die neue Linie AUSR\u00dcSTUNGEN lanciert und vermieten nun auch Ausr\u00fcstungen f\u00fcr die Bereiche Bau, Garten, Reinigung, Heimwerker und Stromaggregate.<\/p>\n<p><strong>6. Wie lautet Ihr &#8222;Rezept&#8220;? Welche Werte verfolgen Sie bei Ihrer t\u00e4glichen Arbeit?<\/strong><br \/>\nService wird bei uns ganz gro\u00df geschrieben. Unser Unternehmen ist ein Familienbetrieb und wird von mir gemeinsam mit meinem Vater und meinen Vettern Fabio und Giuseppe geleitet. Wir sperren um sieben Uhr morgens auf und schlie\u00dfen oft nicht vor acht Uhr abends. Unsere zwanzig Angestellten leisten nat\u00fcrlich wertvolle Hilfe. Wir sind ganz f\u00fcr den Kunden da und stehen ihm ab dem Moment der Bestellung mit Rat und Tat zur Seite. Wir f\u00fchren Lokalaugenscheine auf der Baustelle durch, um die richtigen Arbeitsger\u00e4te ausw\u00e4hlen zu k\u00f6nnen, und bieten einen raschen und effizienten Kundendienst w\u00e4hrend der Mietdauer. Bei der R\u00fcckgabe der Ger\u00e4te interessieren wir uns sehr f\u00fcr das Feedback, das wir von unserer Kunden erhalten.<\/p>\n<p><strong>7. Wie viele CTE-B\u00fchnen besitzen Sie?<\/strong><br \/>\nCa. 40 B\u00fchnen von CTE und Genie.<\/p>\n<p><strong>8. Warum haben Sie sich f\u00fcr CTE-Arbeitsb\u00fchnen entschieden?<\/strong><br \/>\nWegen der Qualit\u00e4t der Produkte.<\/p>\n<p><strong>9. Welche Eigenschaften der CTE-Arbeitsb\u00fchnen \u00fcberzeugen besonders?<\/strong><br \/>\nZum Beispiel der Scherenausleger f\u00fcr Arbeiten in Gr\u00fcnanlagen.<\/p>\n<p><strong>10. Worauf achten Ihre Kunden, wenn sie eine Arbeitsb\u00fchne mieten? Was beeinflusst heute ihre Wahl?<\/strong><br \/>\nAuf p\u00fcnktliche Lieferungen, zuverl\u00e4ssige Arbeitsb\u00fchnen, dass es keine Pannen auf der Baustelle gibt und ein qualifiziertes Personal, das im Bedarfsfall zur Verf\u00fcgung steht.<br \/>\n<strong>PERS\u00d6NLICHE FRAGEN:<\/strong><\/p>\n<p><strong>11. Vermieter ist Ihr Beruf, aber was ist Ihre Leidenschaft?<\/strong><br \/>\nMeine gr\u00f6\u00dfte Leidenschaft sind Autos, die habe ich momentan aber hintangestellt, um Zeit f\u00fcr meine Familie zu haben, die mich t\u00e4glich aufs Neue gl\u00fccklich macht: Meine Frau und ich erwarten gerade unser zweites Kind. Wenn meine Kinder einmal gro\u00df sind, werde ich mich wieder meiner alten Leidenschaft widmen. Bis dahin spiele ich hobbym\u00e4\u00dfig Street Soccer bei einem Team, dessen Sponsor wir sind. Au\u00dferdem bin ich ein gro\u00dfer Fan der Fu\u00dfballmannschaft Hellas Verona.<\/p>\n<p><strong>12. Was war Ihr gr\u00f6\u00dftes Erfolgserlebnis im beruflichen und privaten Bereich?<\/strong><br \/>\nDie gr\u00f6\u00dfte Befriedigung ist, das von meinem Vater Augusto gegr\u00fcndete Unternehmen erfolgreich weitergef\u00fchrt zu haben, in vielen kleinen Schritten und mit dem Ziel, sie f\u00fcr meine Nachfolger weiter wachsen zu lassen.<\/p>\n<p align=\"justify\">\n","protected":false},"excerpt":{"rendered":"<p>Mauro Brunelli arbeitet seit 1998 im Familienbetrieb Scaligera Service in Verona. 1978 gegr\u00fcndet, widmete sich das Unternehmen zun\u00e4chst der Montage von Fertigteilbauten, verlegte seinen Schwerpunkt 1997 jedoch auf die Vermietung von Hubarbeitsb\u00fchnen und Arbeitsmaschinen. Es ist in Venetien, Trient-S\u00fcdtirol und der Lombardei t\u00e4tig. 1. Herr Brunelli, angesichts der gro\u00dfen geographischen Reichweite Ihres Unternehmens gleich die [&hellip;]<\/p>\n","protected":false},"author":2,"featured_media":9350,"comment_status":"open","ping_status":"open","sticky":false,"template":"","format":"standard","meta":{"_acf_changed":false,"_et_pb_use_builder":"","_et_pb_old_content":"","_et_gb_content_width":"","footnotes":""},"categories":[195],"tags":[],"class_list":["post-17132","post","type-post","status-publish","format-standard","has-post-thumbnail","hentry","category-magazine-easy-de"],"acf":[],"yoast_head":"<!-- This site is optimized with the Yoast SEO plugin v28.1 - https:\/\/yoast.com\/product\/yoast-seo-wordpress\/ -->\n<title>LEUTE - INTERVIEW mit Scaligera Service - CTE<\/title>\n<meta name=\"robots\" content=\"noindex, follow, max-snippet:-1, max-image-preview:large, max-video-preview:-1\" \/>\n<meta property=\"og:locale\" content=\"de_DE\" \/>\n<meta property=\"og:type\" content=\"article\" \/>\n<meta property=\"og:title\" content=\"LEUTE - INTERVIEW mit Scaligera Service - CTE\" \/>\n<meta property=\"og:description\" content=\"Mauro Brunelli arbeitet seit 1998 im Familienbetrieb Scaligera Service in Verona. 1978 gegr\u00fcndet, widmete sich das Unternehmen zun\u00e4chst der Montage von Fertigteilbauten, verlegte seinen Schwerpunkt 1997 jedoch auf die Vermietung von Hubarbeitsb\u00fchnen und Arbeitsmaschinen. Es ist in Venetien, Trient-S\u00fcdtirol und der Lombardei t\u00e4tig. 1. Herr Brunelli, angesichts der gro\u00dfen geographischen Reichweite Ihres Unternehmens gleich die [&hellip;]\" \/>\n<meta property=\"og:url\" content=\"https:\/\/staging.ctelift.com\/de\/people-on-the-market-intervista-a-mauro-brunelli-di-scaligera-service-verona\/\" \/>\n<meta property=\"og:site_name\" content=\"CTE\" \/>\n<meta property=\"article:published_time\" content=\"2012-09-07T09:00:00+00:00\" \/>\n<meta property=\"article:modified_time\" content=\"2015-12-17T11:48:12+00:00\" \/>\n<meta property=\"og:image\" content=\"https:\/\/staging.ctelift.com\/wp-content\/uploads\/importer\/1_1506_L0_I2_Brunelli%20-%20big.JPG\" \/>\n\t<meta property=\"og:image:width\" content=\"1024\" \/>\n\t<meta property=\"og:image:height\" content=\"683\" \/>\n\t<meta property=\"og:image:type\" content=\"image\/jpeg\" \/>\n<meta name=\"author\" content=\"cteuser\" \/>\n<meta name=\"twitter:card\" content=\"summary_large_image\" \/>\n<meta name=\"twitter:label1\" content=\"Verfasst von\" \/>\n\t<meta name=\"twitter:data1\" content=\"cteuser\" \/>\n\t<meta name=\"twitter:label2\" content=\"Gesch\u00e4tzte Lesezeit\" \/>\n\t<meta name=\"twitter:data2\" content=\"4\u00a0Minuten\" \/>\n<script type=\"application\/ld+json\" class=\"yoast-schema-graph\">{\"@context\":\"https:\\\/\\\/schema.org\",\"@graph\":[{\"@type\":\"Article\",\"@id\":\"https:\\\/\\\/staging.ctelift.com\\\/de\\\/people-on-the-market-intervista-a-mauro-brunelli-di-scaligera-service-verona\\\/#article\",\"isPartOf\":{\"@id\":\"https:\\\/\\\/staging.ctelift.com\\\/de\\\/people-on-the-market-intervista-a-mauro-brunelli-di-scaligera-service-verona\\\/\"},\"author\":{\"name\":\"cteuser\",\"@id\":\"https:\\\/\\\/staging.ctelift.com\\\/#\\\/schema\\\/person\\\/b83f56a5bd85503f355fa1544c350ab9\"},\"headline\":\"LEUTE &#8211; INTERVIEW mit Scaligera Service\",\"datePublished\":\"2012-09-07T09:00:00+00:00\",\"dateModified\":\"2015-12-17T11:48:12+00:00\",\"mainEntityOfPage\":{\"@id\":\"https:\\\/\\\/staging.ctelift.com\\\/de\\\/people-on-the-market-intervista-a-mauro-brunelli-di-scaligera-service-verona\\\/\"},\"wordCount\":783,\"commentCount\":0,\"image\":{\"@id\":\"https:\\\/\\\/staging.ctelift.com\\\/de\\\/people-on-the-market-intervista-a-mauro-brunelli-di-scaligera-service-verona\\\/#primaryimage\"},\"thumbnailUrl\":\"https:\\\/\\\/staging.ctelift.com\\\/wp-content\\\/uploads\\\/importer\\\/1_1506_L0_I2_Brunelli - big.JPG\",\"articleSection\":[\"Magazine EASY\"],\"inLanguage\":\"de\",\"potentialAction\":[{\"@type\":\"CommentAction\",\"name\":\"Comment\",\"target\":[\"https:\\\/\\\/staging.ctelift.com\\\/de\\\/people-on-the-market-intervista-a-mauro-brunelli-di-scaligera-service-verona\\\/#respond\"]}]},{\"@type\":\"WebPage\",\"@id\":\"https:\\\/\\\/staging.ctelift.com\\\/de\\\/people-on-the-market-intervista-a-mauro-brunelli-di-scaligera-service-verona\\\/\",\"url\":\"https:\\\/\\\/staging.ctelift.com\\\/de\\\/people-on-the-market-intervista-a-mauro-brunelli-di-scaligera-service-verona\\\/\",\"name\":\"LEUTE - INTERVIEW mit Scaligera Service - CTE\",\"isPartOf\":{\"@id\":\"https:\\\/\\\/staging.ctelift.com\\\/#website\"},\"primaryImageOfPage\":{\"@id\":\"https:\\\/\\\/staging.ctelift.com\\\/de\\\/people-on-the-market-intervista-a-mauro-brunelli-di-scaligera-service-verona\\\/#primaryimage\"},\"image\":{\"@id\":\"https:\\\/\\\/staging.ctelift.com\\\/de\\\/people-on-the-market-intervista-a-mauro-brunelli-di-scaligera-service-verona\\\/#primaryimage\"},\"thumbnailUrl\":\"https:\\\/\\\/staging.ctelift.com\\\/wp-content\\\/uploads\\\/importer\\\/1_1506_L0_I2_Brunelli - big.JPG\",\"datePublished\":\"2012-09-07T09:00:00+00:00\",\"dateModified\":\"2015-12-17T11:48:12+00:00\",\"author\":{\"@id\":\"https:\\\/\\\/staging.ctelift.com\\\/#\\\/schema\\\/person\\\/b83f56a5bd85503f355fa1544c350ab9\"},\"breadcrumb\":{\"@id\":\"https:\\\/\\\/staging.ctelift.com\\\/de\\\/people-on-the-market-intervista-a-mauro-brunelli-di-scaligera-service-verona\\\/#breadcrumb\"},\"inLanguage\":\"de\",\"potentialAction\":[{\"@type\":\"ReadAction\",\"target\":[\"https:\\\/\\\/staging.ctelift.com\\\/de\\\/people-on-the-market-intervista-a-mauro-brunelli-di-scaligera-service-verona\\\/\"]}]},{\"@type\":\"ImageObject\",\"inLanguage\":\"de\",\"@id\":\"https:\\\/\\\/staging.ctelift.com\\\/de\\\/people-on-the-market-intervista-a-mauro-brunelli-di-scaligera-service-verona\\\/#primaryimage\",\"url\":\"https:\\\/\\\/staging.ctelift.com\\\/wp-content\\\/uploads\\\/importer\\\/1_1506_L0_I2_Brunelli - big.JPG\",\"contentUrl\":\"https:\\\/\\\/staging.ctelift.com\\\/wp-content\\\/uploads\\\/importer\\\/1_1506_L0_I2_Brunelli - big.JPG\",\"width\":1024,\"height\":683},{\"@type\":\"BreadcrumbList\",\"@id\":\"https:\\\/\\\/staging.ctelift.com\\\/de\\\/people-on-the-market-intervista-a-mauro-brunelli-di-scaligera-service-verona\\\/#breadcrumb\",\"itemListElement\":[{\"@type\":\"ListItem\",\"position\":1,\"name\":\"Home\",\"item\":\"https:\\\/\\\/staging.ctelift.com\\\/de\\\/\"},{\"@type\":\"ListItem\",\"position\":2,\"name\":\"LEUTE &#8211; INTERVIEW mit Scaligera Service\"}]},{\"@type\":\"WebSite\",\"@id\":\"https:\\\/\\\/staging.ctelift.com\\\/#website\",\"url\":\"https:\\\/\\\/staging.ctelift.com\\\/\",\"name\":\"CTE\",\"description\":\"work becomes easy\",\"potentialAction\":[{\"@type\":\"SearchAction\",\"target\":{\"@type\":\"EntryPoint\",\"urlTemplate\":\"https:\\\/\\\/staging.ctelift.com\\\/?s={search_term_string}\"},\"query-input\":{\"@type\":\"PropertyValueSpecification\",\"valueRequired\":true,\"valueName\":\"search_term_string\"}}],\"inLanguage\":\"de\"},{\"@type\":\"Person\",\"@id\":\"https:\\\/\\\/staging.ctelift.com\\\/#\\\/schema\\\/person\\\/b83f56a5bd85503f355fa1544c350ab9\",\"name\":\"cteuser\",\"url\":\"https:\\\/\\\/staging.ctelift.com\\\/de\\\/author\\\/cteuser\\\/\"}]}<\/script>\n<!-- \/ Yoast SEO plugin. -->","yoast_head_json":{"title":"LEUTE - INTERVIEW mit Scaligera Service - CTE","robots":{"index":"noindex","follow":"follow","max-snippet":"max-snippet:-1","max-image-preview":"max-image-preview:large","max-video-preview":"max-video-preview:-1"},"og_locale":"de_DE","og_type":"article","og_title":"LEUTE - INTERVIEW mit Scaligera Service - CTE","og_description":"Mauro Brunelli arbeitet seit 1998 im Familienbetrieb Scaligera Service in Verona. 1978 gegr\u00fcndet, widmete sich das Unternehmen zun\u00e4chst der Montage von Fertigteilbauten, verlegte seinen Schwerpunkt 1997 jedoch auf die Vermietung von Hubarbeitsb\u00fchnen und Arbeitsmaschinen. Es ist in Venetien, Trient-S\u00fcdtirol und der Lombardei t\u00e4tig. 1. Herr Brunelli, angesichts der gro\u00dfen geographischen Reichweite Ihres Unternehmens gleich die [&hellip;]","og_url":"https:\/\/staging.ctelift.com\/de\/people-on-the-market-intervista-a-mauro-brunelli-di-scaligera-service-verona\/","og_site_name":"CTE","article_published_time":"2012-09-07T09:00:00+00:00","article_modified_time":"2015-12-17T11:48:12+00:00","og_image":[{"width":1024,"height":683,"url":"https:\/\/staging.ctelift.com\/wp-content\/uploads\/importer\/1_1506_L0_I2_Brunelli - big.JPG","type":"image\/jpeg"}],"author":"cteuser","twitter_card":"summary_large_image","twitter_misc":{"Verfasst von":"cteuser","Gesch\u00e4tzte Lesezeit":"4\u00a0Minuten"},"schema":{"@context":"https:\/\/schema.org","@graph":[{"@type":"Article","@id":"https:\/\/staging.ctelift.com\/de\/people-on-the-market-intervista-a-mauro-brunelli-di-scaligera-service-verona\/#article","isPartOf":{"@id":"https:\/\/staging.ctelift.com\/de\/people-on-the-market-intervista-a-mauro-brunelli-di-scaligera-service-verona\/"},"author":{"name":"cteuser","@id":"https:\/\/staging.ctelift.com\/#\/schema\/person\/b83f56a5bd85503f355fa1544c350ab9"},"headline":"LEUTE &#8211; INTERVIEW mit Scaligera Service","datePublished":"2012-09-07T09:00:00+00:00","dateModified":"2015-12-17T11:48:12+00:00","mainEntityOfPage":{"@id":"https:\/\/staging.ctelift.com\/de\/people-on-the-market-intervista-a-mauro-brunelli-di-scaligera-service-verona\/"},"wordCount":783,"commentCount":0,"image":{"@id":"https:\/\/staging.ctelift.com\/de\/people-on-the-market-intervista-a-mauro-brunelli-di-scaligera-service-verona\/#primaryimage"},"thumbnailUrl":"https:\/\/staging.ctelift.com\/wp-content\/uploads\/importer\/1_1506_L0_I2_Brunelli - big.JPG","articleSection":["Magazine EASY"],"inLanguage":"de","potentialAction":[{"@type":"CommentAction","name":"Comment","target":["https:\/\/staging.ctelift.com\/de\/people-on-the-market-intervista-a-mauro-brunelli-di-scaligera-service-verona\/#respond"]}]},{"@type":"WebPage","@id":"https:\/\/staging.ctelift.com\/de\/people-on-the-market-intervista-a-mauro-brunelli-di-scaligera-service-verona\/","url":"https:\/\/staging.ctelift.com\/de\/people-on-the-market-intervista-a-mauro-brunelli-di-scaligera-service-verona\/","name":"LEUTE - INTERVIEW mit Scaligera Service - CTE","isPartOf":{"@id":"https:\/\/staging.ctelift.com\/#website"},"primaryImageOfPage":{"@id":"https:\/\/staging.ctelift.com\/de\/people-on-the-market-intervista-a-mauro-brunelli-di-scaligera-service-verona\/#primaryimage"},"image":{"@id":"https:\/\/staging.ctelift.com\/de\/people-on-the-market-intervista-a-mauro-brunelli-di-scaligera-service-verona\/#primaryimage"},"thumbnailUrl":"https:\/\/staging.ctelift.com\/wp-content\/uploads\/importer\/1_1506_L0_I2_Brunelli - big.JPG","datePublished":"2012-09-07T09:00:00+00:00","dateModified":"2015-12-17T11:48:12+00:00","author":{"@id":"https:\/\/staging.ctelift.com\/#\/schema\/person\/b83f56a5bd85503f355fa1544c350ab9"},"breadcrumb":{"@id":"https:\/\/staging.ctelift.com\/de\/people-on-the-market-intervista-a-mauro-brunelli-di-scaligera-service-verona\/#breadcrumb"},"inLanguage":"de","potentialAction":[{"@type":"ReadAction","target":["https:\/\/staging.ctelift.com\/de\/people-on-the-market-intervista-a-mauro-brunelli-di-scaligera-service-verona\/"]}]},{"@type":"ImageObject","inLanguage":"de","@id":"https:\/\/staging.ctelift.com\/de\/people-on-the-market-intervista-a-mauro-brunelli-di-scaligera-service-verona\/#primaryimage","url":"https:\/\/staging.ctelift.com\/wp-content\/uploads\/importer\/1_1506_L0_I2_Brunelli - big.JPG","contentUrl":"https:\/\/staging.ctelift.com\/wp-content\/uploads\/importer\/1_1506_L0_I2_Brunelli - big.JPG","width":1024,"height":683},{"@type":"BreadcrumbList","@id":"https:\/\/staging.ctelift.com\/de\/people-on-the-market-intervista-a-mauro-brunelli-di-scaligera-service-verona\/#breadcrumb","itemListElement":[{"@type":"ListItem","position":1,"name":"Home","item":"https:\/\/staging.ctelift.com\/de\/"},{"@type":"ListItem","position":2,"name":"LEUTE &#8211; INTERVIEW mit Scaligera Service"}]},{"@type":"WebSite","@id":"https:\/\/staging.ctelift.com\/#website","url":"https:\/\/staging.ctelift.com\/","name":"CTE","description":"work becomes easy","potentialAction":[{"@type":"SearchAction","target":{"@type":"EntryPoint","urlTemplate":"https:\/\/staging.ctelift.com\/?s={search_term_string}"},"query-input":{"@type":"PropertyValueSpecification","valueRequired":true,"valueName":"search_term_string"}}],"inLanguage":"de"},{"@type":"Person","@id":"https:\/\/staging.ctelift.com\/#\/schema\/person\/b83f56a5bd85503f355fa1544c350ab9","name":"cteuser","url":"https:\/\/staging.ctelift.com\/de\/author\/cteuser\/"}]}},"_links":{"self":[{"href":"https:\/\/staging.ctelift.com\/de\/wp-json\/wp\/v2\/posts\/17132","targetHints":{"allow":["GET"]}}],"collection":[{"href":"https:\/\/staging.ctelift.com\/de\/wp-json\/wp\/v2\/posts"}],"about":[{"href":"https:\/\/staging.ctelift.com\/de\/wp-json\/wp\/v2\/types\/post"}],"author":[{"embeddable":true,"href":"https:\/\/staging.ctelift.com\/de\/wp-json\/wp\/v2\/users\/2"}],"replies":[{"embeddable":true,"href":"https:\/\/staging.ctelift.com\/de\/wp-json\/wp\/v2\/comments?post=17132"}],"version-history":[{"count":2,"href":"https:\/\/staging.ctelift.com\/de\/wp-json\/wp\/v2\/posts\/17132\/revisions"}],"predecessor-version":[{"id":17134,"href":"https:\/\/staging.ctelift.com\/de\/wp-json\/wp\/v2\/posts\/17132\/revisions\/17134"}],"wp:featuredmedia":[{"embeddable":true,"href":"https:\/\/staging.ctelift.com\/de\/wp-json\/wp\/v2\/media\/9350"}],"wp:attachment":[{"href":"https:\/\/staging.ctelift.com\/de\/wp-json\/wp\/v2\/media?parent=17132"}],"wp:term":[{"taxonomy":"category","embeddable":true,"href":"https:\/\/staging.ctelift.com\/de\/wp-json\/wp\/v2\/categories?post=17132"},{"taxonomy":"post_tag","embeddable":true,"href":"https:\/\/staging.ctelift.com\/de\/wp-json\/wp\/v2\/tags?post=17132"}],"curies":[{"name":"wp","href":"https:\/\/api.w.org\/{rel}","templated":true}]}}