{"id":17158,"date":"2012-07-11T15:00:00","date_gmt":"2012-07-11T13:00:00","guid":{"rendered":"https:\/\/www.ctelift.com\/de\/2012\/07\/11\/people-on-the-market-smart-platforms\/"},"modified":"2015-12-17T14:19:27","modified_gmt":"2015-12-17T13:19:27","slug":"people-on-the-market-smart-platforms","status":"publish","type":"post","link":"https:\/\/staging.ctelift.com\/de\/people-on-the-market-smart-platforms\/","title":{"rendered":"LEUTE &#8211; INTERVIEW mit Smart Platforms"},"content":{"rendered":"<p><strong>Smart Platforms feiert den 10. Jahrestag\u2026 mit der 150. Bestellung einer ZED-Hubarbeitsb\u00fchne<\/strong><\/p>\n<p>Smart Platforms Rental Ltd mit Sitz in London, Birmingham und Manchester feierte Anfang Juli den zehnten Jahrestags ihres Bestehens praktisch zeitgleich mit dem Eintreffen der 150. CTE-Hubarbeitsb\u00fchne, die Ende Juni bei den Vertikal Days in Haydock zu sehen war.<\/p>\n<p>Smart Platforms wurde 2002 von Andy Burt gegr\u00fcndet und ist auf die Vermietung von LKW-Arbeitsb\u00fchnen f\u00fcr die verschiedensten Anwendungsgebiete spezialisiert: Verkehrsanlagen, die Wartung von Geb\u00e4uden, die Ungezieferbeseitigung bis hin zu Baumschnitt und Stra\u00dfendekorationen.<\/p>\n<p>Der Maschinenpark besteht zu 97.3% aus 3.5 t \u2013 Hubarbeitsb\u00fchnen, von denen viele von CTE UK (der CTE-Niederlassung in Enderby, Leicestershire) stammen. Smart Platforms betrachtet CTE-Produkte seit jeher als ideal f\u00fcr die \u201cOne-business-Philosophie\u201d die sich auf LKW-Arbeitsb\u00fchnen konzentriert.<\/p>\n<p>Nicht weniger als 75 Arbeitsb\u00fchnen der beachtlichen Smart-Flotte kommen aus dem Hause CTE und werden in den drei St\u00fctzpunkten in London, Birmingham und Manchester vermietet. So \u00fcberrascht es nicht, dass nun auch die neue Gelenkteleskopb\u00fchne ZED 20.2 (20 m Arbeitsh\u00f6he, 9.2 m seitliche Reichweite, 230 kg Tragkraft im ganzen Arbeitsbereich mit H-Abst\u00fctzung) ins Repertoire aufgenommen wurde.<\/p>\n<p>Wir haben <strong>Andy Burt,<\/strong> den Gr\u00fcnder und Generaldirektor von <strong>Smart Platforms<\/strong>, f\u00fcr Easy Magazine interviewt:<\/p>\n<p><strong>Wie entwickelt sich der Markt in diesen Zeiten?<\/strong><\/p>\n<p>Marketing mag eine komplexe Wissenschaft sein, aber die gr\u00f6\u00dfte Befriedigung ist es doch, wenn sich neue Gesch\u00e4ftsm\u00f6glichkeiten \u00fcber bereits bestehende Kunden er\u00f6ffnen, die uns weiterempfehlen, weil sie mit der Kombination aus hochqualitativen Produkten und gutem Service positive Erfahrungen gemacht haben.<\/p>\n<p><strong>Wie hat sich der Markt in den letzten zehn Jahren entwickelt?<\/strong><\/p>\n<p>Die gr\u00f6\u00dfte Ver\u00e4nderung im Bereich der Selbstfahrer besteht in den Maschinen selbst und ihrer Vielseitigkeit: Statt der alten 5.5 e 7.7-Tonnern mit eingeschr\u00e4nkter Reichweite und \u00dcberhang nach hinten haben wir heute sichere und leicht zu bedienende Maschinen, die mit Motoren betrieben werden, die allen Umweltstandards entsprechen.<br \/>\nAu\u00dferdem haben im Vereinten K\u00f6nigreich die \u00c4nderungen des F\u00fchrerscheingesetzes die Betriebe gezwungen, nach neuen Alternativen zu suchen.<\/p>\n<p><strong>Wie lautet Ihr &#8222;Rezept&#8220;? Welche Werte verfolgen Sie bei Ihrer t\u00e4glichen Arbeit?<\/strong><\/p>\n<p>Wir haben hart gearbeitet und sind stolz, den Kunden von Smart Platforms Rental eine positive \u201eGebrauchserfahrung\u201c bieten zu k\u00f6nnen. Ziel unserer Bem\u00fchungen war es, von der Vermietung von Baumaschinen abzugehen und uns auf jene von Autos und Nutzfahrzeugen zu verlegen. Weitere Schwerpunkte sind die transparente Verkaufspolitik, die neue Flotte aus den besten und umweltfreundlichsten Fahrzeugen sowie unsere modernen B\u00fcros. Das ist das Ergebnis von 10 Jahren Aufbauarbeit.<\/p>\n<p><strong>Worauf achten Ihre Kunden, wenn sie eine Arbeitsb\u00fchne mieten? Was beeinflusst heute ihre Wahl?<\/strong><\/p>\n<p>Ganz einfach die technischen Anforderungen, der Preis und die einfache Anwendung \u2013 wenn auch nicht unbedingt in dieser Reihenfolge. Logischerweise sind das auch die Kriterien, auf die sich Smart Platforms st\u00fctzt, wenn neue Maschinen f\u00fcr die Mietflotte angeschafft werden.<\/p>\n<p><strong>Was war Ihr gr\u00f6\u00dftes Erfolgserlebnis im beruflichen und privaten Bereich?<\/strong><\/p>\n<p>Ein kreatives Unternehmen zu schaffen.<br \/>\nIch war immer der Meinung, dass Menschen die gr\u00f6\u00dfte Befriedigung aus Kreativit\u00e4t sch\u00f6pfen.<br \/>\nDiese Philosophie habe ich im beruflichen wie privaten Bereich verfolgt und auch versucht, sie durch ein kreativit\u00e4tsf\u00f6rderndes Arbeitsklima zu verwirklichen. Das Ergebnis ist ein kleines Team hochqualifizierter Leute, die stolz auf ihr Unternehmen sind. Unsere langj\u00e4hrigen Mitarbeiter sind der beste Beweis daf\u00fcr.<\/p>\n","protected":false},"excerpt":{"rendered":"<p>Smart Platforms feiert den 10. Jahrestag\u2026 mit der 150. Bestellung einer ZED-Hubarbeitsb\u00fchne Smart Platforms Rental Ltd mit Sitz in London, Birmingham und Manchester feierte Anfang Juli den zehnten Jahrestags ihres Bestehens praktisch zeitgleich mit dem Eintreffen der 150. CTE-Hubarbeitsb\u00fchne, die Ende Juni bei den Vertikal Days in Haydock zu sehen war. Smart Platforms wurde 2002 [&hellip;]<\/p>\n","protected":false},"author":1,"featured_media":14366,"comment_status":"open","ping_status":"open","sticky":false,"template":"","format":"standard","meta":{"_acf_changed":false,"_et_pb_use_builder":"","_et_pb_old_content":"","_et_gb_content_width":"","footnotes":""},"categories":[195],"tags":[],"class_list":["post-17158","post","type-post","status-publish","format-standard","has-post-thumbnail","hentry","category-magazine-easy-de"],"acf":[],"yoast_head":"<!-- This site is optimized with the Yoast SEO plugin v28.1 - https:\/\/yoast.com\/product\/yoast-seo-wordpress\/ -->\n<title>LEUTE - INTERVIEW mit Smart Platforms - CTE<\/title>\n<meta name=\"robots\" content=\"noindex, follow, max-snippet:-1, max-image-preview:large, max-video-preview:-1\" \/>\n<meta property=\"og:locale\" content=\"de_DE\" \/>\n<meta property=\"og:type\" content=\"article\" \/>\n<meta property=\"og:title\" content=\"LEUTE - INTERVIEW mit Smart Platforms - CTE\" \/>\n<meta property=\"og:description\" content=\"Smart Platforms feiert den 10. Jahrestag\u2026 mit der 150. Bestellung einer ZED-Hubarbeitsb\u00fchne Smart Platforms Rental Ltd mit Sitz in London, Birmingham und Manchester feierte Anfang Juli den zehnten Jahrestags ihres Bestehens praktisch zeitgleich mit dem Eintreffen der 150. CTE-Hubarbeitsb\u00fchne, die Ende Juni bei den Vertikal Days in Haydock zu sehen war. Smart Platforms wurde 2002 [&hellip;]\" \/>\n<meta property=\"og:url\" content=\"https:\/\/staging.ctelift.com\/de\/people-on-the-market-smart-platforms\/\" \/>\n<meta property=\"og:site_name\" content=\"CTE\" \/>\n<meta property=\"article:published_time\" content=\"2012-07-11T13:00:00+00:00\" \/>\n<meta property=\"article:modified_time\" content=\"2015-12-17T13:19:27+00:00\" \/>\n<meta property=\"og:image\" content=\"https:\/\/staging.ctelift.com\/wp-content\/uploads\/2012\/07\/Andy-Burt-for-Easy-Magazine-scaled.jpg\" \/>\n\t<meta property=\"og:image:width\" content=\"2560\" \/>\n\t<meta property=\"og:image:height\" content=\"1428\" \/>\n\t<meta property=\"og:image:type\" content=\"image\/jpeg\" \/>\n<meta name=\"author\" content=\"cteadmin\" \/>\n<meta name=\"twitter:card\" content=\"summary_large_image\" \/>\n<meta name=\"twitter:label1\" content=\"Verfasst von\" \/>\n\t<meta name=\"twitter:data1\" content=\"cteadmin\" \/>\n\t<meta name=\"twitter:label2\" content=\"Gesch\u00e4tzte Lesezeit\" \/>\n\t<meta name=\"twitter:data2\" content=\"3\u00a0Minuten\" \/>\n<script type=\"application\/ld+json\" class=\"yoast-schema-graph\">{\"@context\":\"https:\\\/\\\/schema.org\",\"@graph\":[{\"@type\":\"Article\",\"@id\":\"https:\\\/\\\/staging.ctelift.com\\\/de\\\/people-on-the-market-smart-platforms\\\/#article\",\"isPartOf\":{\"@id\":\"https:\\\/\\\/staging.ctelift.com\\\/de\\\/people-on-the-market-smart-platforms\\\/\"},\"author\":{\"name\":\"cteadmin\",\"@id\":\"https:\\\/\\\/staging.ctelift.com\\\/#\\\/schema\\\/person\\\/3d1611cbbd09c560704fceda5198f67c\"},\"headline\":\"LEUTE &#8211; INTERVIEW mit Smart Platforms\",\"datePublished\":\"2012-07-11T13:00:00+00:00\",\"dateModified\":\"2015-12-17T13:19:27+00:00\",\"mainEntityOfPage\":{\"@id\":\"https:\\\/\\\/staging.ctelift.com\\\/de\\\/people-on-the-market-smart-platforms\\\/\"},\"wordCount\":550,\"commentCount\":0,\"image\":{\"@id\":\"https:\\\/\\\/staging.ctelift.com\\\/de\\\/people-on-the-market-smart-platforms\\\/#primaryimage\"},\"thumbnailUrl\":\"https:\\\/\\\/staging.ctelift.com\\\/wp-content\\\/uploads\\\/2012\\\/07\\\/Andy-Burt-for-Easy-Magazine-scaled.jpg\",\"articleSection\":[\"Magazine EASY\"],\"inLanguage\":\"de\",\"potentialAction\":[{\"@type\":\"CommentAction\",\"name\":\"Comment\",\"target\":[\"https:\\\/\\\/staging.ctelift.com\\\/de\\\/people-on-the-market-smart-platforms\\\/#respond\"]}]},{\"@type\":\"WebPage\",\"@id\":\"https:\\\/\\\/staging.ctelift.com\\\/de\\\/people-on-the-market-smart-platforms\\\/\",\"url\":\"https:\\\/\\\/staging.ctelift.com\\\/de\\\/people-on-the-market-smart-platforms\\\/\",\"name\":\"LEUTE - INTERVIEW mit Smart Platforms - CTE\",\"isPartOf\":{\"@id\":\"https:\\\/\\\/staging.ctelift.com\\\/#website\"},\"primaryImageOfPage\":{\"@id\":\"https:\\\/\\\/staging.ctelift.com\\\/de\\\/people-on-the-market-smart-platforms\\\/#primaryimage\"},\"image\":{\"@id\":\"https:\\\/\\\/staging.ctelift.com\\\/de\\\/people-on-the-market-smart-platforms\\\/#primaryimage\"},\"thumbnailUrl\":\"https:\\\/\\\/staging.ctelift.com\\\/wp-content\\\/uploads\\\/2012\\\/07\\\/Andy-Burt-for-Easy-Magazine-scaled.jpg\",\"datePublished\":\"2012-07-11T13:00:00+00:00\",\"dateModified\":\"2015-12-17T13:19:27+00:00\",\"author\":{\"@id\":\"https:\\\/\\\/staging.ctelift.com\\\/#\\\/schema\\\/person\\\/3d1611cbbd09c560704fceda5198f67c\"},\"breadcrumb\":{\"@id\":\"https:\\\/\\\/staging.ctelift.com\\\/de\\\/people-on-the-market-smart-platforms\\\/#breadcrumb\"},\"inLanguage\":\"de\",\"potentialAction\":[{\"@type\":\"ReadAction\",\"target\":[\"https:\\\/\\\/staging.ctelift.com\\\/de\\\/people-on-the-market-smart-platforms\\\/\"]}]},{\"@type\":\"ImageObject\",\"inLanguage\":\"de\",\"@id\":\"https:\\\/\\\/staging.ctelift.com\\\/de\\\/people-on-the-market-smart-platforms\\\/#primaryimage\",\"url\":\"https:\\\/\\\/staging.ctelift.com\\\/wp-content\\\/uploads\\\/2012\\\/07\\\/Andy-Burt-for-Easy-Magazine-scaled.jpg\",\"contentUrl\":\"https:\\\/\\\/staging.ctelift.com\\\/wp-content\\\/uploads\\\/2012\\\/07\\\/Andy-Burt-for-Easy-Magazine-scaled.jpg\",\"width\":2560,\"height\":1428,\"caption\":\"AppleMark\"},{\"@type\":\"BreadcrumbList\",\"@id\":\"https:\\\/\\\/staging.ctelift.com\\\/de\\\/people-on-the-market-smart-platforms\\\/#breadcrumb\",\"itemListElement\":[{\"@type\":\"ListItem\",\"position\":1,\"name\":\"Home\",\"item\":\"https:\\\/\\\/staging.ctelift.com\\\/de\\\/\"},{\"@type\":\"ListItem\",\"position\":2,\"name\":\"LEUTE &#8211; INTERVIEW mit Smart Platforms\"}]},{\"@type\":\"WebSite\",\"@id\":\"https:\\\/\\\/staging.ctelift.com\\\/#website\",\"url\":\"https:\\\/\\\/staging.ctelift.com\\\/\",\"name\":\"CTE\",\"description\":\"work becomes easy\",\"potentialAction\":[{\"@type\":\"SearchAction\",\"target\":{\"@type\":\"EntryPoint\",\"urlTemplate\":\"https:\\\/\\\/staging.ctelift.com\\\/?s={search_term_string}\"},\"query-input\":{\"@type\":\"PropertyValueSpecification\",\"valueRequired\":true,\"valueName\":\"search_term_string\"}}],\"inLanguage\":\"de\"},{\"@type\":\"Person\",\"@id\":\"https:\\\/\\\/staging.ctelift.com\\\/#\\\/schema\\\/person\\\/3d1611cbbd09c560704fceda5198f67c\",\"name\":\"cteadmin\",\"url\":\"https:\\\/\\\/staging.ctelift.com\\\/de\\\/author\\\/cteadmin\\\/\"}]}<\/script>\n<!-- \/ Yoast SEO plugin. -->","yoast_head_json":{"title":"LEUTE - INTERVIEW mit Smart Platforms - CTE","robots":{"index":"noindex","follow":"follow","max-snippet":"max-snippet:-1","max-image-preview":"max-image-preview:large","max-video-preview":"max-video-preview:-1"},"og_locale":"de_DE","og_type":"article","og_title":"LEUTE - INTERVIEW mit Smart Platforms - CTE","og_description":"Smart Platforms feiert den 10. Jahrestag\u2026 mit der 150. Bestellung einer ZED-Hubarbeitsb\u00fchne Smart Platforms Rental Ltd mit Sitz in London, Birmingham und Manchester feierte Anfang Juli den zehnten Jahrestags ihres Bestehens praktisch zeitgleich mit dem Eintreffen der 150. CTE-Hubarbeitsb\u00fchne, die Ende Juni bei den Vertikal Days in Haydock zu sehen war. Smart Platforms wurde 2002 [&hellip;]","og_url":"https:\/\/staging.ctelift.com\/de\/people-on-the-market-smart-platforms\/","og_site_name":"CTE","article_published_time":"2012-07-11T13:00:00+00:00","article_modified_time":"2015-12-17T13:19:27+00:00","og_image":[{"width":2560,"height":1428,"url":"https:\/\/staging.ctelift.com\/wp-content\/uploads\/2012\/07\/Andy-Burt-for-Easy-Magazine-scaled.jpg","type":"image\/jpeg"}],"author":"cteadmin","twitter_card":"summary_large_image","twitter_misc":{"Verfasst von":"cteadmin","Gesch\u00e4tzte Lesezeit":"3\u00a0Minuten"},"schema":{"@context":"https:\/\/schema.org","@graph":[{"@type":"Article","@id":"https:\/\/staging.ctelift.com\/de\/people-on-the-market-smart-platforms\/#article","isPartOf":{"@id":"https:\/\/staging.ctelift.com\/de\/people-on-the-market-smart-platforms\/"},"author":{"name":"cteadmin","@id":"https:\/\/staging.ctelift.com\/#\/schema\/person\/3d1611cbbd09c560704fceda5198f67c"},"headline":"LEUTE &#8211; INTERVIEW mit Smart Platforms","datePublished":"2012-07-11T13:00:00+00:00","dateModified":"2015-12-17T13:19:27+00:00","mainEntityOfPage":{"@id":"https:\/\/staging.ctelift.com\/de\/people-on-the-market-smart-platforms\/"},"wordCount":550,"commentCount":0,"image":{"@id":"https:\/\/staging.ctelift.com\/de\/people-on-the-market-smart-platforms\/#primaryimage"},"thumbnailUrl":"https:\/\/staging.ctelift.com\/wp-content\/uploads\/2012\/07\/Andy-Burt-for-Easy-Magazine-scaled.jpg","articleSection":["Magazine EASY"],"inLanguage":"de","potentialAction":[{"@type":"CommentAction","name":"Comment","target":["https:\/\/staging.ctelift.com\/de\/people-on-the-market-smart-platforms\/#respond"]}]},{"@type":"WebPage","@id":"https:\/\/staging.ctelift.com\/de\/people-on-the-market-smart-platforms\/","url":"https:\/\/staging.ctelift.com\/de\/people-on-the-market-smart-platforms\/","name":"LEUTE - INTERVIEW mit Smart Platforms - CTE","isPartOf":{"@id":"https:\/\/staging.ctelift.com\/#website"},"primaryImageOfPage":{"@id":"https:\/\/staging.ctelift.com\/de\/people-on-the-market-smart-platforms\/#primaryimage"},"image":{"@id":"https:\/\/staging.ctelift.com\/de\/people-on-the-market-smart-platforms\/#primaryimage"},"thumbnailUrl":"https:\/\/staging.ctelift.com\/wp-content\/uploads\/2012\/07\/Andy-Burt-for-Easy-Magazine-scaled.jpg","datePublished":"2012-07-11T13:00:00+00:00","dateModified":"2015-12-17T13:19:27+00:00","author":{"@id":"https:\/\/staging.ctelift.com\/#\/schema\/person\/3d1611cbbd09c560704fceda5198f67c"},"breadcrumb":{"@id":"https:\/\/staging.ctelift.com\/de\/people-on-the-market-smart-platforms\/#breadcrumb"},"inLanguage":"de","potentialAction":[{"@type":"ReadAction","target":["https:\/\/staging.ctelift.com\/de\/people-on-the-market-smart-platforms\/"]}]},{"@type":"ImageObject","inLanguage":"de","@id":"https:\/\/staging.ctelift.com\/de\/people-on-the-market-smart-platforms\/#primaryimage","url":"https:\/\/staging.ctelift.com\/wp-content\/uploads\/2012\/07\/Andy-Burt-for-Easy-Magazine-scaled.jpg","contentUrl":"https:\/\/staging.ctelift.com\/wp-content\/uploads\/2012\/07\/Andy-Burt-for-Easy-Magazine-scaled.jpg","width":2560,"height":1428,"caption":"AppleMark"},{"@type":"BreadcrumbList","@id":"https:\/\/staging.ctelift.com\/de\/people-on-the-market-smart-platforms\/#breadcrumb","itemListElement":[{"@type":"ListItem","position":1,"name":"Home","item":"https:\/\/staging.ctelift.com\/de\/"},{"@type":"ListItem","position":2,"name":"LEUTE &#8211; INTERVIEW mit Smart Platforms"}]},{"@type":"WebSite","@id":"https:\/\/staging.ctelift.com\/#website","url":"https:\/\/staging.ctelift.com\/","name":"CTE","description":"work becomes easy","potentialAction":[{"@type":"SearchAction","target":{"@type":"EntryPoint","urlTemplate":"https:\/\/staging.ctelift.com\/?s={search_term_string}"},"query-input":{"@type":"PropertyValueSpecification","valueRequired":true,"valueName":"search_term_string"}}],"inLanguage":"de"},{"@type":"Person","@id":"https:\/\/staging.ctelift.com\/#\/schema\/person\/3d1611cbbd09c560704fceda5198f67c","name":"cteadmin","url":"https:\/\/staging.ctelift.com\/de\/author\/cteadmin\/"}]}},"_links":{"self":[{"href":"https:\/\/staging.ctelift.com\/de\/wp-json\/wp\/v2\/posts\/17158","targetHints":{"allow":["GET"]}}],"collection":[{"href":"https:\/\/staging.ctelift.com\/de\/wp-json\/wp\/v2\/posts"}],"about":[{"href":"https:\/\/staging.ctelift.com\/de\/wp-json\/wp\/v2\/types\/post"}],"author":[{"embeddable":true,"href":"https:\/\/staging.ctelift.com\/de\/wp-json\/wp\/v2\/users\/1"}],"replies":[{"embeddable":true,"href":"https:\/\/staging.ctelift.com\/de\/wp-json\/wp\/v2\/comments?post=17158"}],"version-history":[{"count":2,"href":"https:\/\/staging.ctelift.com\/de\/wp-json\/wp\/v2\/posts\/17158\/revisions"}],"predecessor-version":[{"id":17160,"href":"https:\/\/staging.ctelift.com\/de\/wp-json\/wp\/v2\/posts\/17158\/revisions\/17160"}],"wp:featuredmedia":[{"embeddable":true,"href":"https:\/\/staging.ctelift.com\/de\/wp-json\/wp\/v2\/media\/14366"}],"wp:attachment":[{"href":"https:\/\/staging.ctelift.com\/de\/wp-json\/wp\/v2\/media?parent=17158"}],"wp:term":[{"taxonomy":"category","embeddable":true,"href":"https:\/\/staging.ctelift.com\/de\/wp-json\/wp\/v2\/categories?post=17158"},{"taxonomy":"post_tag","embeddable":true,"href":"https:\/\/staging.ctelift.com\/de\/wp-json\/wp\/v2\/tags?post=17158"}],"curies":[{"name":"wp","href":"https:\/\/api.w.org\/{rel}","templated":true}]}}