{"id":17177,"date":"2012-05-22T11:00:00","date_gmt":"2012-05-22T09:00:00","guid":{"rendered":"https:\/\/www.ctelift.com\/de\/2012\/05\/22\/people-on-the-market-antonio-menabue-di-mb-modena\/"},"modified":"2015-12-17T14:29:55","modified_gmt":"2015-12-17T13:29:55","slug":"people-on-the-market-antonio-menabue-di-mb-modena","status":"publish","type":"post","link":"https:\/\/staging.ctelift.com\/de\/people-on-the-market-antonio-menabue-di-mb-modena\/","title":{"rendered":"LEUTE &#8211; INTERVIEW mit Antonio Menabue von MB Menabue (Modena)"},"content":{"rendered":"<p align=\"justify\">\n<p><strong>Antonio Menabue leitet seit 1998 ein Unternehmen, das Hubarbeitsb\u00fchnen und elektrische Fahrzeugkrane vermietet.<\/strong><br \/>\n<strong>Der Betrieb hat seinen Hauptsitz in Modena, ist jedoch mit einem Fuhrpark von ca. 50 Maschinen in ganz Italien t\u00e4tig.<\/strong><\/p>\n<p>&nbsp;<\/p>\n<p><strong>1. Herr Menabue, angesichts des gro\u00dfen Aktionsradius Ihres Unternehmens w\u00fcssten wir gerne, wie Ihre Beziehung zu den Mitbewerbern ist. Treten sie auf dem Markt als wettbewerbsbewusster, dynamischer Anbieter auf?<\/strong><br \/>\nWir versuchen, bei den Preisen, aber nat\u00fcrlich auch bei der Qualit\u00e4t unserer Dienstleistung konkurrenzf\u00e4hig zu sein. Es war mir besonders wichtig, die besten Hubger\u00e4te zu erwerben, um meinen Kunden dieselbe Qualit\u00e4t bieten zu k\u00f6nnen.<\/p>\n<p><strong>2. Wie hat sich der Markt in der letzten Zeit entwickelt?<\/strong><br \/>\nDie Leute wollen immer weniger ausgeben, aber die besten Maschinen haben. Das mag ein Widerspruch sein, aber die Situation ist heute so: Man will Qualit\u00e4t, die nicht zu viel kostet.<\/p>\n<p><strong>3. Wie ist Ihr Kundendienst organisiert?<\/strong><br \/>\nWir haben eigene Mechaniker und den Support von CTE. Unser Kundendienst ist von Montag bis Sonntag verf\u00fcgbar, da wir sehr wichtige Kunden haben, wie etwa Ferrari, die auch mal einen Rund-um-die-Uhr- Mietservice verlangen.<\/p>\n<p><strong>4. Wie gro\u00df ist Ihr Maschinenpark?<\/strong><br \/>\nUnser Maschinenpark besteht aus 50 Hubarbeitsb\u00fchnen, teils Lkw-B\u00fchnen, teils Selbstfahrer. Die h\u00f6chste Arbeitsh\u00f6he unserer B\u00fchnen betr\u00e4gt 23 Meter.<\/p>\n<p><strong>5. Welche Typen von Maschinen f\u00fchren Sie?<\/strong><br \/>\nZED-Lkw-B\u00fchnen von CTE, selbstfahrende Scheren-Arbeitsb\u00fchnen Genie GS, selbstfahrende S-Teleskopb\u00fchnen, Z-Gelenkb\u00fchnen und AWP-Lifte.<\/p>\n<p><strong>6. Wie lautet Ihr &#8222;Rezept&#8220;? Welche Werte verfolgen Sie bei Ihrer t\u00e4glichen Arbeit?<\/strong><br \/>\nUnsere Werte sind Engagement, Pr\u00e4zision, Korrektheit und Liebe zu unserer Arbeit. Wir versuchen, m\u00f6glichst nahe am Kunden und stets zuvorkommend und professionell zu sein.<\/p>\n<p><strong>7. Wie viele CTE-B\u00fchnen besitzen Sie?<\/strong><br \/>\n47 CTE-B\u00fchnen (Zed und Genie) von insgesamt 50.<\/p>\n<p><strong>8. Warum haben Sie sich f\u00fcr CTE-Arbeitsb\u00fchnen entschieden?<\/strong><br \/>\nZuerst habe ich andere Marken ausprobiert, aber als ich dann einige CTE-B\u00fchnen getestet hatte, war mir sofort klar, dass sie unvergleichlich besser sind. Zun\u00e4chst habe ich CTE-B\u00fchnen von Venpa gemietet. Die Maschinen waren immer erstklassig, und weil ich so zufrieden war, beschloss ich, sie zu kaufen und sie selbst an meine Kunden zu vermieten.<\/p>\n<p><strong>9. Welche Eigenschaften der CTE-Arbeitsb\u00fchnen \u00fcberzeugen besonders?<\/strong><br \/>\nZuverl\u00e4ssigkeit, einfache Wartung, Funktionalit\u00e4t\u2026 und Serviceeingriffe sind kaum n\u00f6tig.<\/p>\n<p><strong>10. Worauf achten Ihre Kunden, wenn sie eine Arbeitsb\u00fchne mieten? Was beeinflusst heute ihre Wahl?<\/strong><br \/>\nViele interessieren sich f\u00fcr die Marke Genie. Wir vermieten haupts\u00e4chlich selbstfahrende Arbeitsb\u00fchnen f\u00fcr kleine Anlagen f\u00fcr Keramikhersteller. Gro\u00dfe Nachfrage besteht auch nach den selbstfahrenden Gelenkb\u00fchnen Genie Z 45, mit 16 m eine Maschine im mittleren H\u00f6henbereich.<\/p>\n<p><strong>PERS\u00d6NLICHE FRAGEN:<\/strong><\/p>\n<p><strong>11. Vermieter ist Ihr Beruf, aber was ist Ihre Leidenschaft?<\/strong><br \/>\nIch stelle seit vielen Jahren selbst Aceto balsamico her. Ich kaufe den Most, und wenn er jahrelang (bis zu 20 Jahren) in Spezialf\u00e4ssern fermentiert ist, k\u00fcmmere ich mich pers\u00f6nlich um die Umwandlung in Essig.<\/p>\n<p><strong>12. Gibt es Ber\u00fchrungspunkte zwischen Ihrem Hobby und Ihrer Arbeit?<\/strong><br \/>\nDie Hingabe.<\/p>\n<p><strong>13. Was war Ihr gr\u00f6\u00dftes Erfolgserlebnis im beruflichen und privaten Bereich?<\/strong><br \/>\nBeruflich: Dass die Kunden mein Unternehmen loben und mit unseren Produkten zufrieden sind.<br \/>\nPrivat: Der Balsamessig, den ich selbst herstelle.<\/p>\n<p>&nbsp;<\/p>\n<p>http:\/\/www.mbmenabue.it\/<\/p>\n","protected":false},"excerpt":{"rendered":"<p>Antonio Menabue leitet seit 1998 ein Unternehmen, das Hubarbeitsb\u00fchnen und elektrische Fahrzeugkrane vermietet. Der Betrieb hat seinen Hauptsitz in Modena, ist jedoch mit einem Fuhrpark von ca. 50 Maschinen in ganz Italien t\u00e4tig. &nbsp; 1. Herr Menabue, angesichts des gro\u00dfen Aktionsradius Ihres Unternehmens w\u00fcssten wir gerne, wie Ihre Beziehung zu den Mitbewerbern ist. Treten sie [&hellip;]<\/p>\n","protected":false},"author":1,"featured_media":14406,"comment_status":"open","ping_status":"open","sticky":false,"template":"","format":"standard","meta":{"_acf_changed":false,"_et_pb_use_builder":"","_et_pb_old_content":"","_et_gb_content_width":"","footnotes":""},"categories":[195],"tags":[],"class_list":["post-17177","post","type-post","status-publish","format-standard","has-post-thumbnail","hentry","category-magazine-easy-de"],"acf":[],"yoast_head":"<!-- This site is optimized with the Yoast SEO plugin v28.1 - https:\/\/yoast.com\/product\/yoast-seo-wordpress\/ -->\n<title>LEUTE - INTERVIEW mit Antonio Menabue von MB Menabue (Modena) - CTE<\/title>\n<meta name=\"robots\" content=\"noindex, follow, max-snippet:-1, max-image-preview:large, max-video-preview:-1\" \/>\n<meta property=\"og:locale\" content=\"de_DE\" \/>\n<meta property=\"og:type\" content=\"article\" \/>\n<meta property=\"og:title\" content=\"LEUTE - INTERVIEW mit Antonio Menabue von MB Menabue (Modena) - CTE\" \/>\n<meta property=\"og:description\" content=\"Antonio Menabue leitet seit 1998 ein Unternehmen, das Hubarbeitsb\u00fchnen und elektrische Fahrzeugkrane vermietet. Der Betrieb hat seinen Hauptsitz in Modena, ist jedoch mit einem Fuhrpark von ca. 50 Maschinen in ganz Italien t\u00e4tig. &nbsp; 1. Herr Menabue, angesichts des gro\u00dfen Aktionsradius Ihres Unternehmens w\u00fcssten wir gerne, wie Ihre Beziehung zu den Mitbewerbern ist. Treten sie [&hellip;]\" \/>\n<meta property=\"og:url\" content=\"https:\/\/staging.ctelift.com\/de\/people-on-the-market-antonio-menabue-di-mb-modena\/\" \/>\n<meta property=\"og:site_name\" content=\"CTE\" \/>\n<meta property=\"article:published_time\" content=\"2012-05-22T09:00:00+00:00\" \/>\n<meta property=\"article:modified_time\" content=\"2015-12-17T13:29:55+00:00\" \/>\n<meta property=\"og:image\" content=\"https:\/\/staging.ctelift.com\/wp-content\/uploads\/2012\/05\/menabue.jpg\" \/>\n\t<meta property=\"og:image:width\" content=\"2048\" \/>\n\t<meta property=\"og:image:height\" content=\"1536\" \/>\n\t<meta property=\"og:image:type\" content=\"image\/jpeg\" \/>\n<meta name=\"author\" content=\"cteadmin\" \/>\n<meta name=\"twitter:card\" content=\"summary_large_image\" \/>\n<meta name=\"twitter:label1\" content=\"Verfasst von\" \/>\n\t<meta name=\"twitter:data1\" content=\"cteadmin\" \/>\n\t<meta name=\"twitter:label2\" content=\"Gesch\u00e4tzte Lesezeit\" \/>\n\t<meta name=\"twitter:data2\" content=\"3\u00a0Minuten\" \/>\n<script type=\"application\/ld+json\" class=\"yoast-schema-graph\">{\"@context\":\"https:\\\/\\\/schema.org\",\"@graph\":[{\"@type\":\"Article\",\"@id\":\"https:\\\/\\\/staging.ctelift.com\\\/de\\\/people-on-the-market-antonio-menabue-di-mb-modena\\\/#article\",\"isPartOf\":{\"@id\":\"https:\\\/\\\/staging.ctelift.com\\\/de\\\/people-on-the-market-antonio-menabue-di-mb-modena\\\/\"},\"author\":{\"name\":\"cteadmin\",\"@id\":\"https:\\\/\\\/staging.ctelift.com\\\/#\\\/schema\\\/person\\\/3d1611cbbd09c560704fceda5198f67c\"},\"headline\":\"LEUTE &#8211; INTERVIEW mit Antonio Menabue von MB Menabue (Modena)\",\"datePublished\":\"2012-05-22T09:00:00+00:00\",\"dateModified\":\"2015-12-17T13:29:55+00:00\",\"mainEntityOfPage\":{\"@id\":\"https:\\\/\\\/staging.ctelift.com\\\/de\\\/people-on-the-market-antonio-menabue-di-mb-modena\\\/\"},\"wordCount\":534,\"commentCount\":0,\"image\":{\"@id\":\"https:\\\/\\\/staging.ctelift.com\\\/de\\\/people-on-the-market-antonio-menabue-di-mb-modena\\\/#primaryimage\"},\"thumbnailUrl\":\"https:\\\/\\\/staging.ctelift.com\\\/wp-content\\\/uploads\\\/2012\\\/05\\\/menabue.jpg\",\"articleSection\":[\"Magazine EASY\"],\"inLanguage\":\"de\",\"potentialAction\":[{\"@type\":\"CommentAction\",\"name\":\"Comment\",\"target\":[\"https:\\\/\\\/staging.ctelift.com\\\/de\\\/people-on-the-market-antonio-menabue-di-mb-modena\\\/#respond\"]}]},{\"@type\":\"WebPage\",\"@id\":\"https:\\\/\\\/staging.ctelift.com\\\/de\\\/people-on-the-market-antonio-menabue-di-mb-modena\\\/\",\"url\":\"https:\\\/\\\/staging.ctelift.com\\\/de\\\/people-on-the-market-antonio-menabue-di-mb-modena\\\/\",\"name\":\"LEUTE - INTERVIEW mit Antonio Menabue von MB Menabue (Modena) - CTE\",\"isPartOf\":{\"@id\":\"https:\\\/\\\/staging.ctelift.com\\\/#website\"},\"primaryImageOfPage\":{\"@id\":\"https:\\\/\\\/staging.ctelift.com\\\/de\\\/people-on-the-market-antonio-menabue-di-mb-modena\\\/#primaryimage\"},\"image\":{\"@id\":\"https:\\\/\\\/staging.ctelift.com\\\/de\\\/people-on-the-market-antonio-menabue-di-mb-modena\\\/#primaryimage\"},\"thumbnailUrl\":\"https:\\\/\\\/staging.ctelift.com\\\/wp-content\\\/uploads\\\/2012\\\/05\\\/menabue.jpg\",\"datePublished\":\"2012-05-22T09:00:00+00:00\",\"dateModified\":\"2015-12-17T13:29:55+00:00\",\"author\":{\"@id\":\"https:\\\/\\\/staging.ctelift.com\\\/#\\\/schema\\\/person\\\/3d1611cbbd09c560704fceda5198f67c\"},\"breadcrumb\":{\"@id\":\"https:\\\/\\\/staging.ctelift.com\\\/de\\\/people-on-the-market-antonio-menabue-di-mb-modena\\\/#breadcrumb\"},\"inLanguage\":\"de\",\"potentialAction\":[{\"@type\":\"ReadAction\",\"target\":[\"https:\\\/\\\/staging.ctelift.com\\\/de\\\/people-on-the-market-antonio-menabue-di-mb-modena\\\/\"]}]},{\"@type\":\"ImageObject\",\"inLanguage\":\"de\",\"@id\":\"https:\\\/\\\/staging.ctelift.com\\\/de\\\/people-on-the-market-antonio-menabue-di-mb-modena\\\/#primaryimage\",\"url\":\"https:\\\/\\\/staging.ctelift.com\\\/wp-content\\\/uploads\\\/2012\\\/05\\\/menabue.jpg\",\"contentUrl\":\"https:\\\/\\\/staging.ctelift.com\\\/wp-content\\\/uploads\\\/2012\\\/05\\\/menabue.jpg\",\"width\":2048,\"height\":1536},{\"@type\":\"BreadcrumbList\",\"@id\":\"https:\\\/\\\/staging.ctelift.com\\\/de\\\/people-on-the-market-antonio-menabue-di-mb-modena\\\/#breadcrumb\",\"itemListElement\":[{\"@type\":\"ListItem\",\"position\":1,\"name\":\"Home\",\"item\":\"https:\\\/\\\/staging.ctelift.com\\\/de\\\/\"},{\"@type\":\"ListItem\",\"position\":2,\"name\":\"LEUTE &#8211; INTERVIEW mit Antonio Menabue von MB Menabue (Modena)\"}]},{\"@type\":\"WebSite\",\"@id\":\"https:\\\/\\\/staging.ctelift.com\\\/#website\",\"url\":\"https:\\\/\\\/staging.ctelift.com\\\/\",\"name\":\"CTE\",\"description\":\"work becomes easy\",\"potentialAction\":[{\"@type\":\"SearchAction\",\"target\":{\"@type\":\"EntryPoint\",\"urlTemplate\":\"https:\\\/\\\/staging.ctelift.com\\\/?s={search_term_string}\"},\"query-input\":{\"@type\":\"PropertyValueSpecification\",\"valueRequired\":true,\"valueName\":\"search_term_string\"}}],\"inLanguage\":\"de\"},{\"@type\":\"Person\",\"@id\":\"https:\\\/\\\/staging.ctelift.com\\\/#\\\/schema\\\/person\\\/3d1611cbbd09c560704fceda5198f67c\",\"name\":\"cteadmin\",\"url\":\"https:\\\/\\\/staging.ctelift.com\\\/de\\\/author\\\/cteadmin\\\/\"}]}<\/script>\n<!-- \/ Yoast SEO plugin. -->","yoast_head_json":{"title":"LEUTE - INTERVIEW mit Antonio Menabue von MB Menabue (Modena) - CTE","robots":{"index":"noindex","follow":"follow","max-snippet":"max-snippet:-1","max-image-preview":"max-image-preview:large","max-video-preview":"max-video-preview:-1"},"og_locale":"de_DE","og_type":"article","og_title":"LEUTE - INTERVIEW mit Antonio Menabue von MB Menabue (Modena) - CTE","og_description":"Antonio Menabue leitet seit 1998 ein Unternehmen, das Hubarbeitsb\u00fchnen und elektrische Fahrzeugkrane vermietet. Der Betrieb hat seinen Hauptsitz in Modena, ist jedoch mit einem Fuhrpark von ca. 50 Maschinen in ganz Italien t\u00e4tig. &nbsp; 1. Herr Menabue, angesichts des gro\u00dfen Aktionsradius Ihres Unternehmens w\u00fcssten wir gerne, wie Ihre Beziehung zu den Mitbewerbern ist. Treten sie [&hellip;]","og_url":"https:\/\/staging.ctelift.com\/de\/people-on-the-market-antonio-menabue-di-mb-modena\/","og_site_name":"CTE","article_published_time":"2012-05-22T09:00:00+00:00","article_modified_time":"2015-12-17T13:29:55+00:00","og_image":[{"width":2048,"height":1536,"url":"https:\/\/staging.ctelift.com\/wp-content\/uploads\/2012\/05\/menabue.jpg","type":"image\/jpeg"}],"author":"cteadmin","twitter_card":"summary_large_image","twitter_misc":{"Verfasst von":"cteadmin","Gesch\u00e4tzte Lesezeit":"3\u00a0Minuten"},"schema":{"@context":"https:\/\/schema.org","@graph":[{"@type":"Article","@id":"https:\/\/staging.ctelift.com\/de\/people-on-the-market-antonio-menabue-di-mb-modena\/#article","isPartOf":{"@id":"https:\/\/staging.ctelift.com\/de\/people-on-the-market-antonio-menabue-di-mb-modena\/"},"author":{"name":"cteadmin","@id":"https:\/\/staging.ctelift.com\/#\/schema\/person\/3d1611cbbd09c560704fceda5198f67c"},"headline":"LEUTE &#8211; INTERVIEW mit Antonio Menabue von MB Menabue (Modena)","datePublished":"2012-05-22T09:00:00+00:00","dateModified":"2015-12-17T13:29:55+00:00","mainEntityOfPage":{"@id":"https:\/\/staging.ctelift.com\/de\/people-on-the-market-antonio-menabue-di-mb-modena\/"},"wordCount":534,"commentCount":0,"image":{"@id":"https:\/\/staging.ctelift.com\/de\/people-on-the-market-antonio-menabue-di-mb-modena\/#primaryimage"},"thumbnailUrl":"https:\/\/staging.ctelift.com\/wp-content\/uploads\/2012\/05\/menabue.jpg","articleSection":["Magazine EASY"],"inLanguage":"de","potentialAction":[{"@type":"CommentAction","name":"Comment","target":["https:\/\/staging.ctelift.com\/de\/people-on-the-market-antonio-menabue-di-mb-modena\/#respond"]}]},{"@type":"WebPage","@id":"https:\/\/staging.ctelift.com\/de\/people-on-the-market-antonio-menabue-di-mb-modena\/","url":"https:\/\/staging.ctelift.com\/de\/people-on-the-market-antonio-menabue-di-mb-modena\/","name":"LEUTE - INTERVIEW mit Antonio Menabue von MB Menabue (Modena) - CTE","isPartOf":{"@id":"https:\/\/staging.ctelift.com\/#website"},"primaryImageOfPage":{"@id":"https:\/\/staging.ctelift.com\/de\/people-on-the-market-antonio-menabue-di-mb-modena\/#primaryimage"},"image":{"@id":"https:\/\/staging.ctelift.com\/de\/people-on-the-market-antonio-menabue-di-mb-modena\/#primaryimage"},"thumbnailUrl":"https:\/\/staging.ctelift.com\/wp-content\/uploads\/2012\/05\/menabue.jpg","datePublished":"2012-05-22T09:00:00+00:00","dateModified":"2015-12-17T13:29:55+00:00","author":{"@id":"https:\/\/staging.ctelift.com\/#\/schema\/person\/3d1611cbbd09c560704fceda5198f67c"},"breadcrumb":{"@id":"https:\/\/staging.ctelift.com\/de\/people-on-the-market-antonio-menabue-di-mb-modena\/#breadcrumb"},"inLanguage":"de","potentialAction":[{"@type":"ReadAction","target":["https:\/\/staging.ctelift.com\/de\/people-on-the-market-antonio-menabue-di-mb-modena\/"]}]},{"@type":"ImageObject","inLanguage":"de","@id":"https:\/\/staging.ctelift.com\/de\/people-on-the-market-antonio-menabue-di-mb-modena\/#primaryimage","url":"https:\/\/staging.ctelift.com\/wp-content\/uploads\/2012\/05\/menabue.jpg","contentUrl":"https:\/\/staging.ctelift.com\/wp-content\/uploads\/2012\/05\/menabue.jpg","width":2048,"height":1536},{"@type":"BreadcrumbList","@id":"https:\/\/staging.ctelift.com\/de\/people-on-the-market-antonio-menabue-di-mb-modena\/#breadcrumb","itemListElement":[{"@type":"ListItem","position":1,"name":"Home","item":"https:\/\/staging.ctelift.com\/de\/"},{"@type":"ListItem","position":2,"name":"LEUTE &#8211; INTERVIEW mit Antonio Menabue von MB Menabue (Modena)"}]},{"@type":"WebSite","@id":"https:\/\/staging.ctelift.com\/#website","url":"https:\/\/staging.ctelift.com\/","name":"CTE","description":"work becomes easy","potentialAction":[{"@type":"SearchAction","target":{"@type":"EntryPoint","urlTemplate":"https:\/\/staging.ctelift.com\/?s={search_term_string}"},"query-input":{"@type":"PropertyValueSpecification","valueRequired":true,"valueName":"search_term_string"}}],"inLanguage":"de"},{"@type":"Person","@id":"https:\/\/staging.ctelift.com\/#\/schema\/person\/3d1611cbbd09c560704fceda5198f67c","name":"cteadmin","url":"https:\/\/staging.ctelift.com\/de\/author\/cteadmin\/"}]}},"_links":{"self":[{"href":"https:\/\/staging.ctelift.com\/de\/wp-json\/wp\/v2\/posts\/17177","targetHints":{"allow":["GET"]}}],"collection":[{"href":"https:\/\/staging.ctelift.com\/de\/wp-json\/wp\/v2\/posts"}],"about":[{"href":"https:\/\/staging.ctelift.com\/de\/wp-json\/wp\/v2\/types\/post"}],"author":[{"embeddable":true,"href":"https:\/\/staging.ctelift.com\/de\/wp-json\/wp\/v2\/users\/1"}],"replies":[{"embeddable":true,"href":"https:\/\/staging.ctelift.com\/de\/wp-json\/wp\/v2\/comments?post=17177"}],"version-history":[{"count":2,"href":"https:\/\/staging.ctelift.com\/de\/wp-json\/wp\/v2\/posts\/17177\/revisions"}],"predecessor-version":[{"id":17180,"href":"https:\/\/staging.ctelift.com\/de\/wp-json\/wp\/v2\/posts\/17177\/revisions\/17180"}],"wp:featuredmedia":[{"embeddable":true,"href":"https:\/\/staging.ctelift.com\/de\/wp-json\/wp\/v2\/media\/14406"}],"wp:attachment":[{"href":"https:\/\/staging.ctelift.com\/de\/wp-json\/wp\/v2\/media?parent=17177"}],"wp:term":[{"taxonomy":"category","embeddable":true,"href":"https:\/\/staging.ctelift.com\/de\/wp-json\/wp\/v2\/categories?post=17177"},{"taxonomy":"post_tag","embeddable":true,"href":"https:\/\/staging.ctelift.com\/de\/wp-json\/wp\/v2\/tags?post=17177"}],"curies":[{"name":"wp","href":"https:\/\/api.w.org\/{rel}","templated":true}]}}