{"id":17208,"date":"2012-02-29T15:00:00","date_gmt":"2012-02-29T14:00:00","guid":{"rendered":"https:\/\/www.ctelift.com\/de\/2012\/02\/29\/people-on-the-market-intervista-a-luc-moortgat\/"},"modified":"2015-12-17T14:47:54","modified_gmt":"2015-12-17T13:47:54","slug":"people-on-the-market-intervista-a-luc-moortgat","status":"publish","type":"post","link":"https:\/\/staging.ctelift.com\/de\/people-on-the-market-intervista-a-luc-moortgat\/","title":{"rendered":"LEUTE &#8211; INTERVIEW MIT LUC MOORTGAT, Inhaber von Real Verhuur und CTE-H\u00e4ndler in Belgien"},"content":{"rendered":"<p><strong>Luc Moortgat, Inhaber von Real Verhuur, verf\u00fcgt heute \u00fcber einen Park von ca. 300 Maschinen.<\/strong><br \/>\n<strong>Die erste Lkw-Arbeitsb\u00fchne kaufte sein Vater 1971.<\/strong><\/p>\n<p>&nbsp;<\/p>\n<p><strong>1. Herr Moortgat, Ihr Unternehmen blickt auf eine lange Geschichte zur\u00fcck. Wie hat sich Ihre T\u00e4tigkeit im Laufe der Jahre entwickelt?<\/strong><br \/>\nZu Beginn haben wir viele Hubarbeitsb\u00fchnen gebraucht gekauft. 1993 kauften wir eine mit 45m Arbeitsh\u00f6he, 2001 eine mit 55 m und 2012 schlie\u00dflich eine Arbeitsb\u00fchne mit 62m Arbeitsh\u00f6he. Insgesamt vermieten wir ca. 2300 Artikel.<\/p>\n<p><strong>2. Wo verlaufen die geographischen Grenzen Ihres Betriebs bzw. Ihrer T\u00e4tigkeit und wie entwickelt sich der Markt zur Zeit?<\/strong><\/p>\n<p>Wir haben unseren Standort in der N\u00e4he von Antwerpen, wo es einen der gr\u00f6\u00dften H\u00e4fen der Welt gibt. Unser Hauptaugenmerk gilt dem belgischen Markt, aber auch Afrika ist ein h\u00f6chst interessantes Gesch\u00e4ftsgebiet. Der Markt und insbesondere der europ\u00e4ische ist in letzter Zeit nicht sehr stabil. Wir versuchen daher, unsere Wettbewerbsf\u00e4higkeit zu optimieren und bieten Spezialdienstleistungen 24 Stunden t\u00e4glich und 7 Tage pro Woche an.<\/p>\n<p><strong>3. Wie gro\u00df ist Ihr Maschinenpark?<\/strong><br \/>\nWir haben insgesamt etwa 300 Maschinen, davon 20 der Marke CTE. Die hervorragende Qualit\u00e4t der CTE-Produkte und ihr konkurrenzf\u00e4higer Preis sind immer ein guter Grund, unsere Flotte zu erweitern.<\/p>\n<p><strong>4. Welche Anwendungen der CTE Arbeitsb\u00fchnen \u00fcberzeugen besonders?<\/strong><br \/>\nIch bevorzuge die mit einer Arbeitsh\u00f6he von 14 &#8211; 20 m auf 3,5 Tonnen und die Serie B-Lift High Range.<\/p>\n<p><strong>5. Worauf achten Ihre Kunden, wenn sie eine Arbeitsb\u00fchne mieten? Was beeinflusst heute ihre Wahl?<\/strong><br \/>\nZuverl\u00e4ssigkeit, Sicherheit, praktische Anwendbarkeit, schneller Service, Einfachheit gepaart mit Innovation.<\/p>\n<p><strong>6. Vermieter ist Ihr Beruf, aber was ist Ihre Leidenschaft?<\/strong><br \/>\nIch liebe Sportwagen, insbesondere italienische Marken, ich bin ein Sammler.<br \/>\nAu\u00dferdem habe ich eine Leidenschaft f\u00fcr historische Rennautos, ich fahre selbst mit meinem Porsche beim Belgian Historic Championship, an dem zahlreiche Konkurrenten aus den Niederlanden, Deutschland und dem Vereinigten K\u00f6nigreich teilnehmen.<\/p>\n<p><strong>7. Was waren Ihre gr\u00f6\u00dften Erfolgserlebnisse im beruflichen und privaten Bereich?<\/strong><br \/>\nBeruflich das Eintreffen der neuen B-Lift High Range 620, wirklich eine sch\u00f6ne Maschine!<br \/>\nPrivat nehme ich seit sechs Jahren regelm\u00e4\u00dfig an Autorennen teil und stand bis jetzt jedes Mal auf dem Podest, auch bei Wettbewerben mit 60 Teilnehmern!!!<\/p>\n","protected":false},"excerpt":{"rendered":"<p>Luc Moortgat, Inhaber von Real Verhuur, verf\u00fcgt heute \u00fcber einen Park von ca. 300 Maschinen. Die erste Lkw-Arbeitsb\u00fchne kaufte sein Vater 1971. &nbsp; 1. Herr Moortgat, Ihr Unternehmen blickt auf eine lange Geschichte zur\u00fcck. Wie hat sich Ihre T\u00e4tigkeit im Laufe der Jahre entwickelt? Zu Beginn haben wir viele Hubarbeitsb\u00fchnen gebraucht gekauft. 1993 kauften wir [&hellip;]<\/p>\n","protected":false},"author":1,"featured_media":14482,"comment_status":"open","ping_status":"open","sticky":false,"template":"","format":"standard","meta":{"_acf_changed":false,"_et_pb_use_builder":"","_et_pb_old_content":"","_et_gb_content_width":"","footnotes":""},"categories":[195],"tags":[],"class_list":["post-17208","post","type-post","status-publish","format-standard","has-post-thumbnail","hentry","category-magazine-easy-de"],"acf":[],"yoast_head":"<!-- This site is optimized with the Yoast SEO plugin v28.1 - https:\/\/yoast.com\/product\/yoast-seo-wordpress\/ -->\n<title>LEUTE - INTERVIEW MIT LUC MOORTGAT, Inhaber von Real Verhuur und CTE-H\u00e4ndler in Belgien - CTE<\/title>\n<meta name=\"robots\" content=\"noindex, follow, max-snippet:-1, max-image-preview:large, max-video-preview:-1\" \/>\n<meta property=\"og:locale\" content=\"de_DE\" \/>\n<meta property=\"og:type\" content=\"article\" \/>\n<meta property=\"og:title\" content=\"LEUTE - INTERVIEW MIT LUC MOORTGAT, Inhaber von Real Verhuur und CTE-H\u00e4ndler in Belgien - CTE\" \/>\n<meta property=\"og:description\" content=\"Luc Moortgat, Inhaber von Real Verhuur, verf\u00fcgt heute \u00fcber einen Park von ca. 300 Maschinen. Die erste Lkw-Arbeitsb\u00fchne kaufte sein Vater 1971. &nbsp; 1. Herr Moortgat, Ihr Unternehmen blickt auf eine lange Geschichte zur\u00fcck. Wie hat sich Ihre T\u00e4tigkeit im Laufe der Jahre entwickelt? Zu Beginn haben wir viele Hubarbeitsb\u00fchnen gebraucht gekauft. 1993 kauften wir [&hellip;]\" \/>\n<meta property=\"og:url\" content=\"https:\/\/staging.ctelift.com\/de\/people-on-the-market-intervista-a-luc-moortgat\/\" \/>\n<meta property=\"og:site_name\" content=\"CTE\" \/>\n<meta property=\"article:published_time\" content=\"2012-02-29T14:00:00+00:00\" \/>\n<meta property=\"article:modified_time\" content=\"2015-12-17T13:47:54+00:00\" \/>\n<meta property=\"og:image\" content=\"https:\/\/staging.ctelift.com\/wp-content\/uploads\/2012\/02\/Luc-Moortgat-scaled.jpg\" \/>\n\t<meta property=\"og:image:width\" content=\"2560\" \/>\n\t<meta property=\"og:image:height\" content=\"1714\" \/>\n\t<meta property=\"og:image:type\" content=\"image\/jpeg\" \/>\n<meta name=\"author\" content=\"cteadmin\" \/>\n<meta name=\"twitter:card\" content=\"summary_large_image\" \/>\n<meta name=\"twitter:label1\" content=\"Verfasst von\" \/>\n\t<meta name=\"twitter:data1\" content=\"cteadmin\" \/>\n\t<meta name=\"twitter:label2\" content=\"Gesch\u00e4tzte Lesezeit\" \/>\n\t<meta name=\"twitter:data2\" content=\"2\u00a0Minuten\" \/>\n<script type=\"application\/ld+json\" class=\"yoast-schema-graph\">{\"@context\":\"https:\\\/\\\/schema.org\",\"@graph\":[{\"@type\":\"Article\",\"@id\":\"https:\\\/\\\/staging.ctelift.com\\\/de\\\/people-on-the-market-intervista-a-luc-moortgat\\\/#article\",\"isPartOf\":{\"@id\":\"https:\\\/\\\/staging.ctelift.com\\\/de\\\/people-on-the-market-intervista-a-luc-moortgat\\\/\"},\"author\":{\"name\":\"cteadmin\",\"@id\":\"https:\\\/\\\/staging.ctelift.com\\\/#\\\/schema\\\/person\\\/3d1611cbbd09c560704fceda5198f67c\"},\"headline\":\"LEUTE &#8211; INTERVIEW MIT LUC MOORTGAT, Inhaber von Real Verhuur und CTE-H\u00e4ndler in Belgien\",\"datePublished\":\"2012-02-29T14:00:00+00:00\",\"dateModified\":\"2015-12-17T13:47:54+00:00\",\"mainEntityOfPage\":{\"@id\":\"https:\\\/\\\/staging.ctelift.com\\\/de\\\/people-on-the-market-intervista-a-luc-moortgat\\\/\"},\"wordCount\":371,\"commentCount\":0,\"image\":{\"@id\":\"https:\\\/\\\/staging.ctelift.com\\\/de\\\/people-on-the-market-intervista-a-luc-moortgat\\\/#primaryimage\"},\"thumbnailUrl\":\"https:\\\/\\\/staging.ctelift.com\\\/wp-content\\\/uploads\\\/2012\\\/02\\\/Luc-Moortgat-scaled.jpg\",\"articleSection\":[\"Magazine EASY\"],\"inLanguage\":\"de\",\"potentialAction\":[{\"@type\":\"CommentAction\",\"name\":\"Comment\",\"target\":[\"https:\\\/\\\/staging.ctelift.com\\\/de\\\/people-on-the-market-intervista-a-luc-moortgat\\\/#respond\"]}]},{\"@type\":\"WebPage\",\"@id\":\"https:\\\/\\\/staging.ctelift.com\\\/de\\\/people-on-the-market-intervista-a-luc-moortgat\\\/\",\"url\":\"https:\\\/\\\/staging.ctelift.com\\\/de\\\/people-on-the-market-intervista-a-luc-moortgat\\\/\",\"name\":\"LEUTE - INTERVIEW MIT LUC MOORTGAT, Inhaber von Real Verhuur und CTE-H\u00e4ndler in Belgien - CTE\",\"isPartOf\":{\"@id\":\"https:\\\/\\\/staging.ctelift.com\\\/#website\"},\"primaryImageOfPage\":{\"@id\":\"https:\\\/\\\/staging.ctelift.com\\\/de\\\/people-on-the-market-intervista-a-luc-moortgat\\\/#primaryimage\"},\"image\":{\"@id\":\"https:\\\/\\\/staging.ctelift.com\\\/de\\\/people-on-the-market-intervista-a-luc-moortgat\\\/#primaryimage\"},\"thumbnailUrl\":\"https:\\\/\\\/staging.ctelift.com\\\/wp-content\\\/uploads\\\/2012\\\/02\\\/Luc-Moortgat-scaled.jpg\",\"datePublished\":\"2012-02-29T14:00:00+00:00\",\"dateModified\":\"2015-12-17T13:47:54+00:00\",\"author\":{\"@id\":\"https:\\\/\\\/staging.ctelift.com\\\/#\\\/schema\\\/person\\\/3d1611cbbd09c560704fceda5198f67c\"},\"breadcrumb\":{\"@id\":\"https:\\\/\\\/staging.ctelift.com\\\/de\\\/people-on-the-market-intervista-a-luc-moortgat\\\/#breadcrumb\"},\"inLanguage\":\"de\",\"potentialAction\":[{\"@type\":\"ReadAction\",\"target\":[\"https:\\\/\\\/staging.ctelift.com\\\/de\\\/people-on-the-market-intervista-a-luc-moortgat\\\/\"]}]},{\"@type\":\"ImageObject\",\"inLanguage\":\"de\",\"@id\":\"https:\\\/\\\/staging.ctelift.com\\\/de\\\/people-on-the-market-intervista-a-luc-moortgat\\\/#primaryimage\",\"url\":\"https:\\\/\\\/staging.ctelift.com\\\/wp-content\\\/uploads\\\/2012\\\/02\\\/Luc-Moortgat-scaled.jpg\",\"contentUrl\":\"https:\\\/\\\/staging.ctelift.com\\\/wp-content\\\/uploads\\\/2012\\\/02\\\/Luc-Moortgat-scaled.jpg\",\"width\":2560,\"height\":1714},{\"@type\":\"BreadcrumbList\",\"@id\":\"https:\\\/\\\/staging.ctelift.com\\\/de\\\/people-on-the-market-intervista-a-luc-moortgat\\\/#breadcrumb\",\"itemListElement\":[{\"@type\":\"ListItem\",\"position\":1,\"name\":\"Home\",\"item\":\"https:\\\/\\\/staging.ctelift.com\\\/de\\\/\"},{\"@type\":\"ListItem\",\"position\":2,\"name\":\"LEUTE &#8211; INTERVIEW MIT LUC MOORTGAT, Inhaber von Real Verhuur und CTE-H\u00e4ndler in Belgien\"}]},{\"@type\":\"WebSite\",\"@id\":\"https:\\\/\\\/staging.ctelift.com\\\/#website\",\"url\":\"https:\\\/\\\/staging.ctelift.com\\\/\",\"name\":\"CTE\",\"description\":\"work becomes easy\",\"potentialAction\":[{\"@type\":\"SearchAction\",\"target\":{\"@type\":\"EntryPoint\",\"urlTemplate\":\"https:\\\/\\\/staging.ctelift.com\\\/?s={search_term_string}\"},\"query-input\":{\"@type\":\"PropertyValueSpecification\",\"valueRequired\":true,\"valueName\":\"search_term_string\"}}],\"inLanguage\":\"de\"},{\"@type\":\"Person\",\"@id\":\"https:\\\/\\\/staging.ctelift.com\\\/#\\\/schema\\\/person\\\/3d1611cbbd09c560704fceda5198f67c\",\"name\":\"cteadmin\",\"url\":\"https:\\\/\\\/staging.ctelift.com\\\/de\\\/author\\\/cteadmin\\\/\"}]}<\/script>\n<!-- \/ Yoast SEO plugin. -->","yoast_head_json":{"title":"LEUTE - INTERVIEW MIT LUC MOORTGAT, Inhaber von Real Verhuur und CTE-H\u00e4ndler in Belgien - CTE","robots":{"index":"noindex","follow":"follow","max-snippet":"max-snippet:-1","max-image-preview":"max-image-preview:large","max-video-preview":"max-video-preview:-1"},"og_locale":"de_DE","og_type":"article","og_title":"LEUTE - INTERVIEW MIT LUC MOORTGAT, Inhaber von Real Verhuur und CTE-H\u00e4ndler in Belgien - CTE","og_description":"Luc Moortgat, Inhaber von Real Verhuur, verf\u00fcgt heute \u00fcber einen Park von ca. 300 Maschinen. Die erste Lkw-Arbeitsb\u00fchne kaufte sein Vater 1971. &nbsp; 1. Herr Moortgat, Ihr Unternehmen blickt auf eine lange Geschichte zur\u00fcck. Wie hat sich Ihre T\u00e4tigkeit im Laufe der Jahre entwickelt? Zu Beginn haben wir viele Hubarbeitsb\u00fchnen gebraucht gekauft. 1993 kauften wir [&hellip;]","og_url":"https:\/\/staging.ctelift.com\/de\/people-on-the-market-intervista-a-luc-moortgat\/","og_site_name":"CTE","article_published_time":"2012-02-29T14:00:00+00:00","article_modified_time":"2015-12-17T13:47:54+00:00","og_image":[{"width":2560,"height":1714,"url":"https:\/\/staging.ctelift.com\/wp-content\/uploads\/2012\/02\/Luc-Moortgat-scaled.jpg","type":"image\/jpeg"}],"author":"cteadmin","twitter_card":"summary_large_image","twitter_misc":{"Verfasst von":"cteadmin","Gesch\u00e4tzte Lesezeit":"2\u00a0Minuten"},"schema":{"@context":"https:\/\/schema.org","@graph":[{"@type":"Article","@id":"https:\/\/staging.ctelift.com\/de\/people-on-the-market-intervista-a-luc-moortgat\/#article","isPartOf":{"@id":"https:\/\/staging.ctelift.com\/de\/people-on-the-market-intervista-a-luc-moortgat\/"},"author":{"name":"cteadmin","@id":"https:\/\/staging.ctelift.com\/#\/schema\/person\/3d1611cbbd09c560704fceda5198f67c"},"headline":"LEUTE &#8211; INTERVIEW MIT LUC MOORTGAT, Inhaber von Real Verhuur und CTE-H\u00e4ndler in Belgien","datePublished":"2012-02-29T14:00:00+00:00","dateModified":"2015-12-17T13:47:54+00:00","mainEntityOfPage":{"@id":"https:\/\/staging.ctelift.com\/de\/people-on-the-market-intervista-a-luc-moortgat\/"},"wordCount":371,"commentCount":0,"image":{"@id":"https:\/\/staging.ctelift.com\/de\/people-on-the-market-intervista-a-luc-moortgat\/#primaryimage"},"thumbnailUrl":"https:\/\/staging.ctelift.com\/wp-content\/uploads\/2012\/02\/Luc-Moortgat-scaled.jpg","articleSection":["Magazine EASY"],"inLanguage":"de","potentialAction":[{"@type":"CommentAction","name":"Comment","target":["https:\/\/staging.ctelift.com\/de\/people-on-the-market-intervista-a-luc-moortgat\/#respond"]}]},{"@type":"WebPage","@id":"https:\/\/staging.ctelift.com\/de\/people-on-the-market-intervista-a-luc-moortgat\/","url":"https:\/\/staging.ctelift.com\/de\/people-on-the-market-intervista-a-luc-moortgat\/","name":"LEUTE - INTERVIEW MIT LUC MOORTGAT, Inhaber von Real Verhuur und CTE-H\u00e4ndler in Belgien - CTE","isPartOf":{"@id":"https:\/\/staging.ctelift.com\/#website"},"primaryImageOfPage":{"@id":"https:\/\/staging.ctelift.com\/de\/people-on-the-market-intervista-a-luc-moortgat\/#primaryimage"},"image":{"@id":"https:\/\/staging.ctelift.com\/de\/people-on-the-market-intervista-a-luc-moortgat\/#primaryimage"},"thumbnailUrl":"https:\/\/staging.ctelift.com\/wp-content\/uploads\/2012\/02\/Luc-Moortgat-scaled.jpg","datePublished":"2012-02-29T14:00:00+00:00","dateModified":"2015-12-17T13:47:54+00:00","author":{"@id":"https:\/\/staging.ctelift.com\/#\/schema\/person\/3d1611cbbd09c560704fceda5198f67c"},"breadcrumb":{"@id":"https:\/\/staging.ctelift.com\/de\/people-on-the-market-intervista-a-luc-moortgat\/#breadcrumb"},"inLanguage":"de","potentialAction":[{"@type":"ReadAction","target":["https:\/\/staging.ctelift.com\/de\/people-on-the-market-intervista-a-luc-moortgat\/"]}]},{"@type":"ImageObject","inLanguage":"de","@id":"https:\/\/staging.ctelift.com\/de\/people-on-the-market-intervista-a-luc-moortgat\/#primaryimage","url":"https:\/\/staging.ctelift.com\/wp-content\/uploads\/2012\/02\/Luc-Moortgat-scaled.jpg","contentUrl":"https:\/\/staging.ctelift.com\/wp-content\/uploads\/2012\/02\/Luc-Moortgat-scaled.jpg","width":2560,"height":1714},{"@type":"BreadcrumbList","@id":"https:\/\/staging.ctelift.com\/de\/people-on-the-market-intervista-a-luc-moortgat\/#breadcrumb","itemListElement":[{"@type":"ListItem","position":1,"name":"Home","item":"https:\/\/staging.ctelift.com\/de\/"},{"@type":"ListItem","position":2,"name":"LEUTE &#8211; INTERVIEW MIT LUC MOORTGAT, Inhaber von Real Verhuur und CTE-H\u00e4ndler in Belgien"}]},{"@type":"WebSite","@id":"https:\/\/staging.ctelift.com\/#website","url":"https:\/\/staging.ctelift.com\/","name":"CTE","description":"work becomes easy","potentialAction":[{"@type":"SearchAction","target":{"@type":"EntryPoint","urlTemplate":"https:\/\/staging.ctelift.com\/?s={search_term_string}"},"query-input":{"@type":"PropertyValueSpecification","valueRequired":true,"valueName":"search_term_string"}}],"inLanguage":"de"},{"@type":"Person","@id":"https:\/\/staging.ctelift.com\/#\/schema\/person\/3d1611cbbd09c560704fceda5198f67c","name":"cteadmin","url":"https:\/\/staging.ctelift.com\/de\/author\/cteadmin\/"}]}},"_links":{"self":[{"href":"https:\/\/staging.ctelift.com\/de\/wp-json\/wp\/v2\/posts\/17208","targetHints":{"allow":["GET"]}}],"collection":[{"href":"https:\/\/staging.ctelift.com\/de\/wp-json\/wp\/v2\/posts"}],"about":[{"href":"https:\/\/staging.ctelift.com\/de\/wp-json\/wp\/v2\/types\/post"}],"author":[{"embeddable":true,"href":"https:\/\/staging.ctelift.com\/de\/wp-json\/wp\/v2\/users\/1"}],"replies":[{"embeddable":true,"href":"https:\/\/staging.ctelift.com\/de\/wp-json\/wp\/v2\/comments?post=17208"}],"version-history":[{"count":1,"href":"https:\/\/staging.ctelift.com\/de\/wp-json\/wp\/v2\/posts\/17208\/revisions"}],"predecessor-version":[{"id":17209,"href":"https:\/\/staging.ctelift.com\/de\/wp-json\/wp\/v2\/posts\/17208\/revisions\/17209"}],"wp:featuredmedia":[{"embeddable":true,"href":"https:\/\/staging.ctelift.com\/de\/wp-json\/wp\/v2\/media\/14482"}],"wp:attachment":[{"href":"https:\/\/staging.ctelift.com\/de\/wp-json\/wp\/v2\/media?parent=17208"}],"wp:term":[{"taxonomy":"category","embeddable":true,"href":"https:\/\/staging.ctelift.com\/de\/wp-json\/wp\/v2\/categories?post=17208"},{"taxonomy":"post_tag","embeddable":true,"href":"https:\/\/staging.ctelift.com\/de\/wp-json\/wp\/v2\/tags?post=17208"}],"curies":[{"name":"wp","href":"https:\/\/api.w.org\/{rel}","templated":true}]}}