{"id":17229,"date":"2012-02-03T00:00:00","date_gmt":"2012-02-02T23:00:00","guid":{"rendered":"https:\/\/www.ctelift.com\/de\/2012\/02\/03\/people-on-the-market-intervista-al-noleggiatore-roberto-carbonera-vento-noleggi\/"},"modified":"2015-12-17T14:58:30","modified_gmt":"2015-12-17T13:58:30","slug":"people-on-the-market-intervista-al-noleggiatore-roberto-carbonera-vento-noleggi","status":"publish","type":"post","link":"https:\/\/staging.ctelift.com\/de\/people-on-the-market-intervista-al-noleggiatore-roberto-carbonera-vento-noleggi\/","title":{"rendered":"Interview mit einem Vermieter: Roberto Carbonera &#8211; Vento Noleggi"},"content":{"rendered":"<p><strong>Roberto Carbonera ist seit zehn Jahren in der Vermietung von Hubarbeitsb\u00fchnen in Fontanelle (Provinz Treviso) t\u00e4tig. Heute verf\u00fcgt er \u00fcber einen Park von ca. 60 Maschinen, die mit Ausnahme einiger gebrauchter Arbeitsb\u00fchnen alle von CTE stammen.<\/strong><\/p>\n<p>&nbsp;<\/p>\n<p><strong>Guten Tag, Herr Carbonera, nach einer kurzen Vorstellung w\u00fcssten wir gerne, wie Ihre Beziehung zu den Mitbewerbern ist. Treten sie auf dem Markt als wettbewerbsbewusster, dynamischer Anbieter auf?<\/strong><br \/>\nWir konnten in diesen zehn Jahren ein Vertrauensverh\u00e4ltnis zu unseren Kunden aufbauen, sodass man beinahe von freundschaftlichen Beziehungen sprechen kann. Wir versuchen, auf all ihre Bed\u00fcrfnisse einzugehen.<\/p>\n<p><strong>Wie hat sich der Markt in der letzten Zeit entwickelt?<\/strong><br \/>\nIch kann sagen, dass mein Unternehmen bis zum Vorjahr kontinuierlich gewachsen ist. Jetzt stagniert der Markt meiner Meinung nach, es gibt weder Spitzen nach unten noch nach oben.<\/p>\n<p><strong>Welche Arten von Arbeitsb\u00fchnen besitzen Sie?<\/strong><br \/>\nHaupts\u00e4chlich vertikale Hebeb\u00fchnen, auf LKW montierte B\u00fchnen, selbstfahrende Teleskop- und Gelenkteleskopb\u00fchnen; teilweise mit Maschinenf\u00fchrer.<\/p>\n<p><strong>Wie lautet Ihr &#8222;Rezept&#8220;? Welche Werte verfolgen Sie bei Ihrer t\u00e4glichen Arbeit?<\/strong><br \/>\nIch habe nur CTE Arbeitsb\u00fchnen, mit Ausnahme einiger Gebrauchtmaschinen von anderen Herstellern.<br \/>\nIch hatte stets ein gutes Verh\u00e4ltnis zu meinem Hauptlieferanten, die Idee, nur eine einzige &#8222;Hausmarke&#8220; zu f\u00fchren, hat mir immer gefallen. CTE hat eine sehr breite Produktpalette, und ich erziele so eine erh\u00f6hte Rationalit\u00e4t bei Wartung und Service.<\/p>\n<p><strong>Worauf achten Ihre Kunden, wenn sie eine Arbeitsb\u00fchne mieten? Was beeinflusst heute ihre Wahl?<\/strong><br \/>\nDas Wichtigste ist sicherlich die N\u00e4he zwischen Vermieter und Kundschaft. Wir sind heute in der Lage, jedes technische Problem zu l\u00f6sen. Au\u00dferdem sind wir in Bezug auf die Arbeitszeit sehr flexibel, wir sind praktisch rund um die Uhr verf\u00fcgbar, wenn es zum Beispiel um die \u00dcbergabe einer Maschine geht.<\/p>\n<p><strong>Was war Ihr gr\u00f6\u00dftes Erfolgserlebnis im beruflichen und privaten Bereich?<\/strong><br \/>\nDas Wachstum des Unternehmens. Wir haben praktisch bei Null begonnen, und in wenigen Jahren ist es uns gelungen, das Vertrauen des lokalen Markts zu gewinnen. Unsere Kunden halten uns die Treue.<\/p>\n<p>&nbsp;<\/p>\n<p>Foto: CTE Vorstandsvorsitzender Lorenzo Cipriani bei der \u00dcbergabe der extraleichten Hebeb\u00fchne Power Tower Nano, einem Geschenk von CTE und Power Towers Ltd.<\/p>\n<p>&nbsp;<\/p>\n","protected":false},"excerpt":{"rendered":"<p>Roberto Carbonera ist seit zehn Jahren in der Vermietung von Hubarbeitsb\u00fchnen in Fontanelle (Provinz Treviso) t\u00e4tig. Heute verf\u00fcgt er \u00fcber einen Park von ca. 60 Maschinen, die mit Ausnahme einiger gebrauchter Arbeitsb\u00fchnen alle von CTE stammen. &nbsp; Guten Tag, Herr Carbonera, nach einer kurzen Vorstellung w\u00fcssten wir gerne, wie Ihre Beziehung zu den Mitbewerbern ist. [&hellip;]<\/p>\n","protected":false},"author":1,"featured_media":14510,"comment_status":"open","ping_status":"open","sticky":false,"template":"","format":"standard","meta":{"_acf_changed":false,"_et_pb_use_builder":"","_et_pb_old_content":"","_et_gb_content_width":"","footnotes":""},"categories":[195],"tags":[],"class_list":["post-17229","post","type-post","status-publish","format-standard","has-post-thumbnail","hentry","category-magazine-easy-de"],"acf":[],"yoast_head":"<!-- This site is optimized with the Yoast SEO plugin v28.1 - https:\/\/yoast.com\/product\/yoast-seo-wordpress\/ -->\n<title>Interview mit einem Vermieter: Roberto Carbonera - Vento Noleggi - CTE<\/title>\n<meta name=\"robots\" content=\"noindex, follow, max-snippet:-1, max-image-preview:large, max-video-preview:-1\" \/>\n<meta property=\"og:locale\" content=\"de_DE\" \/>\n<meta property=\"og:type\" content=\"article\" \/>\n<meta property=\"og:title\" content=\"Interview mit einem Vermieter: Roberto Carbonera - Vento Noleggi - CTE\" \/>\n<meta property=\"og:description\" content=\"Roberto Carbonera ist seit zehn Jahren in der Vermietung von Hubarbeitsb\u00fchnen in Fontanelle (Provinz Treviso) t\u00e4tig. Heute verf\u00fcgt er \u00fcber einen Park von ca. 60 Maschinen, die mit Ausnahme einiger gebrauchter Arbeitsb\u00fchnen alle von CTE stammen. &nbsp; Guten Tag, Herr Carbonera, nach einer kurzen Vorstellung w\u00fcssten wir gerne, wie Ihre Beziehung zu den Mitbewerbern ist. [&hellip;]\" \/>\n<meta property=\"og:url\" content=\"https:\/\/staging.ctelift.com\/de\/people-on-the-market-intervista-al-noleggiatore-roberto-carbonera-vento-noleggi\/\" \/>\n<meta property=\"og:site_name\" content=\"CTE\" \/>\n<meta property=\"article:published_time\" content=\"2012-02-02T23:00:00+00:00\" \/>\n<meta property=\"article:modified_time\" content=\"2015-12-17T13:58:30+00:00\" \/>\n<meta property=\"og:image\" content=\"https:\/\/staging.ctelift.com\/wp-content\/uploads\/2012\/02\/Roberto-Carbonera-Vento-Noleggi-scaled.jpg\" \/>\n\t<meta property=\"og:image:width\" content=\"1920\" \/>\n\t<meta property=\"og:image:height\" content=\"2560\" \/>\n\t<meta property=\"og:image:type\" content=\"image\/jpeg\" \/>\n<meta name=\"author\" content=\"cteadmin\" \/>\n<meta name=\"twitter:card\" content=\"summary_large_image\" \/>\n<meta name=\"twitter:label1\" content=\"Verfasst von\" \/>\n\t<meta name=\"twitter:data1\" content=\"cteadmin\" \/>\n\t<meta name=\"twitter:label2\" content=\"Gesch\u00e4tzte Lesezeit\" \/>\n\t<meta name=\"twitter:data2\" content=\"2\u00a0Minuten\" \/>\n<script type=\"application\/ld+json\" class=\"yoast-schema-graph\">{\"@context\":\"https:\\\/\\\/schema.org\",\"@graph\":[{\"@type\":\"Article\",\"@id\":\"https:\\\/\\\/staging.ctelift.com\\\/de\\\/people-on-the-market-intervista-al-noleggiatore-roberto-carbonera-vento-noleggi\\\/#article\",\"isPartOf\":{\"@id\":\"https:\\\/\\\/staging.ctelift.com\\\/de\\\/people-on-the-market-intervista-al-noleggiatore-roberto-carbonera-vento-noleggi\\\/\"},\"author\":{\"name\":\"cteadmin\",\"@id\":\"https:\\\/\\\/staging.ctelift.com\\\/#\\\/schema\\\/person\\\/3d1611cbbd09c560704fceda5198f67c\"},\"headline\":\"Interview mit einem Vermieter: Roberto Carbonera &#8211; Vento Noleggi\",\"datePublished\":\"2012-02-02T23:00:00+00:00\",\"dateModified\":\"2015-12-17T13:58:30+00:00\",\"mainEntityOfPage\":{\"@id\":\"https:\\\/\\\/staging.ctelift.com\\\/de\\\/people-on-the-market-intervista-al-noleggiatore-roberto-carbonera-vento-noleggi\\\/\"},\"wordCount\":374,\"commentCount\":0,\"image\":{\"@id\":\"https:\\\/\\\/staging.ctelift.com\\\/de\\\/people-on-the-market-intervista-al-noleggiatore-roberto-carbonera-vento-noleggi\\\/#primaryimage\"},\"thumbnailUrl\":\"https:\\\/\\\/staging.ctelift.com\\\/wp-content\\\/uploads\\\/2012\\\/02\\\/Roberto-Carbonera-Vento-Noleggi-scaled.jpg\",\"articleSection\":[\"Magazine EASY\"],\"inLanguage\":\"de\",\"potentialAction\":[{\"@type\":\"CommentAction\",\"name\":\"Comment\",\"target\":[\"https:\\\/\\\/staging.ctelift.com\\\/de\\\/people-on-the-market-intervista-al-noleggiatore-roberto-carbonera-vento-noleggi\\\/#respond\"]}]},{\"@type\":\"WebPage\",\"@id\":\"https:\\\/\\\/staging.ctelift.com\\\/de\\\/people-on-the-market-intervista-al-noleggiatore-roberto-carbonera-vento-noleggi\\\/\",\"url\":\"https:\\\/\\\/staging.ctelift.com\\\/de\\\/people-on-the-market-intervista-al-noleggiatore-roberto-carbonera-vento-noleggi\\\/\",\"name\":\"Interview mit einem Vermieter: Roberto Carbonera - Vento Noleggi - CTE\",\"isPartOf\":{\"@id\":\"https:\\\/\\\/staging.ctelift.com\\\/#website\"},\"primaryImageOfPage\":{\"@id\":\"https:\\\/\\\/staging.ctelift.com\\\/de\\\/people-on-the-market-intervista-al-noleggiatore-roberto-carbonera-vento-noleggi\\\/#primaryimage\"},\"image\":{\"@id\":\"https:\\\/\\\/staging.ctelift.com\\\/de\\\/people-on-the-market-intervista-al-noleggiatore-roberto-carbonera-vento-noleggi\\\/#primaryimage\"},\"thumbnailUrl\":\"https:\\\/\\\/staging.ctelift.com\\\/wp-content\\\/uploads\\\/2012\\\/02\\\/Roberto-Carbonera-Vento-Noleggi-scaled.jpg\",\"datePublished\":\"2012-02-02T23:00:00+00:00\",\"dateModified\":\"2015-12-17T13:58:30+00:00\",\"author\":{\"@id\":\"https:\\\/\\\/staging.ctelift.com\\\/#\\\/schema\\\/person\\\/3d1611cbbd09c560704fceda5198f67c\"},\"breadcrumb\":{\"@id\":\"https:\\\/\\\/staging.ctelift.com\\\/de\\\/people-on-the-market-intervista-al-noleggiatore-roberto-carbonera-vento-noleggi\\\/#breadcrumb\"},\"inLanguage\":\"de\",\"potentialAction\":[{\"@type\":\"ReadAction\",\"target\":[\"https:\\\/\\\/staging.ctelift.com\\\/de\\\/people-on-the-market-intervista-al-noleggiatore-roberto-carbonera-vento-noleggi\\\/\"]}]},{\"@type\":\"ImageObject\",\"inLanguage\":\"de\",\"@id\":\"https:\\\/\\\/staging.ctelift.com\\\/de\\\/people-on-the-market-intervista-al-noleggiatore-roberto-carbonera-vento-noleggi\\\/#primaryimage\",\"url\":\"https:\\\/\\\/staging.ctelift.com\\\/wp-content\\\/uploads\\\/2012\\\/02\\\/Roberto-Carbonera-Vento-Noleggi-scaled.jpg\",\"contentUrl\":\"https:\\\/\\\/staging.ctelift.com\\\/wp-content\\\/uploads\\\/2012\\\/02\\\/Roberto-Carbonera-Vento-Noleggi-scaled.jpg\",\"width\":1920,\"height\":2560},{\"@type\":\"BreadcrumbList\",\"@id\":\"https:\\\/\\\/staging.ctelift.com\\\/de\\\/people-on-the-market-intervista-al-noleggiatore-roberto-carbonera-vento-noleggi\\\/#breadcrumb\",\"itemListElement\":[{\"@type\":\"ListItem\",\"position\":1,\"name\":\"Home\",\"item\":\"https:\\\/\\\/staging.ctelift.com\\\/de\\\/\"},{\"@type\":\"ListItem\",\"position\":2,\"name\":\"Interview mit einem Vermieter: Roberto Carbonera &#8211; Vento Noleggi\"}]},{\"@type\":\"WebSite\",\"@id\":\"https:\\\/\\\/staging.ctelift.com\\\/#website\",\"url\":\"https:\\\/\\\/staging.ctelift.com\\\/\",\"name\":\"CTE\",\"description\":\"work becomes easy\",\"potentialAction\":[{\"@type\":\"SearchAction\",\"target\":{\"@type\":\"EntryPoint\",\"urlTemplate\":\"https:\\\/\\\/staging.ctelift.com\\\/?s={search_term_string}\"},\"query-input\":{\"@type\":\"PropertyValueSpecification\",\"valueRequired\":true,\"valueName\":\"search_term_string\"}}],\"inLanguage\":\"de\"},{\"@type\":\"Person\",\"@id\":\"https:\\\/\\\/staging.ctelift.com\\\/#\\\/schema\\\/person\\\/3d1611cbbd09c560704fceda5198f67c\",\"name\":\"cteadmin\",\"url\":\"https:\\\/\\\/staging.ctelift.com\\\/de\\\/author\\\/cteadmin\\\/\"}]}<\/script>\n<!-- \/ Yoast SEO plugin. -->","yoast_head_json":{"title":"Interview mit einem Vermieter: Roberto Carbonera - Vento Noleggi - CTE","robots":{"index":"noindex","follow":"follow","max-snippet":"max-snippet:-1","max-image-preview":"max-image-preview:large","max-video-preview":"max-video-preview:-1"},"og_locale":"de_DE","og_type":"article","og_title":"Interview mit einem Vermieter: Roberto Carbonera - Vento Noleggi - CTE","og_description":"Roberto Carbonera ist seit zehn Jahren in der Vermietung von Hubarbeitsb\u00fchnen in Fontanelle (Provinz Treviso) t\u00e4tig. Heute verf\u00fcgt er \u00fcber einen Park von ca. 60 Maschinen, die mit Ausnahme einiger gebrauchter Arbeitsb\u00fchnen alle von CTE stammen. &nbsp; Guten Tag, Herr Carbonera, nach einer kurzen Vorstellung w\u00fcssten wir gerne, wie Ihre Beziehung zu den Mitbewerbern ist. [&hellip;]","og_url":"https:\/\/staging.ctelift.com\/de\/people-on-the-market-intervista-al-noleggiatore-roberto-carbonera-vento-noleggi\/","og_site_name":"CTE","article_published_time":"2012-02-02T23:00:00+00:00","article_modified_time":"2015-12-17T13:58:30+00:00","og_image":[{"width":1920,"height":2560,"url":"https:\/\/staging.ctelift.com\/wp-content\/uploads\/2012\/02\/Roberto-Carbonera-Vento-Noleggi-scaled.jpg","type":"image\/jpeg"}],"author":"cteadmin","twitter_card":"summary_large_image","twitter_misc":{"Verfasst von":"cteadmin","Gesch\u00e4tzte Lesezeit":"2\u00a0Minuten"},"schema":{"@context":"https:\/\/schema.org","@graph":[{"@type":"Article","@id":"https:\/\/staging.ctelift.com\/de\/people-on-the-market-intervista-al-noleggiatore-roberto-carbonera-vento-noleggi\/#article","isPartOf":{"@id":"https:\/\/staging.ctelift.com\/de\/people-on-the-market-intervista-al-noleggiatore-roberto-carbonera-vento-noleggi\/"},"author":{"name":"cteadmin","@id":"https:\/\/staging.ctelift.com\/#\/schema\/person\/3d1611cbbd09c560704fceda5198f67c"},"headline":"Interview mit einem Vermieter: Roberto Carbonera &#8211; Vento Noleggi","datePublished":"2012-02-02T23:00:00+00:00","dateModified":"2015-12-17T13:58:30+00:00","mainEntityOfPage":{"@id":"https:\/\/staging.ctelift.com\/de\/people-on-the-market-intervista-al-noleggiatore-roberto-carbonera-vento-noleggi\/"},"wordCount":374,"commentCount":0,"image":{"@id":"https:\/\/staging.ctelift.com\/de\/people-on-the-market-intervista-al-noleggiatore-roberto-carbonera-vento-noleggi\/#primaryimage"},"thumbnailUrl":"https:\/\/staging.ctelift.com\/wp-content\/uploads\/2012\/02\/Roberto-Carbonera-Vento-Noleggi-scaled.jpg","articleSection":["Magazine EASY"],"inLanguage":"de","potentialAction":[{"@type":"CommentAction","name":"Comment","target":["https:\/\/staging.ctelift.com\/de\/people-on-the-market-intervista-al-noleggiatore-roberto-carbonera-vento-noleggi\/#respond"]}]},{"@type":"WebPage","@id":"https:\/\/staging.ctelift.com\/de\/people-on-the-market-intervista-al-noleggiatore-roberto-carbonera-vento-noleggi\/","url":"https:\/\/staging.ctelift.com\/de\/people-on-the-market-intervista-al-noleggiatore-roberto-carbonera-vento-noleggi\/","name":"Interview mit einem Vermieter: Roberto Carbonera - Vento Noleggi - CTE","isPartOf":{"@id":"https:\/\/staging.ctelift.com\/#website"},"primaryImageOfPage":{"@id":"https:\/\/staging.ctelift.com\/de\/people-on-the-market-intervista-al-noleggiatore-roberto-carbonera-vento-noleggi\/#primaryimage"},"image":{"@id":"https:\/\/staging.ctelift.com\/de\/people-on-the-market-intervista-al-noleggiatore-roberto-carbonera-vento-noleggi\/#primaryimage"},"thumbnailUrl":"https:\/\/staging.ctelift.com\/wp-content\/uploads\/2012\/02\/Roberto-Carbonera-Vento-Noleggi-scaled.jpg","datePublished":"2012-02-02T23:00:00+00:00","dateModified":"2015-12-17T13:58:30+00:00","author":{"@id":"https:\/\/staging.ctelift.com\/#\/schema\/person\/3d1611cbbd09c560704fceda5198f67c"},"breadcrumb":{"@id":"https:\/\/staging.ctelift.com\/de\/people-on-the-market-intervista-al-noleggiatore-roberto-carbonera-vento-noleggi\/#breadcrumb"},"inLanguage":"de","potentialAction":[{"@type":"ReadAction","target":["https:\/\/staging.ctelift.com\/de\/people-on-the-market-intervista-al-noleggiatore-roberto-carbonera-vento-noleggi\/"]}]},{"@type":"ImageObject","inLanguage":"de","@id":"https:\/\/staging.ctelift.com\/de\/people-on-the-market-intervista-al-noleggiatore-roberto-carbonera-vento-noleggi\/#primaryimage","url":"https:\/\/staging.ctelift.com\/wp-content\/uploads\/2012\/02\/Roberto-Carbonera-Vento-Noleggi-scaled.jpg","contentUrl":"https:\/\/staging.ctelift.com\/wp-content\/uploads\/2012\/02\/Roberto-Carbonera-Vento-Noleggi-scaled.jpg","width":1920,"height":2560},{"@type":"BreadcrumbList","@id":"https:\/\/staging.ctelift.com\/de\/people-on-the-market-intervista-al-noleggiatore-roberto-carbonera-vento-noleggi\/#breadcrumb","itemListElement":[{"@type":"ListItem","position":1,"name":"Home","item":"https:\/\/staging.ctelift.com\/de\/"},{"@type":"ListItem","position":2,"name":"Interview mit einem Vermieter: Roberto Carbonera &#8211; Vento Noleggi"}]},{"@type":"WebSite","@id":"https:\/\/staging.ctelift.com\/#website","url":"https:\/\/staging.ctelift.com\/","name":"CTE","description":"work becomes easy","potentialAction":[{"@type":"SearchAction","target":{"@type":"EntryPoint","urlTemplate":"https:\/\/staging.ctelift.com\/?s={search_term_string}"},"query-input":{"@type":"PropertyValueSpecification","valueRequired":true,"valueName":"search_term_string"}}],"inLanguage":"de"},{"@type":"Person","@id":"https:\/\/staging.ctelift.com\/#\/schema\/person\/3d1611cbbd09c560704fceda5198f67c","name":"cteadmin","url":"https:\/\/staging.ctelift.com\/de\/author\/cteadmin\/"}]}},"_links":{"self":[{"href":"https:\/\/staging.ctelift.com\/de\/wp-json\/wp\/v2\/posts\/17229","targetHints":{"allow":["GET"]}}],"collection":[{"href":"https:\/\/staging.ctelift.com\/de\/wp-json\/wp\/v2\/posts"}],"about":[{"href":"https:\/\/staging.ctelift.com\/de\/wp-json\/wp\/v2\/types\/post"}],"author":[{"embeddable":true,"href":"https:\/\/staging.ctelift.com\/de\/wp-json\/wp\/v2\/users\/1"}],"replies":[{"embeddable":true,"href":"https:\/\/staging.ctelift.com\/de\/wp-json\/wp\/v2\/comments?post=17229"}],"version-history":[{"count":2,"href":"https:\/\/staging.ctelift.com\/de\/wp-json\/wp\/v2\/posts\/17229\/revisions"}],"predecessor-version":[{"id":17231,"href":"https:\/\/staging.ctelift.com\/de\/wp-json\/wp\/v2\/posts\/17229\/revisions\/17231"}],"wp:featuredmedia":[{"embeddable":true,"href":"https:\/\/staging.ctelift.com\/de\/wp-json\/wp\/v2\/media\/14510"}],"wp:attachment":[{"href":"https:\/\/staging.ctelift.com\/de\/wp-json\/wp\/v2\/media?parent=17229"}],"wp:term":[{"taxonomy":"category","embeddable":true,"href":"https:\/\/staging.ctelift.com\/de\/wp-json\/wp\/v2\/categories?post=17229"},{"taxonomy":"post_tag","embeddable":true,"href":"https:\/\/staging.ctelift.com\/de\/wp-json\/wp\/v2\/tags?post=17229"}],"curies":[{"name":"wp","href":"https:\/\/api.w.org\/{rel}","templated":true}]}}