{"id":18341,"date":"2012-10-24T12:00:00","date_gmt":"2012-10-24T10:00:00","guid":{"rendered":"https:\/\/www.ctelift.com\/de\/2012\/10\/24\/a-roma-la-prima-zed-23-jh\/"},"modified":"2016-11-07T09:15:40","modified_gmt":"2016-11-07T08:15:40","slug":"a-roma-la-prima-zed-23-jh","status":"publish","type":"post","link":"https:\/\/staging.ctelift.com\/de\/a-roma-la-prima-zed-23-jh\/","title":{"rendered":"Die erste ZED 23 JH geht nach Rom!"},"content":{"rendered":"<p><strong>Noch w\u00e4hrend ihrer Weltpremiere auf der SAIE war die neue LKW-Gelenkb\u00fchne mit 250 kg Korblast, 23 m Arbeitsh\u00f6he und Korbarm sofort ein Erfolg: Die erste Maschine wurde noch auf der Messe verkauft.<br \/>\n<\/strong><br \/>\nGerade erst auf der Saie, der renommierten Fachmesse, die eben in Bologna zu Ende gegangen ist und an der dieses Jahr auch<strong> CTE<\/strong> teilgenommen hat , pr\u00e4sentiert, landet die neue <strong>ZED 23 JH<\/strong> schon einen Erfolg: Das erste Exemplar wurde noch w\u00e4hrend der Veranstaltung verkauft.<\/p>\n<p>Die LKW-Gelenkb\u00fchne ZED 23 JH, gewisserma\u00dfen die gro\u00dfe Schwester der ZED 21 JH, soll deren herausragende Eigenschaften (Korbarm, erh\u00f6hte Tragkraft, zweiteiliger Gelenkarm, Kompaktheit und maximale Bedienerfreundlichkeit) nun auch in 23 m H\u00f6he bieten.<\/p>\n<p>Das erste Exemplar dieser Maschine f\u00fcr den italienischen Markt wurde von<strong> TECNOALT<\/strong> srl in Rom erworben und wird die bereits reichhaltige Palette an CTE-B\u00fchnen unseres r\u00f6mischen Kunden bereichern. Die Lieferung ist f\u00fcr Februar 2013 geplant.<\/p>\n<p>Die neue ZED 23 JH bietet eine Arbeitsh\u00f6he von <strong>23 m<\/strong>, einen Korbarm, das von CTE patentierte hydraulisch-mechanische H-Abst\u00fctzsystem und eine Traglast von 250 kg im gesamten Arbeitsbereich. Somit vereint sie alle Merkmale, die ma\u00dfgeblich f\u00fcr den Erfolg der neuesten LKW-B\u00fchnen von CTE waren (ZED 21JH, ZED 20.2 H). Mit diesem neuen Produkt geh\u00f6rt CTE definitiv zur Avantgarde de Branche: Zum ersten Mal wird im Segment der mit B-F\u00fchrerschein lenkbaren Selbstfahrer eine B\u00fchne mit 23 m Arbeitsh\u00f6he angeboten, die dar\u00fcber hinaus \u00fcber hervorragende innovative Eigenschaften verf\u00fcgt.<\/p>\n<p>ZED 23 JH ist die einzige LKW-B\u00fchne mit 23 m Arbeitsh\u00f6he, die \u00fcber einen Korbarm mit einem Schwenkradius von 145\u00b0 (30\u00b0 positiv) verf\u00fcgt, wodurch stets ein ergonomisches Arbeiten gew\u00e4hrleistet wird. Und das alles auf einer f\u00fcr B-F\u00fchrerschein geeigneten Gelenkb\u00fchne: eine Performance, wie sie nur CTE bietet.<\/p>\n<p>Die Korblast erreicht <strong>250 kg<\/strong> und deckt uneingeschr\u00e4nkt den ganzen Arbeitsbereich ab. CTE widmet sich auch weiterhin der Entwicklung von Maschinen mit hoher Korblast und tr\u00e4gt damit einer auf dem europ\u00e4ischen Markt immer h\u00e4ufiger gestellten Anforderung Rechnung: So wird auch st\u00e4rkeren Bedienern mit schweren Arbeitsger\u00e4ten im Korb ein sicheres und komfortables Arbeiten erm\u00f6glicht und einem Blockieren w\u00e4hrend des Betriebs vorgebeugt.<\/p>\n<p>Das j\u00fcngste Mitglied der CTE-Familie pr\u00e4sentiert sich mit einem <strong>Korbarm im neuen Design<\/strong>: klare Linien, funktionell, der Teleskoparm verl\u00e4uft parallel zum Gelenkausleger. Schl\u00e4uche und Kabel verlaufen innerhalb des Auslegers und sind dadurch besser vor Abnutzung und eventuellen Besch\u00e4digungen w\u00e4hrend des Betriebs gesch\u00fctzt.<\/p>\n","protected":false},"excerpt":{"rendered":"<p>Noch w\u00e4hrend ihrer Weltpremiere auf der SAIE war die neue LKW-Gelenkb\u00fchne mit 250 kg Korblast, 23 m Arbeitsh\u00f6he und Korbarm sofort ein Erfolg: Die erste Maschine wurde noch auf der Messe verkauft. Gerade erst auf der Saie, der renommierten Fachmesse, die eben in Bologna zu Ende gegangen ist und an der dieses Jahr auch CTE [&hellip;]<\/p>\n","protected":false},"author":2,"featured_media":6862,"comment_status":"open","ping_status":"open","sticky":false,"template":"","format":"standard","meta":{"_acf_changed":false,"_et_pb_use_builder":"","_et_pb_old_content":"","_et_gb_content_width":"","footnotes":""},"categories":[294],"tags":[],"class_list":["post-18341","post","type-post","status-publish","format-standard","has-post-thumbnail","hentry","category-news-de"],"acf":[],"yoast_head":"<!-- This site is optimized with the Yoast SEO plugin v28.1 - https:\/\/yoast.com\/product\/yoast-seo-wordpress\/ -->\n<title>Die erste ZED 23 JH geht nach Rom! - CTE<\/title>\n<meta name=\"robots\" content=\"noindex, follow, max-snippet:-1, max-image-preview:large, max-video-preview:-1\" \/>\n<meta property=\"og:locale\" content=\"de_DE\" \/>\n<meta property=\"og:type\" content=\"article\" \/>\n<meta property=\"og:title\" content=\"Die erste ZED 23 JH geht nach Rom! - CTE\" \/>\n<meta property=\"og:description\" content=\"Noch w\u00e4hrend ihrer Weltpremiere auf der SAIE war die neue LKW-Gelenkb\u00fchne mit 250 kg Korblast, 23 m Arbeitsh\u00f6he und Korbarm sofort ein Erfolg: Die erste Maschine wurde noch auf der Messe verkauft. Gerade erst auf der Saie, der renommierten Fachmesse, die eben in Bologna zu Ende gegangen ist und an der dieses Jahr auch CTE [&hellip;]\" \/>\n<meta property=\"og:url\" content=\"https:\/\/staging.ctelift.com\/de\/a-roma-la-prima-zed-23-jh\/\" \/>\n<meta property=\"og:site_name\" content=\"CTE\" \/>\n<meta property=\"article:published_time\" content=\"2012-10-24T10:00:00+00:00\" \/>\n<meta property=\"article:modified_time\" content=\"2016-11-07T08:15:40+00:00\" \/>\n<meta property=\"og:image\" content=\"https:\/\/staging.ctelift.com\/wp-content\/uploads\/importer\/1_1994_L0_I2_DSC_0045_v01-scaled.jpg\" \/>\n\t<meta property=\"og:image:width\" content=\"1709\" \/>\n\t<meta property=\"og:image:height\" content=\"2560\" \/>\n\t<meta property=\"og:image:type\" content=\"image\/jpeg\" \/>\n<meta name=\"author\" content=\"cteuser\" \/>\n<meta name=\"twitter:card\" content=\"summary_large_image\" \/>\n<meta name=\"twitter:label1\" content=\"Verfasst von\" \/>\n\t<meta name=\"twitter:data1\" content=\"cteuser\" \/>\n\t<meta name=\"twitter:label2\" content=\"Gesch\u00e4tzte Lesezeit\" \/>\n\t<meta name=\"twitter:data2\" content=\"2\u00a0Minuten\" \/>\n<script type=\"application\/ld+json\" class=\"yoast-schema-graph\">{\"@context\":\"https:\\\/\\\/schema.org\",\"@graph\":[{\"@type\":\"Article\",\"@id\":\"https:\\\/\\\/staging.ctelift.com\\\/de\\\/a-roma-la-prima-zed-23-jh\\\/#article\",\"isPartOf\":{\"@id\":\"https:\\\/\\\/staging.ctelift.com\\\/de\\\/a-roma-la-prima-zed-23-jh\\\/\"},\"author\":{\"name\":\"cteuser\",\"@id\":\"https:\\\/\\\/staging.ctelift.com\\\/#\\\/schema\\\/person\\\/b83f56a5bd85503f355fa1544c350ab9\"},\"headline\":\"Die erste ZED 23 JH geht nach Rom!\",\"datePublished\":\"2012-10-24T10:00:00+00:00\",\"dateModified\":\"2016-11-07T08:15:40+00:00\",\"mainEntityOfPage\":{\"@id\":\"https:\\\/\\\/staging.ctelift.com\\\/de\\\/a-roma-la-prima-zed-23-jh\\\/\"},\"wordCount\":415,\"commentCount\":0,\"image\":{\"@id\":\"https:\\\/\\\/staging.ctelift.com\\\/de\\\/a-roma-la-prima-zed-23-jh\\\/#primaryimage\"},\"thumbnailUrl\":\"https:\\\/\\\/staging.ctelift.com\\\/wp-content\\\/uploads\\\/importer\\\/1_1994_L0_I2_DSC_0045_v01-scaled.jpg\",\"articleSection\":[\"News\"],\"inLanguage\":\"de\",\"potentialAction\":[{\"@type\":\"CommentAction\",\"name\":\"Comment\",\"target\":[\"https:\\\/\\\/staging.ctelift.com\\\/de\\\/a-roma-la-prima-zed-23-jh\\\/#respond\"]}]},{\"@type\":\"WebPage\",\"@id\":\"https:\\\/\\\/staging.ctelift.com\\\/de\\\/a-roma-la-prima-zed-23-jh\\\/\",\"url\":\"https:\\\/\\\/staging.ctelift.com\\\/de\\\/a-roma-la-prima-zed-23-jh\\\/\",\"name\":\"Die erste ZED 23 JH geht nach Rom! - CTE\",\"isPartOf\":{\"@id\":\"https:\\\/\\\/staging.ctelift.com\\\/#website\"},\"primaryImageOfPage\":{\"@id\":\"https:\\\/\\\/staging.ctelift.com\\\/de\\\/a-roma-la-prima-zed-23-jh\\\/#primaryimage\"},\"image\":{\"@id\":\"https:\\\/\\\/staging.ctelift.com\\\/de\\\/a-roma-la-prima-zed-23-jh\\\/#primaryimage\"},\"thumbnailUrl\":\"https:\\\/\\\/staging.ctelift.com\\\/wp-content\\\/uploads\\\/importer\\\/1_1994_L0_I2_DSC_0045_v01-scaled.jpg\",\"datePublished\":\"2012-10-24T10:00:00+00:00\",\"dateModified\":\"2016-11-07T08:15:40+00:00\",\"author\":{\"@id\":\"https:\\\/\\\/staging.ctelift.com\\\/#\\\/schema\\\/person\\\/b83f56a5bd85503f355fa1544c350ab9\"},\"breadcrumb\":{\"@id\":\"https:\\\/\\\/staging.ctelift.com\\\/de\\\/a-roma-la-prima-zed-23-jh\\\/#breadcrumb\"},\"inLanguage\":\"de\",\"potentialAction\":[{\"@type\":\"ReadAction\",\"target\":[\"https:\\\/\\\/staging.ctelift.com\\\/de\\\/a-roma-la-prima-zed-23-jh\\\/\"]}]},{\"@type\":\"ImageObject\",\"inLanguage\":\"de\",\"@id\":\"https:\\\/\\\/staging.ctelift.com\\\/de\\\/a-roma-la-prima-zed-23-jh\\\/#primaryimage\",\"url\":\"https:\\\/\\\/staging.ctelift.com\\\/wp-content\\\/uploads\\\/importer\\\/1_1994_L0_I2_DSC_0045_v01-scaled.jpg\",\"contentUrl\":\"https:\\\/\\\/staging.ctelift.com\\\/wp-content\\\/uploads\\\/importer\\\/1_1994_L0_I2_DSC_0045_v01-scaled.jpg\",\"width\":1709,\"height\":2560},{\"@type\":\"BreadcrumbList\",\"@id\":\"https:\\\/\\\/staging.ctelift.com\\\/de\\\/a-roma-la-prima-zed-23-jh\\\/#breadcrumb\",\"itemListElement\":[{\"@type\":\"ListItem\",\"position\":1,\"name\":\"Home\",\"item\":\"https:\\\/\\\/staging.ctelift.com\\\/de\\\/\"},{\"@type\":\"ListItem\",\"position\":2,\"name\":\"Die erste ZED 23 JH geht nach Rom!\"}]},{\"@type\":\"WebSite\",\"@id\":\"https:\\\/\\\/staging.ctelift.com\\\/#website\",\"url\":\"https:\\\/\\\/staging.ctelift.com\\\/\",\"name\":\"CTE\",\"description\":\"work becomes easy\",\"potentialAction\":[{\"@type\":\"SearchAction\",\"target\":{\"@type\":\"EntryPoint\",\"urlTemplate\":\"https:\\\/\\\/staging.ctelift.com\\\/?s={search_term_string}\"},\"query-input\":{\"@type\":\"PropertyValueSpecification\",\"valueRequired\":true,\"valueName\":\"search_term_string\"}}],\"inLanguage\":\"de\"},{\"@type\":\"Person\",\"@id\":\"https:\\\/\\\/staging.ctelift.com\\\/#\\\/schema\\\/person\\\/b83f56a5bd85503f355fa1544c350ab9\",\"name\":\"cteuser\",\"url\":\"https:\\\/\\\/staging.ctelift.com\\\/de\\\/author\\\/cteuser\\\/\"}]}<\/script>\n<!-- \/ Yoast SEO plugin. -->","yoast_head_json":{"title":"Die erste ZED 23 JH geht nach Rom! - CTE","robots":{"index":"noindex","follow":"follow","max-snippet":"max-snippet:-1","max-image-preview":"max-image-preview:large","max-video-preview":"max-video-preview:-1"},"og_locale":"de_DE","og_type":"article","og_title":"Die erste ZED 23 JH geht nach Rom! - CTE","og_description":"Noch w\u00e4hrend ihrer Weltpremiere auf der SAIE war die neue LKW-Gelenkb\u00fchne mit 250 kg Korblast, 23 m Arbeitsh\u00f6he und Korbarm sofort ein Erfolg: Die erste Maschine wurde noch auf der Messe verkauft. Gerade erst auf der Saie, der renommierten Fachmesse, die eben in Bologna zu Ende gegangen ist und an der dieses Jahr auch CTE [&hellip;]","og_url":"https:\/\/staging.ctelift.com\/de\/a-roma-la-prima-zed-23-jh\/","og_site_name":"CTE","article_published_time":"2012-10-24T10:00:00+00:00","article_modified_time":"2016-11-07T08:15:40+00:00","og_image":[{"width":1709,"height":2560,"url":"https:\/\/staging.ctelift.com\/wp-content\/uploads\/importer\/1_1994_L0_I2_DSC_0045_v01-scaled.jpg","type":"image\/jpeg"}],"author":"cteuser","twitter_card":"summary_large_image","twitter_misc":{"Verfasst von":"cteuser","Gesch\u00e4tzte Lesezeit":"2\u00a0Minuten"},"schema":{"@context":"https:\/\/schema.org","@graph":[{"@type":"Article","@id":"https:\/\/staging.ctelift.com\/de\/a-roma-la-prima-zed-23-jh\/#article","isPartOf":{"@id":"https:\/\/staging.ctelift.com\/de\/a-roma-la-prima-zed-23-jh\/"},"author":{"name":"cteuser","@id":"https:\/\/staging.ctelift.com\/#\/schema\/person\/b83f56a5bd85503f355fa1544c350ab9"},"headline":"Die erste ZED 23 JH geht nach Rom!","datePublished":"2012-10-24T10:00:00+00:00","dateModified":"2016-11-07T08:15:40+00:00","mainEntityOfPage":{"@id":"https:\/\/staging.ctelift.com\/de\/a-roma-la-prima-zed-23-jh\/"},"wordCount":415,"commentCount":0,"image":{"@id":"https:\/\/staging.ctelift.com\/de\/a-roma-la-prima-zed-23-jh\/#primaryimage"},"thumbnailUrl":"https:\/\/staging.ctelift.com\/wp-content\/uploads\/importer\/1_1994_L0_I2_DSC_0045_v01-scaled.jpg","articleSection":["News"],"inLanguage":"de","potentialAction":[{"@type":"CommentAction","name":"Comment","target":["https:\/\/staging.ctelift.com\/de\/a-roma-la-prima-zed-23-jh\/#respond"]}]},{"@type":"WebPage","@id":"https:\/\/staging.ctelift.com\/de\/a-roma-la-prima-zed-23-jh\/","url":"https:\/\/staging.ctelift.com\/de\/a-roma-la-prima-zed-23-jh\/","name":"Die erste ZED 23 JH geht nach Rom! - CTE","isPartOf":{"@id":"https:\/\/staging.ctelift.com\/#website"},"primaryImageOfPage":{"@id":"https:\/\/staging.ctelift.com\/de\/a-roma-la-prima-zed-23-jh\/#primaryimage"},"image":{"@id":"https:\/\/staging.ctelift.com\/de\/a-roma-la-prima-zed-23-jh\/#primaryimage"},"thumbnailUrl":"https:\/\/staging.ctelift.com\/wp-content\/uploads\/importer\/1_1994_L0_I2_DSC_0045_v01-scaled.jpg","datePublished":"2012-10-24T10:00:00+00:00","dateModified":"2016-11-07T08:15:40+00:00","author":{"@id":"https:\/\/staging.ctelift.com\/#\/schema\/person\/b83f56a5bd85503f355fa1544c350ab9"},"breadcrumb":{"@id":"https:\/\/staging.ctelift.com\/de\/a-roma-la-prima-zed-23-jh\/#breadcrumb"},"inLanguage":"de","potentialAction":[{"@type":"ReadAction","target":["https:\/\/staging.ctelift.com\/de\/a-roma-la-prima-zed-23-jh\/"]}]},{"@type":"ImageObject","inLanguage":"de","@id":"https:\/\/staging.ctelift.com\/de\/a-roma-la-prima-zed-23-jh\/#primaryimage","url":"https:\/\/staging.ctelift.com\/wp-content\/uploads\/importer\/1_1994_L0_I2_DSC_0045_v01-scaled.jpg","contentUrl":"https:\/\/staging.ctelift.com\/wp-content\/uploads\/importer\/1_1994_L0_I2_DSC_0045_v01-scaled.jpg","width":1709,"height":2560},{"@type":"BreadcrumbList","@id":"https:\/\/staging.ctelift.com\/de\/a-roma-la-prima-zed-23-jh\/#breadcrumb","itemListElement":[{"@type":"ListItem","position":1,"name":"Home","item":"https:\/\/staging.ctelift.com\/de\/"},{"@type":"ListItem","position":2,"name":"Die erste ZED 23 JH geht nach Rom!"}]},{"@type":"WebSite","@id":"https:\/\/staging.ctelift.com\/#website","url":"https:\/\/staging.ctelift.com\/","name":"CTE","description":"work becomes easy","potentialAction":[{"@type":"SearchAction","target":{"@type":"EntryPoint","urlTemplate":"https:\/\/staging.ctelift.com\/?s={search_term_string}"},"query-input":{"@type":"PropertyValueSpecification","valueRequired":true,"valueName":"search_term_string"}}],"inLanguage":"de"},{"@type":"Person","@id":"https:\/\/staging.ctelift.com\/#\/schema\/person\/b83f56a5bd85503f355fa1544c350ab9","name":"cteuser","url":"https:\/\/staging.ctelift.com\/de\/author\/cteuser\/"}]}},"_links":{"self":[{"href":"https:\/\/staging.ctelift.com\/de\/wp-json\/wp\/v2\/posts\/18341","targetHints":{"allow":["GET"]}}],"collection":[{"href":"https:\/\/staging.ctelift.com\/de\/wp-json\/wp\/v2\/posts"}],"about":[{"href":"https:\/\/staging.ctelift.com\/de\/wp-json\/wp\/v2\/types\/post"}],"author":[{"embeddable":true,"href":"https:\/\/staging.ctelift.com\/de\/wp-json\/wp\/v2\/users\/2"}],"replies":[{"embeddable":true,"href":"https:\/\/staging.ctelift.com\/de\/wp-json\/wp\/v2\/comments?post=18341"}],"version-history":[{"count":2,"href":"https:\/\/staging.ctelift.com\/de\/wp-json\/wp\/v2\/posts\/18341\/revisions"}],"predecessor-version":[{"id":18343,"href":"https:\/\/staging.ctelift.com\/de\/wp-json\/wp\/v2\/posts\/18341\/revisions\/18343"}],"wp:featuredmedia":[{"embeddable":true,"href":"https:\/\/staging.ctelift.com\/de\/wp-json\/wp\/v2\/media\/6862"}],"wp:attachment":[{"href":"https:\/\/staging.ctelift.com\/de\/wp-json\/wp\/v2\/media?parent=18341"}],"wp:term":[{"taxonomy":"category","embeddable":true,"href":"https:\/\/staging.ctelift.com\/de\/wp-json\/wp\/v2\/categories?post=18341"},{"taxonomy":"post_tag","embeddable":true,"href":"https:\/\/staging.ctelift.com\/de\/wp-json\/wp\/v2\/tags?post=18341"}],"curies":[{"name":"wp","href":"https:\/\/api.w.org\/{rel}","templated":true}]}}