{"id":29485,"date":"2017-10-11T10:14:43","date_gmt":"2017-10-11T08:14:43","guid":{"rendered":"https:\/\/www.ctelift.com\/de\/2017\/10\/11\/people-on-the-market-alfio-castro-della-sicel-srl\/"},"modified":"2017-11-02T12:29:31","modified_gmt":"2017-11-02T11:29:31","slug":"people-on-the-market-alfio-castro-della-sicel-srl","status":"publish","type":"post","link":"https:\/\/staging.ctelift.com\/de\/people-on-the-market-alfio-castro-della-sicel-srl\/","title":{"rendered":"LEUTE, INTERVIEW \u2013 ALFIO CASTRO von SICEL SRL"},"content":{"rendered":"<p>F\u00fcr diese Ausgabe haben wir die autorisierte CTE-Werkst\u00e4tte f\u00fcr Sizilien, die <strong>Sicel Srl<\/strong> interviewt.<br \/>\n<strong>Alfio Castro<\/strong> hat unsere Fragen beantwortet.<\/p>\n<p><strong>1. Worin besteht Ihre Hauptt\u00e4tigkeit?<\/strong><br \/>\nUnser Unternehmen, die Sicel Srl, widmet sich vor allem der Vermietung, dem Verkauf und dem Service im Bereich Hubarbeitsb\u00fchnen und Hebeger\u00e4te. Wir haben aber auch andere Maschinen und Produkte im Programm, wie zum Beispiel Ger\u00fcste, Seilwinden, Minibagger, Teleskoplader, Stapler, Krane, Kletterb\u00fchnen und Br\u00fcckenwartungsger\u00e4te.<br \/>\nZus\u00e4tzlich vermieten wir \u00f6kologische Fahrzeuge f\u00fcr den Personen- und Materialtransport.<\/p>\n<p><strong>2. Seit wie vielen Jahren sind Sie in der Branche t\u00e4tig?<\/strong><br \/>\nUns gibt es seit 30 Jahren in der Branche.<\/p>\n<p><strong>3. In welchen geographischen Gebieten sind Sie t\u00e4tig?<\/strong><br \/>\nWir sind in ganz Sizilien und in der Provinz von Reggio Calabria t\u00e4tig.<\/p>\n<p><strong>4. Wie hat sich Ihr Unternehmen im Laufe der letzten Jahre entwickelt?<\/strong><br \/>\nWir haben vor 30 Jahren mit den Bereichen Verkauf und Kundendienst begonnen. Sp\u00e4ter, vor 18 Jahren, kam auch die Vermietung hinzu.<\/p>\n<p><strong>5. Seit wie vielen Jahren sind Sie eine autorisierte CTE-Werkst\u00e4tte?<\/strong><br \/>\nVon Beginn an, also seit 30 Jahren.<\/p>\n<p><strong>6. Wie ist Ihr Verh\u00e4ltnis zu CTE?<\/strong><br \/>\nDas Verh\u00e4ltnis zu CTE war immer schon ein ausgezeichnetes. Wir stehen in st\u00e4ndigem Kontakt mit der Verwaltung und dem Kundendienst, um auf dem neuesten Stand zu sein und direkten Support zu erhalten.<\/p>\n<p><strong>7. Welche Eigenschaften der CTE-B\u00fchnen sch\u00e4tzen Sie bei Ihrer Arbeit besonders?<\/strong><br \/>\nCTE stellt hochqualitative Produkte her, die sich durch ihre technischen Eigenschaften auszeichnen.<\/p>\n<p><strong>8. Erinnern Sie sich an einen Einsatz, bei dem die Zusammenarbeit mit CTE zu einer erfolgreichen L\u00f6sung gef\u00fchrt hat?<\/strong><br \/>\nJa, an mehrere. Vor einigen Jahren etwa meldete einer unserer Kunden Probleme mit einer Arbeitsb\u00fchne. Nach einigen Versuchen unsererseits baten wir den Serviceverantwortlichen von CTE, Denis Andreolli, um Hilfe, der den Kunden pers\u00f6nlich aufsuchte und das Problem sofort l\u00f6ste. Wir waren f\u00fcr diesen Einsatz sehr dankbar, denn so konnten wir vermitteln, dass der Hersteller immer f\u00fcr seine Kunden da ist.<\/p>\n<p><strong>9. Wie ist Ihr Kundendienst organisiert?<\/strong><br \/>\nNach der Terminvereinbarung im B\u00fcro werden die Maschinen \u00fcbernommen, und es wird akribisch an einer zeitnahen L\u00f6sung der Probleme gearbeitet.<\/p>\n<p><strong>10. Wie ist Ihre Beziehung zu den Mitbewerbern? Treten Sie auf dem Markt als wettbewerbsbewusster, dynamischer Anbieter auf?<\/strong><br \/>\nWir versuchen, unser technisches Personal aufzustocken. Mit gezielten und inhaltlich erstklassigen Kursen werden unsere Mitarbeiter daf\u00fcr ausgebildet, s\u00e4mtliche Bed\u00fcrfnisse unserer Kunden zu erf\u00fcllen.<\/p>\n<p><strong>11. Wie lautet Ihr Erfolgsrezept? Welche Werte verfolgen Sie bei Ihrer t\u00e4glichen Arbeit?<\/strong><br \/>\nWir zeichnen uns seit jeher durch P\u00fcnktlichkeit, Pr\u00e4zision und Professionalit\u00e4t aus.<\/p>\n<p>Im Bild: <strong>Alessandro, Stefano und Alfio Castro \u2013 Sicel Srl<\/strong><\/p>\n","protected":false},"excerpt":{"rendered":"<p>F\u00fcr diese Ausgabe haben wir die autorisierte CTE-Werkst\u00e4tte f\u00fcr Sizilien, die Sicel Srl interviewt. Alfio Castro hat unsere Fragen beantwortet. 1. Worin besteht Ihre Hauptt\u00e4tigkeit? Unser Unternehmen, die Sicel Srl, widmet sich vor allem der Vermietung, dem Verkauf und dem Service im Bereich Hubarbeitsb\u00fchnen und Hebeger\u00e4te. Wir haben aber auch andere Maschinen und Produkte im [&hellip;]<\/p>\n","protected":false},"author":2,"featured_media":29118,"comment_status":"open","ping_status":"open","sticky":false,"template":"","format":"standard","meta":{"_acf_changed":false,"_et_pb_use_builder":"","_et_pb_old_content":"","_et_gb_content_width":"","footnotes":""},"categories":[195],"tags":[],"class_list":["post-29485","post","type-post","status-publish","format-standard","has-post-thumbnail","hentry","category-magazine-easy-de"],"acf":[],"yoast_head":"<!-- This site is optimized with the Yoast SEO plugin v28.1 - https:\/\/yoast.com\/product\/yoast-seo-wordpress\/ -->\n<title>LEUTE, INTERVIEW \u2013 ALFIO CASTRO von SICEL SRL - CTE<\/title>\n<meta name=\"robots\" content=\"noindex, follow, max-snippet:-1, max-image-preview:large, max-video-preview:-1\" \/>\n<meta property=\"og:locale\" content=\"de_DE\" \/>\n<meta property=\"og:type\" content=\"article\" \/>\n<meta property=\"og:title\" content=\"LEUTE, INTERVIEW \u2013 ALFIO CASTRO von SICEL SRL - CTE\" \/>\n<meta property=\"og:description\" content=\"F\u00fcr diese Ausgabe haben wir die autorisierte CTE-Werkst\u00e4tte f\u00fcr Sizilien, die Sicel Srl interviewt. Alfio Castro hat unsere Fragen beantwortet. 1. Worin besteht Ihre Hauptt\u00e4tigkeit? Unser Unternehmen, die Sicel Srl, widmet sich vor allem der Vermietung, dem Verkauf und dem Service im Bereich Hubarbeitsb\u00fchnen und Hebeger\u00e4te. Wir haben aber auch andere Maschinen und Produkte im [&hellip;]\" \/>\n<meta property=\"og:url\" content=\"https:\/\/staging.ctelift.com\/de\/people-on-the-market-alfio-castro-della-sicel-srl\/\" \/>\n<meta property=\"og:site_name\" content=\"CTE\" \/>\n<meta property=\"article:published_time\" content=\"2017-10-11T08:14:43+00:00\" \/>\n<meta property=\"article:modified_time\" content=\"2017-11-02T11:29:31+00:00\" \/>\n<meta property=\"og:image\" content=\"https:\/\/staging.ctelift.com\/wp-content\/uploads\/2017\/10\/Sicel-Alessandro-Stefano-Alfio-scaled.jpg\" \/>\n\t<meta property=\"og:image:width\" content=\"2560\" \/>\n\t<meta property=\"og:image:height\" content=\"1920\" \/>\n\t<meta property=\"og:image:type\" content=\"image\/jpeg\" \/>\n<meta name=\"author\" content=\"cteuser\" \/>\n<meta name=\"twitter:card\" content=\"summary_large_image\" \/>\n<meta name=\"twitter:label1\" content=\"Verfasst von\" \/>\n\t<meta name=\"twitter:data1\" content=\"cteuser\" \/>\n\t<meta name=\"twitter:label2\" content=\"Gesch\u00e4tzte Lesezeit\" \/>\n\t<meta name=\"twitter:data2\" content=\"2\u00a0Minuten\" \/>\n<script type=\"application\/ld+json\" class=\"yoast-schema-graph\">{\"@context\":\"https:\\\/\\\/schema.org\",\"@graph\":[{\"@type\":\"Article\",\"@id\":\"https:\\\/\\\/staging.ctelift.com\\\/de\\\/people-on-the-market-alfio-castro-della-sicel-srl\\\/#article\",\"isPartOf\":{\"@id\":\"https:\\\/\\\/staging.ctelift.com\\\/de\\\/people-on-the-market-alfio-castro-della-sicel-srl\\\/\"},\"author\":{\"name\":\"cteuser\",\"@id\":\"https:\\\/\\\/staging.ctelift.com\\\/#\\\/schema\\\/person\\\/b83f56a5bd85503f355fa1544c350ab9\"},\"headline\":\"LEUTE, INTERVIEW \u2013 ALFIO CASTRO von SICEL SRL\",\"datePublished\":\"2017-10-11T08:14:43+00:00\",\"dateModified\":\"2017-11-02T11:29:31+00:00\",\"mainEntityOfPage\":{\"@id\":\"https:\\\/\\\/staging.ctelift.com\\\/de\\\/people-on-the-market-alfio-castro-della-sicel-srl\\\/\"},\"wordCount\":441,\"commentCount\":0,\"image\":{\"@id\":\"https:\\\/\\\/staging.ctelift.com\\\/de\\\/people-on-the-market-alfio-castro-della-sicel-srl\\\/#primaryimage\"},\"thumbnailUrl\":\"https:\\\/\\\/staging.ctelift.com\\\/wp-content\\\/uploads\\\/2017\\\/10\\\/Sicel-Alessandro-Stefano-Alfio-scaled.jpg\",\"articleSection\":[\"Magazine EASY\"],\"inLanguage\":\"de\",\"potentialAction\":[{\"@type\":\"CommentAction\",\"name\":\"Comment\",\"target\":[\"https:\\\/\\\/staging.ctelift.com\\\/de\\\/people-on-the-market-alfio-castro-della-sicel-srl\\\/#respond\"]}]},{\"@type\":\"WebPage\",\"@id\":\"https:\\\/\\\/staging.ctelift.com\\\/de\\\/people-on-the-market-alfio-castro-della-sicel-srl\\\/\",\"url\":\"https:\\\/\\\/staging.ctelift.com\\\/de\\\/people-on-the-market-alfio-castro-della-sicel-srl\\\/\",\"name\":\"LEUTE, INTERVIEW \u2013 ALFIO CASTRO von SICEL SRL - CTE\",\"isPartOf\":{\"@id\":\"https:\\\/\\\/staging.ctelift.com\\\/#website\"},\"primaryImageOfPage\":{\"@id\":\"https:\\\/\\\/staging.ctelift.com\\\/de\\\/people-on-the-market-alfio-castro-della-sicel-srl\\\/#primaryimage\"},\"image\":{\"@id\":\"https:\\\/\\\/staging.ctelift.com\\\/de\\\/people-on-the-market-alfio-castro-della-sicel-srl\\\/#primaryimage\"},\"thumbnailUrl\":\"https:\\\/\\\/staging.ctelift.com\\\/wp-content\\\/uploads\\\/2017\\\/10\\\/Sicel-Alessandro-Stefano-Alfio-scaled.jpg\",\"datePublished\":\"2017-10-11T08:14:43+00:00\",\"dateModified\":\"2017-11-02T11:29:31+00:00\",\"author\":{\"@id\":\"https:\\\/\\\/staging.ctelift.com\\\/#\\\/schema\\\/person\\\/b83f56a5bd85503f355fa1544c350ab9\"},\"breadcrumb\":{\"@id\":\"https:\\\/\\\/staging.ctelift.com\\\/de\\\/people-on-the-market-alfio-castro-della-sicel-srl\\\/#breadcrumb\"},\"inLanguage\":\"de\",\"potentialAction\":[{\"@type\":\"ReadAction\",\"target\":[\"https:\\\/\\\/staging.ctelift.com\\\/de\\\/people-on-the-market-alfio-castro-della-sicel-srl\\\/\"]}]},{\"@type\":\"ImageObject\",\"inLanguage\":\"de\",\"@id\":\"https:\\\/\\\/staging.ctelift.com\\\/de\\\/people-on-the-market-alfio-castro-della-sicel-srl\\\/#primaryimage\",\"url\":\"https:\\\/\\\/staging.ctelift.com\\\/wp-content\\\/uploads\\\/2017\\\/10\\\/Sicel-Alessandro-Stefano-Alfio-scaled.jpg\",\"contentUrl\":\"https:\\\/\\\/staging.ctelift.com\\\/wp-content\\\/uploads\\\/2017\\\/10\\\/Sicel-Alessandro-Stefano-Alfio-scaled.jpg\",\"width\":2560,\"height\":1920},{\"@type\":\"BreadcrumbList\",\"@id\":\"https:\\\/\\\/staging.ctelift.com\\\/de\\\/people-on-the-market-alfio-castro-della-sicel-srl\\\/#breadcrumb\",\"itemListElement\":[{\"@type\":\"ListItem\",\"position\":1,\"name\":\"Home\",\"item\":\"https:\\\/\\\/staging.ctelift.com\\\/de\\\/\"},{\"@type\":\"ListItem\",\"position\":2,\"name\":\"LEUTE, INTERVIEW \u2013 ALFIO CASTRO von SICEL SRL\"}]},{\"@type\":\"WebSite\",\"@id\":\"https:\\\/\\\/staging.ctelift.com\\\/#website\",\"url\":\"https:\\\/\\\/staging.ctelift.com\\\/\",\"name\":\"CTE\",\"description\":\"work becomes easy\",\"potentialAction\":[{\"@type\":\"SearchAction\",\"target\":{\"@type\":\"EntryPoint\",\"urlTemplate\":\"https:\\\/\\\/staging.ctelift.com\\\/?s={search_term_string}\"},\"query-input\":{\"@type\":\"PropertyValueSpecification\",\"valueRequired\":true,\"valueName\":\"search_term_string\"}}],\"inLanguage\":\"de\"},{\"@type\":\"Person\",\"@id\":\"https:\\\/\\\/staging.ctelift.com\\\/#\\\/schema\\\/person\\\/b83f56a5bd85503f355fa1544c350ab9\",\"name\":\"cteuser\",\"url\":\"https:\\\/\\\/staging.ctelift.com\\\/de\\\/author\\\/cteuser\\\/\"}]}<\/script>\n<!-- \/ Yoast SEO plugin. -->","yoast_head_json":{"title":"LEUTE, INTERVIEW \u2013 ALFIO CASTRO von SICEL SRL - CTE","robots":{"index":"noindex","follow":"follow","max-snippet":"max-snippet:-1","max-image-preview":"max-image-preview:large","max-video-preview":"max-video-preview:-1"},"og_locale":"de_DE","og_type":"article","og_title":"LEUTE, INTERVIEW \u2013 ALFIO CASTRO von SICEL SRL - CTE","og_description":"F\u00fcr diese Ausgabe haben wir die autorisierte CTE-Werkst\u00e4tte f\u00fcr Sizilien, die Sicel Srl interviewt. Alfio Castro hat unsere Fragen beantwortet. 1. Worin besteht Ihre Hauptt\u00e4tigkeit? Unser Unternehmen, die Sicel Srl, widmet sich vor allem der Vermietung, dem Verkauf und dem Service im Bereich Hubarbeitsb\u00fchnen und Hebeger\u00e4te. Wir haben aber auch andere Maschinen und Produkte im [&hellip;]","og_url":"https:\/\/staging.ctelift.com\/de\/people-on-the-market-alfio-castro-della-sicel-srl\/","og_site_name":"CTE","article_published_time":"2017-10-11T08:14:43+00:00","article_modified_time":"2017-11-02T11:29:31+00:00","og_image":[{"width":2560,"height":1920,"url":"https:\/\/staging.ctelift.com\/wp-content\/uploads\/2017\/10\/Sicel-Alessandro-Stefano-Alfio-scaled.jpg","type":"image\/jpeg"}],"author":"cteuser","twitter_card":"summary_large_image","twitter_misc":{"Verfasst von":"cteuser","Gesch\u00e4tzte Lesezeit":"2\u00a0Minuten"},"schema":{"@context":"https:\/\/schema.org","@graph":[{"@type":"Article","@id":"https:\/\/staging.ctelift.com\/de\/people-on-the-market-alfio-castro-della-sicel-srl\/#article","isPartOf":{"@id":"https:\/\/staging.ctelift.com\/de\/people-on-the-market-alfio-castro-della-sicel-srl\/"},"author":{"name":"cteuser","@id":"https:\/\/staging.ctelift.com\/#\/schema\/person\/b83f56a5bd85503f355fa1544c350ab9"},"headline":"LEUTE, INTERVIEW \u2013 ALFIO CASTRO von SICEL SRL","datePublished":"2017-10-11T08:14:43+00:00","dateModified":"2017-11-02T11:29:31+00:00","mainEntityOfPage":{"@id":"https:\/\/staging.ctelift.com\/de\/people-on-the-market-alfio-castro-della-sicel-srl\/"},"wordCount":441,"commentCount":0,"image":{"@id":"https:\/\/staging.ctelift.com\/de\/people-on-the-market-alfio-castro-della-sicel-srl\/#primaryimage"},"thumbnailUrl":"https:\/\/staging.ctelift.com\/wp-content\/uploads\/2017\/10\/Sicel-Alessandro-Stefano-Alfio-scaled.jpg","articleSection":["Magazine EASY"],"inLanguage":"de","potentialAction":[{"@type":"CommentAction","name":"Comment","target":["https:\/\/staging.ctelift.com\/de\/people-on-the-market-alfio-castro-della-sicel-srl\/#respond"]}]},{"@type":"WebPage","@id":"https:\/\/staging.ctelift.com\/de\/people-on-the-market-alfio-castro-della-sicel-srl\/","url":"https:\/\/staging.ctelift.com\/de\/people-on-the-market-alfio-castro-della-sicel-srl\/","name":"LEUTE, INTERVIEW \u2013 ALFIO CASTRO von SICEL SRL - CTE","isPartOf":{"@id":"https:\/\/staging.ctelift.com\/#website"},"primaryImageOfPage":{"@id":"https:\/\/staging.ctelift.com\/de\/people-on-the-market-alfio-castro-della-sicel-srl\/#primaryimage"},"image":{"@id":"https:\/\/staging.ctelift.com\/de\/people-on-the-market-alfio-castro-della-sicel-srl\/#primaryimage"},"thumbnailUrl":"https:\/\/staging.ctelift.com\/wp-content\/uploads\/2017\/10\/Sicel-Alessandro-Stefano-Alfio-scaled.jpg","datePublished":"2017-10-11T08:14:43+00:00","dateModified":"2017-11-02T11:29:31+00:00","author":{"@id":"https:\/\/staging.ctelift.com\/#\/schema\/person\/b83f56a5bd85503f355fa1544c350ab9"},"breadcrumb":{"@id":"https:\/\/staging.ctelift.com\/de\/people-on-the-market-alfio-castro-della-sicel-srl\/#breadcrumb"},"inLanguage":"de","potentialAction":[{"@type":"ReadAction","target":["https:\/\/staging.ctelift.com\/de\/people-on-the-market-alfio-castro-della-sicel-srl\/"]}]},{"@type":"ImageObject","inLanguage":"de","@id":"https:\/\/staging.ctelift.com\/de\/people-on-the-market-alfio-castro-della-sicel-srl\/#primaryimage","url":"https:\/\/staging.ctelift.com\/wp-content\/uploads\/2017\/10\/Sicel-Alessandro-Stefano-Alfio-scaled.jpg","contentUrl":"https:\/\/staging.ctelift.com\/wp-content\/uploads\/2017\/10\/Sicel-Alessandro-Stefano-Alfio-scaled.jpg","width":2560,"height":1920},{"@type":"BreadcrumbList","@id":"https:\/\/staging.ctelift.com\/de\/people-on-the-market-alfio-castro-della-sicel-srl\/#breadcrumb","itemListElement":[{"@type":"ListItem","position":1,"name":"Home","item":"https:\/\/staging.ctelift.com\/de\/"},{"@type":"ListItem","position":2,"name":"LEUTE, INTERVIEW \u2013 ALFIO CASTRO von SICEL SRL"}]},{"@type":"WebSite","@id":"https:\/\/staging.ctelift.com\/#website","url":"https:\/\/staging.ctelift.com\/","name":"CTE","description":"work becomes easy","potentialAction":[{"@type":"SearchAction","target":{"@type":"EntryPoint","urlTemplate":"https:\/\/staging.ctelift.com\/?s={search_term_string}"},"query-input":{"@type":"PropertyValueSpecification","valueRequired":true,"valueName":"search_term_string"}}],"inLanguage":"de"},{"@type":"Person","@id":"https:\/\/staging.ctelift.com\/#\/schema\/person\/b83f56a5bd85503f355fa1544c350ab9","name":"cteuser","url":"https:\/\/staging.ctelift.com\/de\/author\/cteuser\/"}]}},"_links":{"self":[{"href":"https:\/\/staging.ctelift.com\/de\/wp-json\/wp\/v2\/posts\/29485","targetHints":{"allow":["GET"]}}],"collection":[{"href":"https:\/\/staging.ctelift.com\/de\/wp-json\/wp\/v2\/posts"}],"about":[{"href":"https:\/\/staging.ctelift.com\/de\/wp-json\/wp\/v2\/types\/post"}],"author":[{"embeddable":true,"href":"https:\/\/staging.ctelift.com\/de\/wp-json\/wp\/v2\/users\/2"}],"replies":[{"embeddable":true,"href":"https:\/\/staging.ctelift.com\/de\/wp-json\/wp\/v2\/comments?post=29485"}],"version-history":[{"count":2,"href":"https:\/\/staging.ctelift.com\/de\/wp-json\/wp\/v2\/posts\/29485\/revisions"}],"predecessor-version":[{"id":29487,"href":"https:\/\/staging.ctelift.com\/de\/wp-json\/wp\/v2\/posts\/29485\/revisions\/29487"}],"wp:featuredmedia":[{"embeddable":true,"href":"https:\/\/staging.ctelift.com\/de\/wp-json\/wp\/v2\/media\/29118"}],"wp:attachment":[{"href":"https:\/\/staging.ctelift.com\/de\/wp-json\/wp\/v2\/media?parent=29485"}],"wp:term":[{"taxonomy":"category","embeddable":true,"href":"https:\/\/staging.ctelift.com\/de\/wp-json\/wp\/v2\/categories?post=29485"},{"taxonomy":"post_tag","embeddable":true,"href":"https:\/\/staging.ctelift.com\/de\/wp-json\/wp\/v2\/tags?post=29485"}],"curies":[{"name":"wp","href":"https:\/\/api.w.org\/{rel}","templated":true}]}}