{"id":31007,"date":"2018-03-06T11:54:35","date_gmt":"2018-03-06T10:54:35","guid":{"rendered":"https:\/\/www.ctelift.com\/de\/2018\/03\/06\/in-primo-piano-27m-su-3-5-ton-si-e-cte-b-lift-27\/"},"modified":"2018-03-21T12:34:47","modified_gmt":"2018-03-21T11:34:47","slug":"in-primo-piano-27m-su-3-5-ton-si-e-cte-b-lift-27","status":"publish","type":"post","link":"https:\/\/staging.ctelift.com\/de\/in-primo-piano-27m-su-3-5-ton-si-e-cte-b-lift-27\/","title":{"rendered":"IM FOKUS: 27 Meter auf 3,5 Tonnen? Ja, mit CTE B-LIFT 27!"},"content":{"rendered":"<p>Kompaktheit, Abst\u00fctzung mit dem <strong>S3 Smart Stability System<\/strong> und eine stattliche Arbeitsh\u00f6he (27 m): Das sind die herausragenden Eigenschaften der <strong>CTE B-LIFT 27<\/strong> auf Iveco Daily, der Antwort auf die wachsende Nachfrage nach Teleskoparmb\u00fchnen auf 3,5-Tonnen-LKW.<br \/>\nDieses Modell eignet sich ideal f\u00fcr zahlreiche Anwendungen wie etwa Arbeiten an W\u00e4nden (Malerarbeiten oder Fassadenreinigung), die Wartung von \u00f6ffentlichen Beleuchtungsanlagen, Eins\u00e4tze in Windparks, die Montage von Werbeschildern, die Instandhaltung von Geb\u00e4uden und Renovierungsarbeiten.<br \/>\nDie variable Abst\u00fctzung erlaubt es zudem, den Raum auf der Baustelle optimal zu nutzen, da die Vorder- und Hinterst\u00fctzen beliebig ausgefahren oder eingezogen und auch b\u00fcndig ausgerichtet werden k\u00f6nnen.<\/p>\n<p>Link zum Video: <a href=\"https:\/\/www.ctelift.com\/video-cte-b-lift-27\/\" target=\"_blank\">https:\/\/www.ctelift.com\/video-cte-b-lift-27\/<\/a><\/p>\n<p>Hinweis: Das Video wurde in der eindrucksvollen ehemaligen Tabakmanufaktur in Rovereto (Provinz Trient) gedreht, die Mitte des 19. Jahrhunderts erbaut wurde. Das Geb\u00e4ude ist heute ein Beispiel f\u00fcr gelungene architektonische Revitalisierung und Sitz des Vereins &#8222;Trentino Sviluppo&#8220;, einer Ideenwerkstatt im Bereich Nachhaltigkeit.<\/p>\n<p><strong>PRODUKTFOKUS:<\/strong><br \/>\n\u25ba<strong>CTE B-LIFT 27<\/strong> erreicht eine Arbeitsh\u00f6he von 27 m, 13 m seitliche Reichweite und 250 kg Tragkraft. Die B\u00fchne verf\u00fcgt \u00fcber einen f\u00fcnfteiligen Teleskoparm (Ausleger + vier Aussch\u00fcbe), einen Drehbereich von 640\u00b0 und eine Korbschwenkung von 90\u00b0 nach rechts und 90\u00b0 nach links. Die simultane proportionale Steuerung beim Beschleunigen und beim Abbremsen erm\u00f6glicht sanftere Man\u00f6ver. Sie kann dank eines 7 m langen Kabels auch vom Boden aus bedient werden. Die St\u00fctzen werden hydraulisch abgesenkt und verf\u00fcgen \u00fcber Bodenkontaktsensoren. Dank der variablen Abst\u00fctzung mit dem S3 Smart Stability System k\u00f6nnen die Vorder- und Hinterst\u00fctzen beliebig ausgefahren oder b\u00fcndig ausgerichtet werden. Die Abst\u00fctzung kann auch vom Korb aus gesteuert werden.<\/p>\n<p>Noch mehr Informationen zur <strong>CTE B-LIFT 27<\/strong>:\u00a0<a href=\"https:\/\/www.ctelift.com\/de\/produkte\/b-lift-27\/\" target=\"_blank\">https:\/\/www.ctelift.com\/de\/produkte\/b-lift-27\/<\/a><\/p>\n","protected":false},"excerpt":{"rendered":"<p>Kompaktheit, Abst\u00fctzung mit dem S3 Smart Stability System und eine stattliche Arbeitsh\u00f6he (27 m): Das sind die herausragenden Eigenschaften der CTE B-LIFT 27 auf Iveco Daily, der Antwort auf die wachsende Nachfrage nach Teleskoparmb\u00fchnen auf 3,5-Tonnen-LKW. Dieses Modell eignet sich ideal f\u00fcr zahlreiche Anwendungen wie etwa Arbeiten an W\u00e4nden (Malerarbeiten oder Fassadenreinigung), die Wartung von [&hellip;]<\/p>\n","protected":false},"author":2,"featured_media":30803,"comment_status":"open","ping_status":"open","sticky":false,"template":"","format":"standard","meta":{"_acf_changed":false,"_et_pb_use_builder":"","_et_pb_old_content":"","_et_gb_content_width":"","footnotes":""},"categories":[195],"tags":[],"class_list":["post-31007","post","type-post","status-publish","format-standard","has-post-thumbnail","hentry","category-magazine-easy-de"],"acf":[],"yoast_head":"<!-- This site is optimized with the Yoast SEO plugin v28.1 - https:\/\/yoast.com\/product\/yoast-seo-wordpress\/ -->\n<title>IM FOKUS: 27 Meter auf 3,5 Tonnen? Ja, mit CTE B-LIFT 27! - CTE<\/title>\n<meta name=\"robots\" content=\"noindex, follow, max-snippet:-1, max-image-preview:large, max-video-preview:-1\" \/>\n<meta property=\"og:locale\" content=\"de_DE\" \/>\n<meta property=\"og:type\" content=\"article\" \/>\n<meta property=\"og:title\" content=\"IM FOKUS: 27 Meter auf 3,5 Tonnen? Ja, mit CTE B-LIFT 27! - CTE\" \/>\n<meta property=\"og:description\" content=\"Kompaktheit, Abst\u00fctzung mit dem S3 Smart Stability System und eine stattliche Arbeitsh\u00f6he (27 m): Das sind die herausragenden Eigenschaften der CTE B-LIFT 27 auf Iveco Daily, der Antwort auf die wachsende Nachfrage nach Teleskoparmb\u00fchnen auf 3,5-Tonnen-LKW. Dieses Modell eignet sich ideal f\u00fcr zahlreiche Anwendungen wie etwa Arbeiten an W\u00e4nden (Malerarbeiten oder Fassadenreinigung), die Wartung von [&hellip;]\" \/>\n<meta property=\"og:url\" content=\"https:\/\/staging.ctelift.com\/de\/in-primo-piano-27m-su-3-5-ton-si-e-cte-b-lift-27\/\" \/>\n<meta property=\"og:site_name\" content=\"CTE\" \/>\n<meta property=\"article:published_time\" content=\"2018-03-06T10:54:35+00:00\" \/>\n<meta property=\"article:modified_time\" content=\"2018-03-21T11:34:47+00:00\" \/>\n<meta property=\"og:image\" content=\"https:\/\/staging.ctelift.com\/wp-content\/uploads\/2018\/03\/CTE-B-LIFT-27-10.jpg\" \/>\n\t<meta property=\"og:image:width\" content=\"1070\" \/>\n\t<meta property=\"og:image:height\" content=\"699\" \/>\n\t<meta property=\"og:image:type\" content=\"image\/jpeg\" \/>\n<meta name=\"author\" content=\"cteuser\" \/>\n<meta name=\"twitter:card\" content=\"summary_large_image\" \/>\n<meta name=\"twitter:label1\" content=\"Verfasst von\" \/>\n\t<meta name=\"twitter:data1\" content=\"cteuser\" \/>\n\t<meta name=\"twitter:label2\" content=\"Gesch\u00e4tzte Lesezeit\" \/>\n\t<meta name=\"twitter:data2\" content=\"1\u00a0Minute\" \/>\n<script type=\"application\/ld+json\" class=\"yoast-schema-graph\">{\"@context\":\"https:\\\/\\\/schema.org\",\"@graph\":[{\"@type\":\"Article\",\"@id\":\"https:\\\/\\\/staging.ctelift.com\\\/de\\\/in-primo-piano-27m-su-3-5-ton-si-e-cte-b-lift-27\\\/#article\",\"isPartOf\":{\"@id\":\"https:\\\/\\\/staging.ctelift.com\\\/de\\\/in-primo-piano-27m-su-3-5-ton-si-e-cte-b-lift-27\\\/\"},\"author\":{\"name\":\"cteuser\",\"@id\":\"https:\\\/\\\/staging.ctelift.com\\\/#\\\/schema\\\/person\\\/b83f56a5bd85503f355fa1544c350ab9\"},\"headline\":\"IM FOKUS: 27 Meter auf 3,5 Tonnen? Ja, mit CTE B-LIFT 27!\",\"datePublished\":\"2018-03-06T10:54:35+00:00\",\"dateModified\":\"2018-03-21T11:34:47+00:00\",\"mainEntityOfPage\":{\"@id\":\"https:\\\/\\\/staging.ctelift.com\\\/de\\\/in-primo-piano-27m-su-3-5-ton-si-e-cte-b-lift-27\\\/\"},\"wordCount\":295,\"commentCount\":0,\"image\":{\"@id\":\"https:\\\/\\\/staging.ctelift.com\\\/de\\\/in-primo-piano-27m-su-3-5-ton-si-e-cte-b-lift-27\\\/#primaryimage\"},\"thumbnailUrl\":\"https:\\\/\\\/staging.ctelift.com\\\/wp-content\\\/uploads\\\/2018\\\/03\\\/CTE-B-LIFT-27-10.jpg\",\"articleSection\":[\"Magazine EASY\"],\"inLanguage\":\"de\",\"potentialAction\":[{\"@type\":\"CommentAction\",\"name\":\"Comment\",\"target\":[\"https:\\\/\\\/staging.ctelift.com\\\/de\\\/in-primo-piano-27m-su-3-5-ton-si-e-cte-b-lift-27\\\/#respond\"]}]},{\"@type\":\"WebPage\",\"@id\":\"https:\\\/\\\/staging.ctelift.com\\\/de\\\/in-primo-piano-27m-su-3-5-ton-si-e-cte-b-lift-27\\\/\",\"url\":\"https:\\\/\\\/staging.ctelift.com\\\/de\\\/in-primo-piano-27m-su-3-5-ton-si-e-cte-b-lift-27\\\/\",\"name\":\"IM FOKUS: 27 Meter auf 3,5 Tonnen? Ja, mit CTE B-LIFT 27! - CTE\",\"isPartOf\":{\"@id\":\"https:\\\/\\\/staging.ctelift.com\\\/#website\"},\"primaryImageOfPage\":{\"@id\":\"https:\\\/\\\/staging.ctelift.com\\\/de\\\/in-primo-piano-27m-su-3-5-ton-si-e-cte-b-lift-27\\\/#primaryimage\"},\"image\":{\"@id\":\"https:\\\/\\\/staging.ctelift.com\\\/de\\\/in-primo-piano-27m-su-3-5-ton-si-e-cte-b-lift-27\\\/#primaryimage\"},\"thumbnailUrl\":\"https:\\\/\\\/staging.ctelift.com\\\/wp-content\\\/uploads\\\/2018\\\/03\\\/CTE-B-LIFT-27-10.jpg\",\"datePublished\":\"2018-03-06T10:54:35+00:00\",\"dateModified\":\"2018-03-21T11:34:47+00:00\",\"author\":{\"@id\":\"https:\\\/\\\/staging.ctelift.com\\\/#\\\/schema\\\/person\\\/b83f56a5bd85503f355fa1544c350ab9\"},\"breadcrumb\":{\"@id\":\"https:\\\/\\\/staging.ctelift.com\\\/de\\\/in-primo-piano-27m-su-3-5-ton-si-e-cte-b-lift-27\\\/#breadcrumb\"},\"inLanguage\":\"de\",\"potentialAction\":[{\"@type\":\"ReadAction\",\"target\":[\"https:\\\/\\\/staging.ctelift.com\\\/de\\\/in-primo-piano-27m-su-3-5-ton-si-e-cte-b-lift-27\\\/\"]}]},{\"@type\":\"ImageObject\",\"inLanguage\":\"de\",\"@id\":\"https:\\\/\\\/staging.ctelift.com\\\/de\\\/in-primo-piano-27m-su-3-5-ton-si-e-cte-b-lift-27\\\/#primaryimage\",\"url\":\"https:\\\/\\\/staging.ctelift.com\\\/wp-content\\\/uploads\\\/2018\\\/03\\\/CTE-B-LIFT-27-10.jpg\",\"contentUrl\":\"https:\\\/\\\/staging.ctelift.com\\\/wp-content\\\/uploads\\\/2018\\\/03\\\/CTE-B-LIFT-27-10.jpg\",\"width\":1070,\"height\":699},{\"@type\":\"BreadcrumbList\",\"@id\":\"https:\\\/\\\/staging.ctelift.com\\\/de\\\/in-primo-piano-27m-su-3-5-ton-si-e-cte-b-lift-27\\\/#breadcrumb\",\"itemListElement\":[{\"@type\":\"ListItem\",\"position\":1,\"name\":\"Home\",\"item\":\"https:\\\/\\\/staging.ctelift.com\\\/de\\\/\"},{\"@type\":\"ListItem\",\"position\":2,\"name\":\"IM FOKUS: 27 Meter auf 3,5 Tonnen? Ja, mit CTE B-LIFT 27!\"}]},{\"@type\":\"WebSite\",\"@id\":\"https:\\\/\\\/staging.ctelift.com\\\/#website\",\"url\":\"https:\\\/\\\/staging.ctelift.com\\\/\",\"name\":\"CTE\",\"description\":\"work becomes easy\",\"potentialAction\":[{\"@type\":\"SearchAction\",\"target\":{\"@type\":\"EntryPoint\",\"urlTemplate\":\"https:\\\/\\\/staging.ctelift.com\\\/?s={search_term_string}\"},\"query-input\":{\"@type\":\"PropertyValueSpecification\",\"valueRequired\":true,\"valueName\":\"search_term_string\"}}],\"inLanguage\":\"de\"},{\"@type\":\"Person\",\"@id\":\"https:\\\/\\\/staging.ctelift.com\\\/#\\\/schema\\\/person\\\/b83f56a5bd85503f355fa1544c350ab9\",\"name\":\"cteuser\",\"url\":\"https:\\\/\\\/staging.ctelift.com\\\/de\\\/author\\\/cteuser\\\/\"}]}<\/script>\n<!-- \/ Yoast SEO plugin. -->","yoast_head_json":{"title":"IM FOKUS: 27 Meter auf 3,5 Tonnen? Ja, mit CTE B-LIFT 27! - CTE","robots":{"index":"noindex","follow":"follow","max-snippet":"max-snippet:-1","max-image-preview":"max-image-preview:large","max-video-preview":"max-video-preview:-1"},"og_locale":"de_DE","og_type":"article","og_title":"IM FOKUS: 27 Meter auf 3,5 Tonnen? Ja, mit CTE B-LIFT 27! - CTE","og_description":"Kompaktheit, Abst\u00fctzung mit dem S3 Smart Stability System und eine stattliche Arbeitsh\u00f6he (27 m): Das sind die herausragenden Eigenschaften der CTE B-LIFT 27 auf Iveco Daily, der Antwort auf die wachsende Nachfrage nach Teleskoparmb\u00fchnen auf 3,5-Tonnen-LKW. Dieses Modell eignet sich ideal f\u00fcr zahlreiche Anwendungen wie etwa Arbeiten an W\u00e4nden (Malerarbeiten oder Fassadenreinigung), die Wartung von [&hellip;]","og_url":"https:\/\/staging.ctelift.com\/de\/in-primo-piano-27m-su-3-5-ton-si-e-cte-b-lift-27\/","og_site_name":"CTE","article_published_time":"2018-03-06T10:54:35+00:00","article_modified_time":"2018-03-21T11:34:47+00:00","og_image":[{"width":1070,"height":699,"url":"https:\/\/staging.ctelift.com\/wp-content\/uploads\/2018\/03\/CTE-B-LIFT-27-10.jpg","type":"image\/jpeg"}],"author":"cteuser","twitter_card":"summary_large_image","twitter_misc":{"Verfasst von":"cteuser","Gesch\u00e4tzte Lesezeit":"1\u00a0Minute"},"schema":{"@context":"https:\/\/schema.org","@graph":[{"@type":"Article","@id":"https:\/\/staging.ctelift.com\/de\/in-primo-piano-27m-su-3-5-ton-si-e-cte-b-lift-27\/#article","isPartOf":{"@id":"https:\/\/staging.ctelift.com\/de\/in-primo-piano-27m-su-3-5-ton-si-e-cte-b-lift-27\/"},"author":{"name":"cteuser","@id":"https:\/\/staging.ctelift.com\/#\/schema\/person\/b83f56a5bd85503f355fa1544c350ab9"},"headline":"IM FOKUS: 27 Meter auf 3,5 Tonnen? Ja, mit CTE B-LIFT 27!","datePublished":"2018-03-06T10:54:35+00:00","dateModified":"2018-03-21T11:34:47+00:00","mainEntityOfPage":{"@id":"https:\/\/staging.ctelift.com\/de\/in-primo-piano-27m-su-3-5-ton-si-e-cte-b-lift-27\/"},"wordCount":295,"commentCount":0,"image":{"@id":"https:\/\/staging.ctelift.com\/de\/in-primo-piano-27m-su-3-5-ton-si-e-cte-b-lift-27\/#primaryimage"},"thumbnailUrl":"https:\/\/staging.ctelift.com\/wp-content\/uploads\/2018\/03\/CTE-B-LIFT-27-10.jpg","articleSection":["Magazine EASY"],"inLanguage":"de","potentialAction":[{"@type":"CommentAction","name":"Comment","target":["https:\/\/staging.ctelift.com\/de\/in-primo-piano-27m-su-3-5-ton-si-e-cte-b-lift-27\/#respond"]}]},{"@type":"WebPage","@id":"https:\/\/staging.ctelift.com\/de\/in-primo-piano-27m-su-3-5-ton-si-e-cte-b-lift-27\/","url":"https:\/\/staging.ctelift.com\/de\/in-primo-piano-27m-su-3-5-ton-si-e-cte-b-lift-27\/","name":"IM FOKUS: 27 Meter auf 3,5 Tonnen? Ja, mit CTE B-LIFT 27! - CTE","isPartOf":{"@id":"https:\/\/staging.ctelift.com\/#website"},"primaryImageOfPage":{"@id":"https:\/\/staging.ctelift.com\/de\/in-primo-piano-27m-su-3-5-ton-si-e-cte-b-lift-27\/#primaryimage"},"image":{"@id":"https:\/\/staging.ctelift.com\/de\/in-primo-piano-27m-su-3-5-ton-si-e-cte-b-lift-27\/#primaryimage"},"thumbnailUrl":"https:\/\/staging.ctelift.com\/wp-content\/uploads\/2018\/03\/CTE-B-LIFT-27-10.jpg","datePublished":"2018-03-06T10:54:35+00:00","dateModified":"2018-03-21T11:34:47+00:00","author":{"@id":"https:\/\/staging.ctelift.com\/#\/schema\/person\/b83f56a5bd85503f355fa1544c350ab9"},"breadcrumb":{"@id":"https:\/\/staging.ctelift.com\/de\/in-primo-piano-27m-su-3-5-ton-si-e-cte-b-lift-27\/#breadcrumb"},"inLanguage":"de","potentialAction":[{"@type":"ReadAction","target":["https:\/\/staging.ctelift.com\/de\/in-primo-piano-27m-su-3-5-ton-si-e-cte-b-lift-27\/"]}]},{"@type":"ImageObject","inLanguage":"de","@id":"https:\/\/staging.ctelift.com\/de\/in-primo-piano-27m-su-3-5-ton-si-e-cte-b-lift-27\/#primaryimage","url":"https:\/\/staging.ctelift.com\/wp-content\/uploads\/2018\/03\/CTE-B-LIFT-27-10.jpg","contentUrl":"https:\/\/staging.ctelift.com\/wp-content\/uploads\/2018\/03\/CTE-B-LIFT-27-10.jpg","width":1070,"height":699},{"@type":"BreadcrumbList","@id":"https:\/\/staging.ctelift.com\/de\/in-primo-piano-27m-su-3-5-ton-si-e-cte-b-lift-27\/#breadcrumb","itemListElement":[{"@type":"ListItem","position":1,"name":"Home","item":"https:\/\/staging.ctelift.com\/de\/"},{"@type":"ListItem","position":2,"name":"IM FOKUS: 27 Meter auf 3,5 Tonnen? Ja, mit CTE B-LIFT 27!"}]},{"@type":"WebSite","@id":"https:\/\/staging.ctelift.com\/#website","url":"https:\/\/staging.ctelift.com\/","name":"CTE","description":"work becomes easy","potentialAction":[{"@type":"SearchAction","target":{"@type":"EntryPoint","urlTemplate":"https:\/\/staging.ctelift.com\/?s={search_term_string}"},"query-input":{"@type":"PropertyValueSpecification","valueRequired":true,"valueName":"search_term_string"}}],"inLanguage":"de"},{"@type":"Person","@id":"https:\/\/staging.ctelift.com\/#\/schema\/person\/b83f56a5bd85503f355fa1544c350ab9","name":"cteuser","url":"https:\/\/staging.ctelift.com\/de\/author\/cteuser\/"}]}},"_links":{"self":[{"href":"https:\/\/staging.ctelift.com\/de\/wp-json\/wp\/v2\/posts\/31007","targetHints":{"allow":["GET"]}}],"collection":[{"href":"https:\/\/staging.ctelift.com\/de\/wp-json\/wp\/v2\/posts"}],"about":[{"href":"https:\/\/staging.ctelift.com\/de\/wp-json\/wp\/v2\/types\/post"}],"author":[{"embeddable":true,"href":"https:\/\/staging.ctelift.com\/de\/wp-json\/wp\/v2\/users\/2"}],"replies":[{"embeddable":true,"href":"https:\/\/staging.ctelift.com\/de\/wp-json\/wp\/v2\/comments?post=31007"}],"version-history":[{"count":3,"href":"https:\/\/staging.ctelift.com\/de\/wp-json\/wp\/v2\/posts\/31007\/revisions"}],"predecessor-version":[{"id":31010,"href":"https:\/\/staging.ctelift.com\/de\/wp-json\/wp\/v2\/posts\/31007\/revisions\/31010"}],"wp:featuredmedia":[{"embeddable":true,"href":"https:\/\/staging.ctelift.com\/de\/wp-json\/wp\/v2\/media\/30803"}],"wp:attachment":[{"href":"https:\/\/staging.ctelift.com\/de\/wp-json\/wp\/v2\/media?parent=31007"}],"wp:term":[{"taxonomy":"category","embeddable":true,"href":"https:\/\/staging.ctelift.com\/de\/wp-json\/wp\/v2\/categories?post=31007"},{"taxonomy":"post_tag","embeddable":true,"href":"https:\/\/staging.ctelift.com\/de\/wp-json\/wp\/v2\/tags?post=31007"}],"curies":[{"name":"wp","href":"https:\/\/api.w.org\/{rel}","templated":true}]}}