{"id":38765,"date":"2020-03-23T15:14:06","date_gmt":"2020-03-23T14:14:06","guid":{"rendered":"https:\/\/www.ctelift.com\/de\/?p=38765"},"modified":"2020-03-23T15:15:56","modified_gmt":"2020-03-23T14:15:56","slug":"temporary-closure-connection-with-coronavirus-emergency","status":"publish","type":"post","link":"https:\/\/staging.ctelift.com\/de\/temporary-closure-connection-with-coronavirus-emergency\/","title":{"rendered":"Temporary closure in connection with Coronavirus emergency"},"content":{"rendered":"<p>Sehr geehrte Kollegen, Kunden und Lieferanten, f\u00f6lglich der Aktualisierung des Gesundheitsministeriums setzen wir bei CTE ab heute die Produktionsaktivit\u00e4ten gem\u00e4\u00df dem Dekret des Premierministers vom 22. M\u00e4rz 2020 vor\u00fcbergehend aus.<\/p>\n<p>Was wird sich <strong>von heute bis zum 5. April<\/strong> \u00e4ndern:<\/p>\n<p>Produktionsaktivit\u00e4ten werden vor\u00fcbergehend aufh\u00f6ren<\/p>\n<p>Wir k\u00f6nnen den Versand und den Zeitpunkt von Produkten und Ersatzteilen nicht garantieren<\/p>\n<p>Im Gegenteil, unsere Handels-, Verwaltungs-, Ingenieur- und Unterst\u00fctzungsdienste werden in Smart Working arbeiten<\/p>\n<p>Diese Ma\u00dfnahmen werden bis zum 5. April 2020 beibehalten, bis auf weitere Mitteilungen.<\/p>\n<p>F\u00fcr alle Bed\u00fcrfnisse ist unsere Telefonzentrale von Montag bis Freitag von 08.30 bis 12.30 Uhr und von 13.30 bis 17.30 Uhr unter 04 +39 0464 485050 in Betrieb<\/p>\n<p>Wir werden Sie \u00fcber die neuen Termine der Veranstaltungen auf dem Laufenden halten: Samoter (Verona) Vertikal Days (UK) Apex (Niederlande), an denen wir teilnehmen werden.<\/p>\n<p>Es ist ein gro\u00dfes Opfer, das wir gemeinsam bringen m\u00fcssen, um so schnell wie m\u00f6glich zur Normalit\u00e4t zur\u00fcckzukehren.<\/p>\n<p>Das Personal von Cte<\/p>\n","protected":false},"excerpt":{"rendered":"<p>Sehr geehrte Kollegen, Kunden und Lieferanten, f\u00f6lglich der Aktualisierung des Gesundheitsministeriums setzen wir bei CTE ab heute die Produktionsaktivit\u00e4ten gem\u00e4\u00df dem Dekret des Premierministers vom 22. M\u00e4rz 2020 vor\u00fcbergehend aus. Was wird sich von heute bis zum 5. April \u00e4ndern: Produktionsaktivit\u00e4ten werden vor\u00fcbergehend aufh\u00f6ren Wir k\u00f6nnen den Versand und den Zeitpunkt von Produkten und Ersatzteilen [&hellip;]<\/p>\n","protected":false},"author":2,"featured_media":0,"comment_status":"open","ping_status":"open","sticky":false,"template":"","format":"standard","meta":{"_acf_changed":false,"_et_pb_use_builder":"","_et_pb_old_content":"","_et_gb_content_width":"","footnotes":""},"categories":[294],"tags":[],"class_list":["post-38765","post","type-post","status-publish","format-standard","hentry","category-news-de"],"acf":[],"yoast_head":"<!-- This site is optimized with the Yoast SEO plugin v28.1 - https:\/\/yoast.com\/product\/yoast-seo-wordpress\/ -->\n<title>Temporary closure in connection with Coronavirus emergency - CTE<\/title>\n<meta name=\"robots\" content=\"noindex, follow, max-snippet:-1, max-image-preview:large, max-video-preview:-1\" \/>\n<meta property=\"og:locale\" content=\"de_DE\" \/>\n<meta property=\"og:type\" content=\"article\" \/>\n<meta property=\"og:title\" content=\"Temporary closure in connection with Coronavirus emergency - CTE\" \/>\n<meta property=\"og:description\" content=\"Sehr geehrte Kollegen, Kunden und Lieferanten, f\u00f6lglich der Aktualisierung des Gesundheitsministeriums setzen wir bei CTE ab heute die Produktionsaktivit\u00e4ten gem\u00e4\u00df dem Dekret des Premierministers vom 22. M\u00e4rz 2020 vor\u00fcbergehend aus. Was wird sich von heute bis zum 5. April \u00e4ndern: Produktionsaktivit\u00e4ten werden vor\u00fcbergehend aufh\u00f6ren Wir k\u00f6nnen den Versand und den Zeitpunkt von Produkten und Ersatzteilen [&hellip;]\" \/>\n<meta property=\"og:url\" content=\"https:\/\/staging.ctelift.com\/de\/temporary-closure-connection-with-coronavirus-emergency\/\" \/>\n<meta property=\"og:site_name\" content=\"CTE\" \/>\n<meta property=\"article:published_time\" content=\"2020-03-23T14:14:06+00:00\" \/>\n<meta property=\"article:modified_time\" content=\"2020-03-23T14:15:56+00:00\" \/>\n<meta name=\"author\" content=\"cteuser\" \/>\n<meta name=\"twitter:card\" content=\"summary_large_image\" \/>\n<meta name=\"twitter:label1\" content=\"Verfasst von\" \/>\n\t<meta name=\"twitter:data1\" content=\"cteuser\" \/>\n\t<meta name=\"twitter:label2\" content=\"Gesch\u00e4tzte Lesezeit\" \/>\n\t<meta name=\"twitter:data2\" content=\"1\u00a0Minute\" \/>\n<script type=\"application\/ld+json\" class=\"yoast-schema-graph\">{\"@context\":\"https:\\\/\\\/schema.org\",\"@graph\":[{\"@type\":\"Article\",\"@id\":\"https:\\\/\\\/staging.ctelift.com\\\/de\\\/temporary-closure-connection-with-coronavirus-emergency\\\/#article\",\"isPartOf\":{\"@id\":\"https:\\\/\\\/staging.ctelift.com\\\/de\\\/temporary-closure-connection-with-coronavirus-emergency\\\/\"},\"author\":{\"name\":\"cteuser\",\"@id\":\"https:\\\/\\\/staging.ctelift.com\\\/#\\\/schema\\\/person\\\/b83f56a5bd85503f355fa1544c350ab9\"},\"headline\":\"Temporary closure in connection with Coronavirus emergency\",\"datePublished\":\"2020-03-23T14:14:06+00:00\",\"dateModified\":\"2020-03-23T14:15:56+00:00\",\"mainEntityOfPage\":{\"@id\":\"https:\\\/\\\/staging.ctelift.com\\\/de\\\/temporary-closure-connection-with-coronavirus-emergency\\\/\"},\"wordCount\":169,\"commentCount\":0,\"articleSection\":[\"News\"],\"inLanguage\":\"de\",\"potentialAction\":[{\"@type\":\"CommentAction\",\"name\":\"Comment\",\"target\":[\"https:\\\/\\\/staging.ctelift.com\\\/de\\\/temporary-closure-connection-with-coronavirus-emergency\\\/#respond\"]}]},{\"@type\":\"WebPage\",\"@id\":\"https:\\\/\\\/staging.ctelift.com\\\/de\\\/temporary-closure-connection-with-coronavirus-emergency\\\/\",\"url\":\"https:\\\/\\\/staging.ctelift.com\\\/de\\\/temporary-closure-connection-with-coronavirus-emergency\\\/\",\"name\":\"Temporary closure in connection with Coronavirus emergency - CTE\",\"isPartOf\":{\"@id\":\"https:\\\/\\\/staging.ctelift.com\\\/#website\"},\"datePublished\":\"2020-03-23T14:14:06+00:00\",\"dateModified\":\"2020-03-23T14:15:56+00:00\",\"author\":{\"@id\":\"https:\\\/\\\/staging.ctelift.com\\\/#\\\/schema\\\/person\\\/b83f56a5bd85503f355fa1544c350ab9\"},\"breadcrumb\":{\"@id\":\"https:\\\/\\\/staging.ctelift.com\\\/de\\\/temporary-closure-connection-with-coronavirus-emergency\\\/#breadcrumb\"},\"inLanguage\":\"de\",\"potentialAction\":[{\"@type\":\"ReadAction\",\"target\":[\"https:\\\/\\\/staging.ctelift.com\\\/de\\\/temporary-closure-connection-with-coronavirus-emergency\\\/\"]}]},{\"@type\":\"BreadcrumbList\",\"@id\":\"https:\\\/\\\/staging.ctelift.com\\\/de\\\/temporary-closure-connection-with-coronavirus-emergency\\\/#breadcrumb\",\"itemListElement\":[{\"@type\":\"ListItem\",\"position\":1,\"name\":\"Home\",\"item\":\"https:\\\/\\\/staging.ctelift.com\\\/de\\\/\"},{\"@type\":\"ListItem\",\"position\":2,\"name\":\"Temporary closure in connection with Coronavirus emergency\"}]},{\"@type\":\"WebSite\",\"@id\":\"https:\\\/\\\/staging.ctelift.com\\\/#website\",\"url\":\"https:\\\/\\\/staging.ctelift.com\\\/\",\"name\":\"CTE\",\"description\":\"work becomes easy\",\"potentialAction\":[{\"@type\":\"SearchAction\",\"target\":{\"@type\":\"EntryPoint\",\"urlTemplate\":\"https:\\\/\\\/staging.ctelift.com\\\/?s={search_term_string}\"},\"query-input\":{\"@type\":\"PropertyValueSpecification\",\"valueRequired\":true,\"valueName\":\"search_term_string\"}}],\"inLanguage\":\"de\"},{\"@type\":\"Person\",\"@id\":\"https:\\\/\\\/staging.ctelift.com\\\/#\\\/schema\\\/person\\\/b83f56a5bd85503f355fa1544c350ab9\",\"name\":\"cteuser\",\"url\":\"https:\\\/\\\/staging.ctelift.com\\\/de\\\/author\\\/cteuser\\\/\"}]}<\/script>\n<!-- \/ Yoast SEO plugin. -->","yoast_head_json":{"title":"Temporary closure in connection with Coronavirus emergency - CTE","robots":{"index":"noindex","follow":"follow","max-snippet":"max-snippet:-1","max-image-preview":"max-image-preview:large","max-video-preview":"max-video-preview:-1"},"og_locale":"de_DE","og_type":"article","og_title":"Temporary closure in connection with Coronavirus emergency - CTE","og_description":"Sehr geehrte Kollegen, Kunden und Lieferanten, f\u00f6lglich der Aktualisierung des Gesundheitsministeriums setzen wir bei CTE ab heute die Produktionsaktivit\u00e4ten gem\u00e4\u00df dem Dekret des Premierministers vom 22. M\u00e4rz 2020 vor\u00fcbergehend aus. Was wird sich von heute bis zum 5. April \u00e4ndern: Produktionsaktivit\u00e4ten werden vor\u00fcbergehend aufh\u00f6ren Wir k\u00f6nnen den Versand und den Zeitpunkt von Produkten und Ersatzteilen [&hellip;]","og_url":"https:\/\/staging.ctelift.com\/de\/temporary-closure-connection-with-coronavirus-emergency\/","og_site_name":"CTE","article_published_time":"2020-03-23T14:14:06+00:00","article_modified_time":"2020-03-23T14:15:56+00:00","author":"cteuser","twitter_card":"summary_large_image","twitter_misc":{"Verfasst von":"cteuser","Gesch\u00e4tzte Lesezeit":"1\u00a0Minute"},"schema":{"@context":"https:\/\/schema.org","@graph":[{"@type":"Article","@id":"https:\/\/staging.ctelift.com\/de\/temporary-closure-connection-with-coronavirus-emergency\/#article","isPartOf":{"@id":"https:\/\/staging.ctelift.com\/de\/temporary-closure-connection-with-coronavirus-emergency\/"},"author":{"name":"cteuser","@id":"https:\/\/staging.ctelift.com\/#\/schema\/person\/b83f56a5bd85503f355fa1544c350ab9"},"headline":"Temporary closure in connection with Coronavirus emergency","datePublished":"2020-03-23T14:14:06+00:00","dateModified":"2020-03-23T14:15:56+00:00","mainEntityOfPage":{"@id":"https:\/\/staging.ctelift.com\/de\/temporary-closure-connection-with-coronavirus-emergency\/"},"wordCount":169,"commentCount":0,"articleSection":["News"],"inLanguage":"de","potentialAction":[{"@type":"CommentAction","name":"Comment","target":["https:\/\/staging.ctelift.com\/de\/temporary-closure-connection-with-coronavirus-emergency\/#respond"]}]},{"@type":"WebPage","@id":"https:\/\/staging.ctelift.com\/de\/temporary-closure-connection-with-coronavirus-emergency\/","url":"https:\/\/staging.ctelift.com\/de\/temporary-closure-connection-with-coronavirus-emergency\/","name":"Temporary closure in connection with Coronavirus emergency - CTE","isPartOf":{"@id":"https:\/\/staging.ctelift.com\/#website"},"datePublished":"2020-03-23T14:14:06+00:00","dateModified":"2020-03-23T14:15:56+00:00","author":{"@id":"https:\/\/staging.ctelift.com\/#\/schema\/person\/b83f56a5bd85503f355fa1544c350ab9"},"breadcrumb":{"@id":"https:\/\/staging.ctelift.com\/de\/temporary-closure-connection-with-coronavirus-emergency\/#breadcrumb"},"inLanguage":"de","potentialAction":[{"@type":"ReadAction","target":["https:\/\/staging.ctelift.com\/de\/temporary-closure-connection-with-coronavirus-emergency\/"]}]},{"@type":"BreadcrumbList","@id":"https:\/\/staging.ctelift.com\/de\/temporary-closure-connection-with-coronavirus-emergency\/#breadcrumb","itemListElement":[{"@type":"ListItem","position":1,"name":"Home","item":"https:\/\/staging.ctelift.com\/de\/"},{"@type":"ListItem","position":2,"name":"Temporary closure in connection with Coronavirus emergency"}]},{"@type":"WebSite","@id":"https:\/\/staging.ctelift.com\/#website","url":"https:\/\/staging.ctelift.com\/","name":"CTE","description":"work becomes easy","potentialAction":[{"@type":"SearchAction","target":{"@type":"EntryPoint","urlTemplate":"https:\/\/staging.ctelift.com\/?s={search_term_string}"},"query-input":{"@type":"PropertyValueSpecification","valueRequired":true,"valueName":"search_term_string"}}],"inLanguage":"de"},{"@type":"Person","@id":"https:\/\/staging.ctelift.com\/#\/schema\/person\/b83f56a5bd85503f355fa1544c350ab9","name":"cteuser","url":"https:\/\/staging.ctelift.com\/de\/author\/cteuser\/"}]}},"_links":{"self":[{"href":"https:\/\/staging.ctelift.com\/de\/wp-json\/wp\/v2\/posts\/38765","targetHints":{"allow":["GET"]}}],"collection":[{"href":"https:\/\/staging.ctelift.com\/de\/wp-json\/wp\/v2\/posts"}],"about":[{"href":"https:\/\/staging.ctelift.com\/de\/wp-json\/wp\/v2\/types\/post"}],"author":[{"embeddable":true,"href":"https:\/\/staging.ctelift.com\/de\/wp-json\/wp\/v2\/users\/2"}],"replies":[{"embeddable":true,"href":"https:\/\/staging.ctelift.com\/de\/wp-json\/wp\/v2\/comments?post=38765"}],"version-history":[{"count":3,"href":"https:\/\/staging.ctelift.com\/de\/wp-json\/wp\/v2\/posts\/38765\/revisions"}],"predecessor-version":[{"id":38768,"href":"https:\/\/staging.ctelift.com\/de\/wp-json\/wp\/v2\/posts\/38765\/revisions\/38768"}],"wp:attachment":[{"href":"https:\/\/staging.ctelift.com\/de\/wp-json\/wp\/v2\/media?parent=38765"}],"wp:term":[{"taxonomy":"category","embeddable":true,"href":"https:\/\/staging.ctelift.com\/de\/wp-json\/wp\/v2\/categories?post=38765"},{"taxonomy":"post_tag","embeddable":true,"href":"https:\/\/staging.ctelift.com\/de\/wp-json\/wp\/v2\/tags?post=38765"}],"curies":[{"name":"wp","href":"https:\/\/api.w.org\/{rel}","templated":true}]}}