{"id":49760,"date":"2024-10-25T15:27:58","date_gmt":"2024-10-25T13:27:58","guid":{"rendered":"https:\/\/www.ctelift.com\/2024\/10\/25\/chiusra-aziendale-per-la-festa-di-ognissanti\/"},"modified":"2024-10-25T15:38:11","modified_gmt":"2024-10-25T13:38:11","slug":"chiusra-aziendale-per-la-festa-di-ognissanti","status":"publish","type":"post","link":"https:\/\/staging.ctelift.com\/de\/chiusra-aziendale-per-la-festa-di-ognissanti\/","title":{"rendered":"Betriebsschlie\u00dfung zu Allerheiligen"},"content":{"rendered":"<p>Wir informieren Sie dar\u00fcber, dass unsere B\u00fcros am <strong>Donnerstag, den 31. Oktober<\/strong> und <strong>Freitag, den 1. November 2024<\/strong> wegen der Allerheiligenfeiertage geschlossen bleiben.<\/p>\n<p>Ab Montag, 4. November, sind wir wieder in Betrieb.<\/p>\n<p>Der Kundendienst ist nur f\u00fcr Notf\u00e4lle unter der folgenden Nummer erreichbar: +39 342 3807405.<\/p>\n<p>&nbsp;<\/p>\n<p>&nbsp;<\/p>\n","protected":false},"excerpt":{"rendered":"<p>Wir informieren Sie dar\u00fcber, dass unsere B\u00fcros am Donnerstag, den 31. Oktober und Freitag, den 1. November 2024 wegen der Allerheiligenfeiertage geschlossen bleiben. Ab Montag, 4. November, sind wir wieder in Betrieb. Der Kundendienst ist nur f\u00fcr Notf\u00e4lle unter der folgenden Nummer erreichbar: +39 342 3807405. &nbsp; &nbsp;<\/p>\n","protected":false},"author":2,"featured_media":49746,"comment_status":"closed","ping_status":"open","sticky":false,"template":"","format":"standard","meta":{"_acf_changed":false,"_et_pb_use_builder":"","_et_pb_old_content":"","_et_gb_content_width":"","footnotes":""},"categories":[294],"tags":[],"class_list":["post-49760","post","type-post","status-publish","format-standard","has-post-thumbnail","hentry","category-news-de"],"acf":[],"yoast_head":"<!-- This site is optimized with the Yoast SEO plugin v28.1 - https:\/\/yoast.com\/product\/yoast-seo-wordpress\/ -->\n<title>Betriebsschlie\u00dfung zu Allerheiligen - CTE<\/title>\n<meta name=\"robots\" content=\"noindex, follow, max-snippet:-1, max-image-preview:large, max-video-preview:-1\" \/>\n<meta property=\"og:locale\" content=\"de_DE\" \/>\n<meta property=\"og:type\" content=\"article\" \/>\n<meta property=\"og:title\" content=\"Betriebsschlie\u00dfung zu Allerheiligen - CTE\" \/>\n<meta property=\"og:description\" content=\"Wir informieren Sie dar\u00fcber, dass unsere B\u00fcros am Donnerstag, den 31. Oktober und Freitag, den 1. November 2024 wegen der Allerheiligenfeiertage geschlossen bleiben. Ab Montag, 4. November, sind wir wieder in Betrieb. Der Kundendienst ist nur f\u00fcr Notf\u00e4lle unter der folgenden Nummer erreichbar: +39 342 3807405. &nbsp; &nbsp;\" \/>\n<meta property=\"og:url\" content=\"https:\/\/staging.ctelift.com\/de\/chiusra-aziendale-per-la-festa-di-ognissanti\/\" \/>\n<meta property=\"og:site_name\" content=\"CTE\" \/>\n<meta property=\"article:published_time\" content=\"2024-10-25T13:27:58+00:00\" \/>\n<meta property=\"article:modified_time\" content=\"2024-10-25T13:38:11+00:00\" \/>\n<meta property=\"og:image\" content=\"https:\/\/staging.ctelift.com\/wp-content\/uploads\/2024\/10\/Happy-Halloween-1-1024x726.png\" \/>\n\t<meta property=\"og:image:width\" content=\"1024\" \/>\n\t<meta property=\"og:image:height\" content=\"726\" \/>\n\t<meta property=\"og:image:type\" content=\"image\/png\" \/>\n<meta name=\"author\" content=\"cteuser\" \/>\n<meta name=\"twitter:card\" content=\"summary_large_image\" \/>\n<meta name=\"twitter:label1\" content=\"Verfasst von\" \/>\n\t<meta name=\"twitter:data1\" content=\"cteuser\" \/>\n\t<meta name=\"twitter:label2\" content=\"Gesch\u00e4tzte Lesezeit\" \/>\n\t<meta name=\"twitter:data2\" content=\"1\u00a0Minute\" \/>\n<script type=\"application\/ld+json\" class=\"yoast-schema-graph\">{\"@context\":\"https:\\\/\\\/schema.org\",\"@graph\":[{\"@type\":\"Article\",\"@id\":\"https:\\\/\\\/staging.ctelift.com\\\/de\\\/chiusra-aziendale-per-la-festa-di-ognissanti\\\/#article\",\"isPartOf\":{\"@id\":\"https:\\\/\\\/staging.ctelift.com\\\/de\\\/chiusra-aziendale-per-la-festa-di-ognissanti\\\/\"},\"author\":{\"name\":\"cteuser\",\"@id\":\"https:\\\/\\\/staging.ctelift.com\\\/#\\\/schema\\\/person\\\/b83f56a5bd85503f355fa1544c350ab9\"},\"headline\":\"Betriebsschlie\u00dfung zu Allerheiligen\",\"datePublished\":\"2024-10-25T13:27:58+00:00\",\"dateModified\":\"2024-10-25T13:38:11+00:00\",\"mainEntityOfPage\":{\"@id\":\"https:\\\/\\\/staging.ctelift.com\\\/de\\\/chiusra-aziendale-per-la-festa-di-ognissanti\\\/\"},\"wordCount\":49,\"image\":{\"@id\":\"https:\\\/\\\/staging.ctelift.com\\\/de\\\/chiusra-aziendale-per-la-festa-di-ognissanti\\\/#primaryimage\"},\"thumbnailUrl\":\"https:\\\/\\\/staging.ctelift.com\\\/wp-content\\\/uploads\\\/2024\\\/10\\\/Happy-Halloween-1.png\",\"articleSection\":[\"News\"],\"inLanguage\":\"de\"},{\"@type\":\"WebPage\",\"@id\":\"https:\\\/\\\/staging.ctelift.com\\\/de\\\/chiusra-aziendale-per-la-festa-di-ognissanti\\\/\",\"url\":\"https:\\\/\\\/staging.ctelift.com\\\/de\\\/chiusra-aziendale-per-la-festa-di-ognissanti\\\/\",\"name\":\"Betriebsschlie\u00dfung zu Allerheiligen - CTE\",\"isPartOf\":{\"@id\":\"https:\\\/\\\/staging.ctelift.com\\\/#website\"},\"primaryImageOfPage\":{\"@id\":\"https:\\\/\\\/staging.ctelift.com\\\/de\\\/chiusra-aziendale-per-la-festa-di-ognissanti\\\/#primaryimage\"},\"image\":{\"@id\":\"https:\\\/\\\/staging.ctelift.com\\\/de\\\/chiusra-aziendale-per-la-festa-di-ognissanti\\\/#primaryimage\"},\"thumbnailUrl\":\"https:\\\/\\\/staging.ctelift.com\\\/wp-content\\\/uploads\\\/2024\\\/10\\\/Happy-Halloween-1.png\",\"datePublished\":\"2024-10-25T13:27:58+00:00\",\"dateModified\":\"2024-10-25T13:38:11+00:00\",\"author\":{\"@id\":\"https:\\\/\\\/staging.ctelift.com\\\/#\\\/schema\\\/person\\\/b83f56a5bd85503f355fa1544c350ab9\"},\"breadcrumb\":{\"@id\":\"https:\\\/\\\/staging.ctelift.com\\\/de\\\/chiusra-aziendale-per-la-festa-di-ognissanti\\\/#breadcrumb\"},\"inLanguage\":\"de\",\"potentialAction\":[{\"@type\":\"ReadAction\",\"target\":[\"https:\\\/\\\/staging.ctelift.com\\\/de\\\/chiusra-aziendale-per-la-festa-di-ognissanti\\\/\"]}]},{\"@type\":\"ImageObject\",\"inLanguage\":\"de\",\"@id\":\"https:\\\/\\\/staging.ctelift.com\\\/de\\\/chiusra-aziendale-per-la-festa-di-ognissanti\\\/#primaryimage\",\"url\":\"https:\\\/\\\/staging.ctelift.com\\\/wp-content\\\/uploads\\\/2024\\\/10\\\/Happy-Halloween-1.png\",\"contentUrl\":\"https:\\\/\\\/staging.ctelift.com\\\/wp-content\\\/uploads\\\/2024\\\/10\\\/Happy-Halloween-1.png\",\"width\":1748,\"height\":1240},{\"@type\":\"BreadcrumbList\",\"@id\":\"https:\\\/\\\/staging.ctelift.com\\\/de\\\/chiusra-aziendale-per-la-festa-di-ognissanti\\\/#breadcrumb\",\"itemListElement\":[{\"@type\":\"ListItem\",\"position\":1,\"name\":\"Home\",\"item\":\"https:\\\/\\\/staging.ctelift.com\\\/de\\\/\"},{\"@type\":\"ListItem\",\"position\":2,\"name\":\"Betriebsschlie\u00dfung zu Allerheiligen\"}]},{\"@type\":\"WebSite\",\"@id\":\"https:\\\/\\\/staging.ctelift.com\\\/#website\",\"url\":\"https:\\\/\\\/staging.ctelift.com\\\/\",\"name\":\"CTE\",\"description\":\"work becomes easy\",\"potentialAction\":[{\"@type\":\"SearchAction\",\"target\":{\"@type\":\"EntryPoint\",\"urlTemplate\":\"https:\\\/\\\/staging.ctelift.com\\\/?s={search_term_string}\"},\"query-input\":{\"@type\":\"PropertyValueSpecification\",\"valueRequired\":true,\"valueName\":\"search_term_string\"}}],\"inLanguage\":\"de\"},{\"@type\":\"Person\",\"@id\":\"https:\\\/\\\/staging.ctelift.com\\\/#\\\/schema\\\/person\\\/b83f56a5bd85503f355fa1544c350ab9\",\"name\":\"cteuser\",\"url\":\"https:\\\/\\\/staging.ctelift.com\\\/de\\\/author\\\/cteuser\\\/\"}]}<\/script>\n<!-- \/ Yoast SEO plugin. -->","yoast_head_json":{"title":"Betriebsschlie\u00dfung zu Allerheiligen - CTE","robots":{"index":"noindex","follow":"follow","max-snippet":"max-snippet:-1","max-image-preview":"max-image-preview:large","max-video-preview":"max-video-preview:-1"},"og_locale":"de_DE","og_type":"article","og_title":"Betriebsschlie\u00dfung zu Allerheiligen - CTE","og_description":"Wir informieren Sie dar\u00fcber, dass unsere B\u00fcros am Donnerstag, den 31. Oktober und Freitag, den 1. November 2024 wegen der Allerheiligenfeiertage geschlossen bleiben. Ab Montag, 4. November, sind wir wieder in Betrieb. Der Kundendienst ist nur f\u00fcr Notf\u00e4lle unter der folgenden Nummer erreichbar: +39 342 3807405. &nbsp; &nbsp;","og_url":"https:\/\/staging.ctelift.com\/de\/chiusra-aziendale-per-la-festa-di-ognissanti\/","og_site_name":"CTE","article_published_time":"2024-10-25T13:27:58+00:00","article_modified_time":"2024-10-25T13:38:11+00:00","og_image":[{"width":1024,"height":726,"url":"https:\/\/staging.ctelift.com\/wp-content\/uploads\/2024\/10\/Happy-Halloween-1-1024x726.png","type":"image\/png"}],"author":"cteuser","twitter_card":"summary_large_image","twitter_misc":{"Verfasst von":"cteuser","Gesch\u00e4tzte Lesezeit":"1\u00a0Minute"},"schema":{"@context":"https:\/\/schema.org","@graph":[{"@type":"Article","@id":"https:\/\/staging.ctelift.com\/de\/chiusra-aziendale-per-la-festa-di-ognissanti\/#article","isPartOf":{"@id":"https:\/\/staging.ctelift.com\/de\/chiusra-aziendale-per-la-festa-di-ognissanti\/"},"author":{"name":"cteuser","@id":"https:\/\/staging.ctelift.com\/#\/schema\/person\/b83f56a5bd85503f355fa1544c350ab9"},"headline":"Betriebsschlie\u00dfung zu Allerheiligen","datePublished":"2024-10-25T13:27:58+00:00","dateModified":"2024-10-25T13:38:11+00:00","mainEntityOfPage":{"@id":"https:\/\/staging.ctelift.com\/de\/chiusra-aziendale-per-la-festa-di-ognissanti\/"},"wordCount":49,"image":{"@id":"https:\/\/staging.ctelift.com\/de\/chiusra-aziendale-per-la-festa-di-ognissanti\/#primaryimage"},"thumbnailUrl":"https:\/\/staging.ctelift.com\/wp-content\/uploads\/2024\/10\/Happy-Halloween-1.png","articleSection":["News"],"inLanguage":"de"},{"@type":"WebPage","@id":"https:\/\/staging.ctelift.com\/de\/chiusra-aziendale-per-la-festa-di-ognissanti\/","url":"https:\/\/staging.ctelift.com\/de\/chiusra-aziendale-per-la-festa-di-ognissanti\/","name":"Betriebsschlie\u00dfung zu Allerheiligen - CTE","isPartOf":{"@id":"https:\/\/staging.ctelift.com\/#website"},"primaryImageOfPage":{"@id":"https:\/\/staging.ctelift.com\/de\/chiusra-aziendale-per-la-festa-di-ognissanti\/#primaryimage"},"image":{"@id":"https:\/\/staging.ctelift.com\/de\/chiusra-aziendale-per-la-festa-di-ognissanti\/#primaryimage"},"thumbnailUrl":"https:\/\/staging.ctelift.com\/wp-content\/uploads\/2024\/10\/Happy-Halloween-1.png","datePublished":"2024-10-25T13:27:58+00:00","dateModified":"2024-10-25T13:38:11+00:00","author":{"@id":"https:\/\/staging.ctelift.com\/#\/schema\/person\/b83f56a5bd85503f355fa1544c350ab9"},"breadcrumb":{"@id":"https:\/\/staging.ctelift.com\/de\/chiusra-aziendale-per-la-festa-di-ognissanti\/#breadcrumb"},"inLanguage":"de","potentialAction":[{"@type":"ReadAction","target":["https:\/\/staging.ctelift.com\/de\/chiusra-aziendale-per-la-festa-di-ognissanti\/"]}]},{"@type":"ImageObject","inLanguage":"de","@id":"https:\/\/staging.ctelift.com\/de\/chiusra-aziendale-per-la-festa-di-ognissanti\/#primaryimage","url":"https:\/\/staging.ctelift.com\/wp-content\/uploads\/2024\/10\/Happy-Halloween-1.png","contentUrl":"https:\/\/staging.ctelift.com\/wp-content\/uploads\/2024\/10\/Happy-Halloween-1.png","width":1748,"height":1240},{"@type":"BreadcrumbList","@id":"https:\/\/staging.ctelift.com\/de\/chiusra-aziendale-per-la-festa-di-ognissanti\/#breadcrumb","itemListElement":[{"@type":"ListItem","position":1,"name":"Home","item":"https:\/\/staging.ctelift.com\/de\/"},{"@type":"ListItem","position":2,"name":"Betriebsschlie\u00dfung zu Allerheiligen"}]},{"@type":"WebSite","@id":"https:\/\/staging.ctelift.com\/#website","url":"https:\/\/staging.ctelift.com\/","name":"CTE","description":"work becomes easy","potentialAction":[{"@type":"SearchAction","target":{"@type":"EntryPoint","urlTemplate":"https:\/\/staging.ctelift.com\/?s={search_term_string}"},"query-input":{"@type":"PropertyValueSpecification","valueRequired":true,"valueName":"search_term_string"}}],"inLanguage":"de"},{"@type":"Person","@id":"https:\/\/staging.ctelift.com\/#\/schema\/person\/b83f56a5bd85503f355fa1544c350ab9","name":"cteuser","url":"https:\/\/staging.ctelift.com\/de\/author\/cteuser\/"}]}},"_links":{"self":[{"href":"https:\/\/staging.ctelift.com\/de\/wp-json\/wp\/v2\/posts\/49760","targetHints":{"allow":["GET"]}}],"collection":[{"href":"https:\/\/staging.ctelift.com\/de\/wp-json\/wp\/v2\/posts"}],"about":[{"href":"https:\/\/staging.ctelift.com\/de\/wp-json\/wp\/v2\/types\/post"}],"author":[{"embeddable":true,"href":"https:\/\/staging.ctelift.com\/de\/wp-json\/wp\/v2\/users\/2"}],"replies":[{"embeddable":true,"href":"https:\/\/staging.ctelift.com\/de\/wp-json\/wp\/v2\/comments?post=49760"}],"version-history":[{"count":2,"href":"https:\/\/staging.ctelift.com\/de\/wp-json\/wp\/v2\/posts\/49760\/revisions"}],"predecessor-version":[{"id":49762,"href":"https:\/\/staging.ctelift.com\/de\/wp-json\/wp\/v2\/posts\/49760\/revisions\/49762"}],"wp:featuredmedia":[{"embeddable":true,"href":"https:\/\/staging.ctelift.com\/de\/wp-json\/wp\/v2\/media\/49746"}],"wp:attachment":[{"href":"https:\/\/staging.ctelift.com\/de\/wp-json\/wp\/v2\/media?parent=49760"}],"wp:term":[{"taxonomy":"category","embeddable":true,"href":"https:\/\/staging.ctelift.com\/de\/wp-json\/wp\/v2\/categories?post=49760"},{"taxonomy":"post_tag","embeddable":true,"href":"https:\/\/staging.ctelift.com\/de\/wp-json\/wp\/v2\/tags?post=49760"}],"curies":[{"name":"wp","href":"https:\/\/api.w.org\/{rel}","templated":true}]}}