{"id":51761,"date":"2026-06-18T16:38:48","date_gmt":"2026-06-18T14:38:48","guid":{"rendered":"https:\/\/www.ctelift.com\/2026\/06\/18\/cte-sara-presente-al-vertikal-days-2026\/"},"modified":"2026-06-18T16:51:27","modified_gmt":"2026-06-18T14:51:27","slug":"cte-sara-presente-al-vertikal-days-2026","status":"publish","type":"post","link":"https:\/\/staging.ctelift.com\/de\/cte-sara-presente-al-vertikal-days-2026\/","title":{"rendered":"CTE auf den Vertikal Days 2026"},"content":{"rendered":"<p>CTE UK wird auf den <strong>Vertikal Days 2026<\/strong> vertreten sein, einer der f\u00fchrenden Messen der Hebetechnikbranche, die <strong>vom 9. bis 10. September 2026 auf dem Newark Showground<\/strong> (Gro\u00dfbritannien) stattfindet.<br \/>\nWir freuen uns darauf, Sie am <strong>Stand 209<\/strong> begr\u00fc\u00dfen zu d\u00fcrfen, um Ihnen unsere neuesten Innovationen vorzustellen.<\/p>\n","protected":false},"excerpt":{"rendered":"<p>CTE UK wird auf den Vertikal Days 2026 vertreten sein, einer der f\u00fchrenden Messen der Hebetechnikbranche, die vom 9. bis 10. September 2026 auf dem Newark Showground (Gro\u00dfbritannien) stattfindet. Wir freuen uns darauf, Sie am Stand 209 begr\u00fc\u00dfen zu d\u00fcrfen, um Ihnen unsere neuesten Innovationen vorzustellen.<\/p>\n","protected":false},"author":2,"featured_media":51748,"comment_status":"closed","ping_status":"open","sticky":false,"template":"","format":"standard","meta":{"_acf_changed":false,"_et_pb_use_builder":"","_et_pb_old_content":"","_et_gb_content_width":"","footnotes":""},"categories":[258],"tags":[],"class_list":["post-51761","post","type-post","status-publish","format-standard","has-post-thumbnail","hentry","category-messen-und-veranstaltungen-de"],"acf":[],"yoast_head":"<!-- This site is optimized with the Yoast SEO plugin v28.1 - https:\/\/yoast.com\/product\/yoast-seo-wordpress\/ -->\n<title>CTE auf den Vertikal Days 2026 - CTE<\/title>\n<meta name=\"robots\" content=\"noindex, follow, max-snippet:-1, max-image-preview:large, max-video-preview:-1\" \/>\n<meta property=\"og:locale\" content=\"de_DE\" \/>\n<meta property=\"og:type\" content=\"article\" \/>\n<meta property=\"og:title\" content=\"CTE auf den Vertikal Days 2026 - CTE\" \/>\n<meta property=\"og:description\" content=\"CTE UK wird auf den Vertikal Days 2026 vertreten sein, einer der f\u00fchrenden Messen der Hebetechnikbranche, die vom 9. bis 10. September 2026 auf dem Newark Showground (Gro\u00dfbritannien) stattfindet. Wir freuen uns darauf, Sie am Stand 209 begr\u00fc\u00dfen zu d\u00fcrfen, um Ihnen unsere neuesten Innovationen vorzustellen.\" \/>\n<meta property=\"og:url\" content=\"https:\/\/staging.ctelift.com\/de\/cte-sara-presente-al-vertikal-days-2026\/\" \/>\n<meta property=\"og:site_name\" content=\"CTE\" \/>\n<meta property=\"article:published_time\" content=\"2026-06-18T14:38:48+00:00\" \/>\n<meta property=\"article:modified_time\" content=\"2026-06-18T14:51:27+00:00\" \/>\n<meta property=\"og:image\" content=\"https:\/\/staging.ctelift.com\/wp-content\/uploads\/2026\/06\/logo-vertikal-days.jpg\" \/>\n\t<meta property=\"og:image:width\" content=\"1229\" \/>\n\t<meta property=\"og:image:height\" content=\"676\" \/>\n\t<meta property=\"og:image:type\" content=\"image\/jpeg\" \/>\n<meta name=\"author\" content=\"cteuser\" \/>\n<meta name=\"twitter:card\" content=\"summary_large_image\" \/>\n<meta name=\"twitter:label1\" content=\"Verfasst von\" \/>\n\t<meta name=\"twitter:data1\" content=\"cteuser\" \/>\n\t<meta name=\"twitter:label2\" content=\"Gesch\u00e4tzte Lesezeit\" \/>\n\t<meta name=\"twitter:data2\" content=\"1\u00a0Minute\" \/>\n<script type=\"application\/ld+json\" class=\"yoast-schema-graph\">{\"@context\":\"https:\\\/\\\/schema.org\",\"@graph\":[{\"@type\":\"Article\",\"@id\":\"https:\\\/\\\/staging.ctelift.com\\\/de\\\/cte-sara-presente-al-vertikal-days-2026\\\/#article\",\"isPartOf\":{\"@id\":\"https:\\\/\\\/staging.ctelift.com\\\/de\\\/cte-sara-presente-al-vertikal-days-2026\\\/\"},\"author\":{\"name\":\"cteuser\",\"@id\":\"https:\\\/\\\/staging.ctelift.com\\\/#\\\/schema\\\/person\\\/b83f56a5bd85503f355fa1544c350ab9\"},\"headline\":\"CTE auf den Vertikal Days 2026\",\"datePublished\":\"2026-06-18T14:38:48+00:00\",\"dateModified\":\"2026-06-18T14:51:27+00:00\",\"mainEntityOfPage\":{\"@id\":\"https:\\\/\\\/staging.ctelift.com\\\/de\\\/cte-sara-presente-al-vertikal-days-2026\\\/\"},\"wordCount\":50,\"image\":{\"@id\":\"https:\\\/\\\/staging.ctelift.com\\\/de\\\/cte-sara-presente-al-vertikal-days-2026\\\/#primaryimage\"},\"thumbnailUrl\":\"https:\\\/\\\/staging.ctelift.com\\\/wp-content\\\/uploads\\\/2026\\\/06\\\/logo-vertikal-days.jpg\",\"articleSection\":[\"Messen und Veranstaltungen\"],\"inLanguage\":\"de\"},{\"@type\":\"WebPage\",\"@id\":\"https:\\\/\\\/staging.ctelift.com\\\/de\\\/cte-sara-presente-al-vertikal-days-2026\\\/\",\"url\":\"https:\\\/\\\/staging.ctelift.com\\\/de\\\/cte-sara-presente-al-vertikal-days-2026\\\/\",\"name\":\"CTE auf den Vertikal Days 2026 - CTE\",\"isPartOf\":{\"@id\":\"https:\\\/\\\/staging.ctelift.com\\\/#website\"},\"primaryImageOfPage\":{\"@id\":\"https:\\\/\\\/staging.ctelift.com\\\/de\\\/cte-sara-presente-al-vertikal-days-2026\\\/#primaryimage\"},\"image\":{\"@id\":\"https:\\\/\\\/staging.ctelift.com\\\/de\\\/cte-sara-presente-al-vertikal-days-2026\\\/#primaryimage\"},\"thumbnailUrl\":\"https:\\\/\\\/staging.ctelift.com\\\/wp-content\\\/uploads\\\/2026\\\/06\\\/logo-vertikal-days.jpg\",\"datePublished\":\"2026-06-18T14:38:48+00:00\",\"dateModified\":\"2026-06-18T14:51:27+00:00\",\"author\":{\"@id\":\"https:\\\/\\\/staging.ctelift.com\\\/#\\\/schema\\\/person\\\/b83f56a5bd85503f355fa1544c350ab9\"},\"breadcrumb\":{\"@id\":\"https:\\\/\\\/staging.ctelift.com\\\/de\\\/cte-sara-presente-al-vertikal-days-2026\\\/#breadcrumb\"},\"inLanguage\":\"de\",\"potentialAction\":[{\"@type\":\"ReadAction\",\"target\":[\"https:\\\/\\\/staging.ctelift.com\\\/de\\\/cte-sara-presente-al-vertikal-days-2026\\\/\"]}]},{\"@type\":\"ImageObject\",\"inLanguage\":\"de\",\"@id\":\"https:\\\/\\\/staging.ctelift.com\\\/de\\\/cte-sara-presente-al-vertikal-days-2026\\\/#primaryimage\",\"url\":\"https:\\\/\\\/staging.ctelift.com\\\/wp-content\\\/uploads\\\/2026\\\/06\\\/logo-vertikal-days.jpg\",\"contentUrl\":\"https:\\\/\\\/staging.ctelift.com\\\/wp-content\\\/uploads\\\/2026\\\/06\\\/logo-vertikal-days.jpg\",\"width\":1229,\"height\":676},{\"@type\":\"BreadcrumbList\",\"@id\":\"https:\\\/\\\/staging.ctelift.com\\\/de\\\/cte-sara-presente-al-vertikal-days-2026\\\/#breadcrumb\",\"itemListElement\":[{\"@type\":\"ListItem\",\"position\":1,\"name\":\"Home\",\"item\":\"https:\\\/\\\/staging.ctelift.com\\\/de\\\/\"},{\"@type\":\"ListItem\",\"position\":2,\"name\":\"CTE auf den Vertikal Days 2026\"}]},{\"@type\":\"WebSite\",\"@id\":\"https:\\\/\\\/staging.ctelift.com\\\/#website\",\"url\":\"https:\\\/\\\/staging.ctelift.com\\\/\",\"name\":\"CTE\",\"description\":\"work becomes easy\",\"potentialAction\":[{\"@type\":\"SearchAction\",\"target\":{\"@type\":\"EntryPoint\",\"urlTemplate\":\"https:\\\/\\\/staging.ctelift.com\\\/?s={search_term_string}\"},\"query-input\":{\"@type\":\"PropertyValueSpecification\",\"valueRequired\":true,\"valueName\":\"search_term_string\"}}],\"inLanguage\":\"de\"},{\"@type\":\"Person\",\"@id\":\"https:\\\/\\\/staging.ctelift.com\\\/#\\\/schema\\\/person\\\/b83f56a5bd85503f355fa1544c350ab9\",\"name\":\"cteuser\",\"url\":\"https:\\\/\\\/staging.ctelift.com\\\/de\\\/author\\\/cteuser\\\/\"}]}<\/script>\n<!-- \/ Yoast SEO plugin. -->","yoast_head_json":{"title":"CTE auf den Vertikal Days 2026 - CTE","robots":{"index":"noindex","follow":"follow","max-snippet":"max-snippet:-1","max-image-preview":"max-image-preview:large","max-video-preview":"max-video-preview:-1"},"og_locale":"de_DE","og_type":"article","og_title":"CTE auf den Vertikal Days 2026 - CTE","og_description":"CTE UK wird auf den Vertikal Days 2026 vertreten sein, einer der f\u00fchrenden Messen der Hebetechnikbranche, die vom 9. bis 10. September 2026 auf dem Newark Showground (Gro\u00dfbritannien) stattfindet. Wir freuen uns darauf, Sie am Stand 209 begr\u00fc\u00dfen zu d\u00fcrfen, um Ihnen unsere neuesten Innovationen vorzustellen.","og_url":"https:\/\/staging.ctelift.com\/de\/cte-sara-presente-al-vertikal-days-2026\/","og_site_name":"CTE","article_published_time":"2026-06-18T14:38:48+00:00","article_modified_time":"2026-06-18T14:51:27+00:00","og_image":[{"width":1229,"height":676,"url":"https:\/\/staging.ctelift.com\/wp-content\/uploads\/2026\/06\/logo-vertikal-days.jpg","type":"image\/jpeg"}],"author":"cteuser","twitter_card":"summary_large_image","twitter_misc":{"Verfasst von":"cteuser","Gesch\u00e4tzte Lesezeit":"1\u00a0Minute"},"schema":{"@context":"https:\/\/schema.org","@graph":[{"@type":"Article","@id":"https:\/\/staging.ctelift.com\/de\/cte-sara-presente-al-vertikal-days-2026\/#article","isPartOf":{"@id":"https:\/\/staging.ctelift.com\/de\/cte-sara-presente-al-vertikal-days-2026\/"},"author":{"name":"cteuser","@id":"https:\/\/staging.ctelift.com\/#\/schema\/person\/b83f56a5bd85503f355fa1544c350ab9"},"headline":"CTE auf den Vertikal Days 2026","datePublished":"2026-06-18T14:38:48+00:00","dateModified":"2026-06-18T14:51:27+00:00","mainEntityOfPage":{"@id":"https:\/\/staging.ctelift.com\/de\/cte-sara-presente-al-vertikal-days-2026\/"},"wordCount":50,"image":{"@id":"https:\/\/staging.ctelift.com\/de\/cte-sara-presente-al-vertikal-days-2026\/#primaryimage"},"thumbnailUrl":"https:\/\/staging.ctelift.com\/wp-content\/uploads\/2026\/06\/logo-vertikal-days.jpg","articleSection":["Messen und Veranstaltungen"],"inLanguage":"de"},{"@type":"WebPage","@id":"https:\/\/staging.ctelift.com\/de\/cte-sara-presente-al-vertikal-days-2026\/","url":"https:\/\/staging.ctelift.com\/de\/cte-sara-presente-al-vertikal-days-2026\/","name":"CTE auf den Vertikal Days 2026 - CTE","isPartOf":{"@id":"https:\/\/staging.ctelift.com\/#website"},"primaryImageOfPage":{"@id":"https:\/\/staging.ctelift.com\/de\/cte-sara-presente-al-vertikal-days-2026\/#primaryimage"},"image":{"@id":"https:\/\/staging.ctelift.com\/de\/cte-sara-presente-al-vertikal-days-2026\/#primaryimage"},"thumbnailUrl":"https:\/\/staging.ctelift.com\/wp-content\/uploads\/2026\/06\/logo-vertikal-days.jpg","datePublished":"2026-06-18T14:38:48+00:00","dateModified":"2026-06-18T14:51:27+00:00","author":{"@id":"https:\/\/staging.ctelift.com\/#\/schema\/person\/b83f56a5bd85503f355fa1544c350ab9"},"breadcrumb":{"@id":"https:\/\/staging.ctelift.com\/de\/cte-sara-presente-al-vertikal-days-2026\/#breadcrumb"},"inLanguage":"de","potentialAction":[{"@type":"ReadAction","target":["https:\/\/staging.ctelift.com\/de\/cte-sara-presente-al-vertikal-days-2026\/"]}]},{"@type":"ImageObject","inLanguage":"de","@id":"https:\/\/staging.ctelift.com\/de\/cte-sara-presente-al-vertikal-days-2026\/#primaryimage","url":"https:\/\/staging.ctelift.com\/wp-content\/uploads\/2026\/06\/logo-vertikal-days.jpg","contentUrl":"https:\/\/staging.ctelift.com\/wp-content\/uploads\/2026\/06\/logo-vertikal-days.jpg","width":1229,"height":676},{"@type":"BreadcrumbList","@id":"https:\/\/staging.ctelift.com\/de\/cte-sara-presente-al-vertikal-days-2026\/#breadcrumb","itemListElement":[{"@type":"ListItem","position":1,"name":"Home","item":"https:\/\/staging.ctelift.com\/de\/"},{"@type":"ListItem","position":2,"name":"CTE auf den Vertikal Days 2026"}]},{"@type":"WebSite","@id":"https:\/\/staging.ctelift.com\/#website","url":"https:\/\/staging.ctelift.com\/","name":"CTE","description":"work becomes easy","potentialAction":[{"@type":"SearchAction","target":{"@type":"EntryPoint","urlTemplate":"https:\/\/staging.ctelift.com\/?s={search_term_string}"},"query-input":{"@type":"PropertyValueSpecification","valueRequired":true,"valueName":"search_term_string"}}],"inLanguage":"de"},{"@type":"Person","@id":"https:\/\/staging.ctelift.com\/#\/schema\/person\/b83f56a5bd85503f355fa1544c350ab9","name":"cteuser","url":"https:\/\/staging.ctelift.com\/de\/author\/cteuser\/"}]}},"_links":{"self":[{"href":"https:\/\/staging.ctelift.com\/de\/wp-json\/wp\/v2\/posts\/51761","targetHints":{"allow":["GET"]}}],"collection":[{"href":"https:\/\/staging.ctelift.com\/de\/wp-json\/wp\/v2\/posts"}],"about":[{"href":"https:\/\/staging.ctelift.com\/de\/wp-json\/wp\/v2\/types\/post"}],"author":[{"embeddable":true,"href":"https:\/\/staging.ctelift.com\/de\/wp-json\/wp\/v2\/users\/2"}],"replies":[{"embeddable":true,"href":"https:\/\/staging.ctelift.com\/de\/wp-json\/wp\/v2\/comments?post=51761"}],"version-history":[{"count":2,"href":"https:\/\/staging.ctelift.com\/de\/wp-json\/wp\/v2\/posts\/51761\/revisions"}],"predecessor-version":[{"id":51763,"href":"https:\/\/staging.ctelift.com\/de\/wp-json\/wp\/v2\/posts\/51761\/revisions\/51763"}],"wp:featuredmedia":[{"embeddable":true,"href":"https:\/\/staging.ctelift.com\/de\/wp-json\/wp\/v2\/media\/51748"}],"wp:attachment":[{"href":"https:\/\/staging.ctelift.com\/de\/wp-json\/wp\/v2\/media?parent=51761"}],"wp:term":[{"taxonomy":"category","embeddable":true,"href":"https:\/\/staging.ctelift.com\/de\/wp-json\/wp\/v2\/categories?post=51761"},{"taxonomy":"post_tag","embeddable":true,"href":"https:\/\/staging.ctelift.com\/de\/wp-json\/wp\/v2\/tags?post=51761"}],"curies":[{"name":"wp","href":"https:\/\/api.w.org\/{rel}","templated":true}]}}