{"id":46320,"date":"2023-01-27T08:26:46","date_gmt":"2023-01-27T07:26:46","guid":{"rendered":"https:\/\/www.ctelift.com\/?p=46320"},"modified":"2023-01-27T08:28:15","modified_gmt":"2023-01-27T07:28:15","slug":"cte-refuerza-su-presencia-en-espana","status":"publish","type":"post","link":"https:\/\/staging.ctelift.com\/es\/cte-refuerza-su-presencia-en-espana\/","title":{"rendered":"CTE refuerza su presencia en Espa\u00f1a"},"content":{"rendered":"<p><strong>Nuevos referentes para el \u00e1rea comercial y el servicio t\u00e9cnico y postventa<\/strong><\/p>\n<p>&nbsp;<\/p>\n<p>CTE pone en marcha su nuevo plan estrat\u00e9gico para la pen\u00ednsula ib\u00e9rica con la implantaci\u00f3n de una nueva estructura tanto comercial como t\u00e9cnica para toda su gama de productos y servicios.<\/p>\n<p>Despu\u00e9s de varios a\u00f1os de trabajo, conocimiento y an\u00e1lisis del mercado local, CTE ha elaborado un ambicioso plan de expansi\u00f3n de todas sus actividades, ampliando el \u00e1rea de negocio y de nuevos proyectos acompa\u00f1ado de un nuevo completo servicio t\u00e9cnico para todo el territorio.<\/p>\n<p>El \u00e1rea comercial est\u00e1 liderada por <strong>STEC<\/strong>, empresa con amplia trayectoria y larga experiencia en el desarrollo de negocio dentro del mercado de equipos de elevaci\u00f3n industrial, y que estar\u00e1 acompa\u00f1ado de un equipo de varios colaboradores para dar servicio en toda la pen\u00ednsula.<\/p>\n<p>Para el \u00e1rea de postventa se une la empresa GSE que centraliza una parte de los servicios t\u00e9cnicos, de recambios y log\u00edsticos en Espa\u00f1a, y que gestionar\u00e1 la red de puntos de atenci\u00f3n t\u00e9cnica repartida por toda la geograf\u00eda.<\/p>\n<p><strong>GSE<\/strong> es referente en los servicios y tecnolog\u00edas de elevaci\u00f3n industrial con m\u00e1s de 15 a\u00f1os en el sector, Technical Service de las marcas HIAB, EFFER y DHOLLANDIA en el \u00e1rea de Barcelona, y en donde tambi\u00e9n se pueden consultar las \u00faltimas novedades de la gama de productos CTE.<\/p>\n<p>Desde diciembre de 2022 est\u00e1n plenamente operativos los puntos de referencia de CTE en Catalunya y la Comunidad de Madrid, atendiendo a los clientes y prestando servicios de postventa.<\/p>\n<p>Con este ambicioso plan CTE quiere convertirse en la empresa de referencia en el mercado espa\u00f1ol, llevando a cabo su visi\u00f3n global y tecnol\u00f3gica de \u00e9xito internacional, con una gama de productos y servicios completa, en continua evoluci\u00f3n y basados en una constante innovaci\u00f3n y mejora.<\/p>\n<p>Massimo Franceschi, Senior Area Manager en CTE, afirma: \u201cCTE ha sido l\u00edder en el mercado en el sector de elevaci\u00f3n, en log\u00edstica y mudanzas hacia a\u00f1os en Espa\u00f1a. Con esta nueva re-organizaci\u00f3n y potenciamento de la estructura de ventas existente queremos recuperar el posicionamiento que nos pertenece. Estoy convencido que con la experiencia de estos nuevos colaboradores y el renfuerzo de nuestra presencia a nivel de servicio post venta estaremos en las condiciones de recuperar el lugar que una organizaci\u00f3n como CTE tiene que haber en un mercado como el espa\u00f1ol. Deseo a mis nuevos colegas mucho \u00e9xito y os esperamos en la pr\u00f3xima feria de Smopyc con much\u00edsimas novedades de mercado\u201d.<\/p>\n<p>&nbsp;<\/p>\n<p>Para m\u00e1s informaci\u00f3n:<\/p>\n<p><strong><u>\u00c1rea Comercial<\/u><\/strong><\/p>\n<p>Eduard Salanguera: + 34 609 38 05 38<\/p>\n<p><a href=\"mailto:esalanguera@ctelift.com\">esalanguera@ctelift.com<\/a><\/p>\n<p>&nbsp;<\/p>\n<p>Jose Antonio Garc\u00eda (zona de Madrid): +34 685 01 84 78<\/p>\n<p><a href=\"mailto:jgarcia@ctelift.com\">jgarcia@ctelift.com<\/a><\/p>\n<p>&nbsp;<\/p>\n<p><strong><u>\u00c1rea Postventa<\/u><\/strong><\/p>\n<p>GSE: +34 93 806 72 41<\/p>\n<p>M\u00e1s informaci\u00f3n sobre <strong>GSE<\/strong>: <a href=\"https:\/\/gruesgse.com\/\">https:\/\/gruesgse.com\/<\/a><\/p>\n<p>&nbsp;<\/p>\n<p><em>En la fotograf\u00eda, de izquierda a derecha, Jose Antonio Garcia, Gabriel Tamanini (CTE Technical Assistance Coordinator), Massimo Franceschi (CTE export area manager) y Eduard Salanguera.<\/em><\/p>\n<p>&nbsp;<\/p>\n","protected":false},"excerpt":{"rendered":"<p>Nuevos referentes para el \u00e1rea comercial y el servicio t\u00e9cnico y postventa &nbsp; CTE pone en marcha su nuevo plan estrat\u00e9gico para la pen\u00ednsula ib\u00e9rica con la implantaci\u00f3n de una nueva estructura tanto comercial como t\u00e9cnica para toda su gama de productos y servicios. Despu\u00e9s de varios a\u00f1os de trabajo, conocimiento y an\u00e1lisis del mercado [&hellip;]<\/p>\n","protected":false},"author":2,"featured_media":46316,"comment_status":"open","ping_status":"open","sticky":false,"template":"","format":"standard","meta":{"_acf_changed":false,"_et_pb_use_builder":"","_et_pb_old_content":"","_et_gb_content_width":"","footnotes":""},"categories":[5],"tags":[],"class_list":["post-46320","post","type-post","status-publish","format-standard","has-post-thumbnail","hentry","category-noticias-es"],"acf":[],"yoast_head":"<!-- This site is optimized with the Yoast SEO plugin v28.1 - https:\/\/yoast.com\/product\/yoast-seo-wordpress\/ -->\n<title>CTE refuerza su presencia en Espa\u00f1a - CTE<\/title>\n<meta name=\"robots\" content=\"noindex, follow, max-snippet:-1, max-image-preview:large, max-video-preview:-1\" \/>\n<meta property=\"og:locale\" content=\"es_ES\" \/>\n<meta property=\"og:type\" content=\"article\" \/>\n<meta property=\"og:title\" content=\"CTE refuerza su presencia en Espa\u00f1a - CTE\" \/>\n<meta property=\"og:description\" content=\"Nuevos referentes para el \u00e1rea comercial y el servicio t\u00e9cnico y postventa &nbsp; CTE pone en marcha su nuevo plan estrat\u00e9gico para la pen\u00ednsula ib\u00e9rica con la implantaci\u00f3n de una nueva estructura tanto comercial como t\u00e9cnica para toda su gama de productos y servicios. Despu\u00e9s de varios a\u00f1os de trabajo, conocimiento y an\u00e1lisis del mercado [&hellip;]\" \/>\n<meta property=\"og:url\" content=\"https:\/\/staging.ctelift.com\/es\/cte-refuerza-su-presencia-en-espana\/\" \/>\n<meta property=\"og:site_name\" content=\"CTE\" \/>\n<meta property=\"article:published_time\" content=\"2023-01-27T07:26:46+00:00\" \/>\n<meta property=\"article:modified_time\" content=\"2023-01-27T07:28:15+00:00\" \/>\n<meta property=\"og:image\" content=\"https:\/\/staging.ctelift.com\/wp-content\/uploads\/2023\/01\/CTE-and-GSE-scaled.jpg\" \/>\n\t<meta property=\"og:image:width\" content=\"2560\" \/>\n\t<meta property=\"og:image:height\" content=\"1440\" \/>\n\t<meta property=\"og:image:type\" content=\"image\/jpeg\" \/>\n<meta name=\"author\" content=\"cteuser\" \/>\n<meta name=\"twitter:card\" content=\"summary_large_image\" \/>\n<meta name=\"twitter:label1\" content=\"Escrito por\" \/>\n\t<meta name=\"twitter:data1\" content=\"cteuser\" \/>\n\t<meta name=\"twitter:label2\" content=\"Tiempo de lectura\" \/>\n\t<meta name=\"twitter:data2\" content=\"3 minutos\" \/>\n<script type=\"application\/ld+json\" class=\"yoast-schema-graph\">{\"@context\":\"https:\\\/\\\/schema.org\",\"@graph\":[{\"@type\":\"Article\",\"@id\":\"https:\\\/\\\/staging.ctelift.com\\\/es\\\/cte-refuerza-su-presencia-en-espana\\\/#article\",\"isPartOf\":{\"@id\":\"https:\\\/\\\/staging.ctelift.com\\\/es\\\/cte-refuerza-su-presencia-en-espana\\\/\"},\"author\":{\"name\":\"cteuser\",\"@id\":\"https:\\\/\\\/staging.ctelift.com\\\/#\\\/schema\\\/person\\\/b83f56a5bd85503f355fa1544c350ab9\"},\"headline\":\"CTE refuerza su presencia en Espa\u00f1a\",\"datePublished\":\"2023-01-27T07:26:46+00:00\",\"dateModified\":\"2023-01-27T07:28:15+00:00\",\"mainEntityOfPage\":{\"@id\":\"https:\\\/\\\/staging.ctelift.com\\\/es\\\/cte-refuerza-su-presencia-en-espana\\\/\"},\"wordCount\":519,\"commentCount\":0,\"image\":{\"@id\":\"https:\\\/\\\/staging.ctelift.com\\\/es\\\/cte-refuerza-su-presencia-en-espana\\\/#primaryimage\"},\"thumbnailUrl\":\"https:\\\/\\\/staging.ctelift.com\\\/wp-content\\\/uploads\\\/2023\\\/01\\\/CTE-and-GSE-scaled.jpg\",\"articleSection\":[\"Noticias\"],\"inLanguage\":\"es\",\"potentialAction\":[{\"@type\":\"CommentAction\",\"name\":\"Comment\",\"target\":[\"https:\\\/\\\/staging.ctelift.com\\\/es\\\/cte-refuerza-su-presencia-en-espana\\\/#respond\"]}]},{\"@type\":\"WebPage\",\"@id\":\"https:\\\/\\\/staging.ctelift.com\\\/es\\\/cte-refuerza-su-presencia-en-espana\\\/\",\"url\":\"https:\\\/\\\/staging.ctelift.com\\\/es\\\/cte-refuerza-su-presencia-en-espana\\\/\",\"name\":\"CTE refuerza su presencia en Espa\u00f1a - CTE\",\"isPartOf\":{\"@id\":\"https:\\\/\\\/staging.ctelift.com\\\/#website\"},\"primaryImageOfPage\":{\"@id\":\"https:\\\/\\\/staging.ctelift.com\\\/es\\\/cte-refuerza-su-presencia-en-espana\\\/#primaryimage\"},\"image\":{\"@id\":\"https:\\\/\\\/staging.ctelift.com\\\/es\\\/cte-refuerza-su-presencia-en-espana\\\/#primaryimage\"},\"thumbnailUrl\":\"https:\\\/\\\/staging.ctelift.com\\\/wp-content\\\/uploads\\\/2023\\\/01\\\/CTE-and-GSE-scaled.jpg\",\"datePublished\":\"2023-01-27T07:26:46+00:00\",\"dateModified\":\"2023-01-27T07:28:15+00:00\",\"author\":{\"@id\":\"https:\\\/\\\/staging.ctelift.com\\\/#\\\/schema\\\/person\\\/b83f56a5bd85503f355fa1544c350ab9\"},\"breadcrumb\":{\"@id\":\"https:\\\/\\\/staging.ctelift.com\\\/es\\\/cte-refuerza-su-presencia-en-espana\\\/#breadcrumb\"},\"inLanguage\":\"es\",\"potentialAction\":[{\"@type\":\"ReadAction\",\"target\":[\"https:\\\/\\\/staging.ctelift.com\\\/es\\\/cte-refuerza-su-presencia-en-espana\\\/\"]}]},{\"@type\":\"ImageObject\",\"inLanguage\":\"es\",\"@id\":\"https:\\\/\\\/staging.ctelift.com\\\/es\\\/cte-refuerza-su-presencia-en-espana\\\/#primaryimage\",\"url\":\"https:\\\/\\\/staging.ctelift.com\\\/wp-content\\\/uploads\\\/2023\\\/01\\\/CTE-and-GSE-scaled.jpg\",\"contentUrl\":\"https:\\\/\\\/staging.ctelift.com\\\/wp-content\\\/uploads\\\/2023\\\/01\\\/CTE-and-GSE-scaled.jpg\",\"width\":2560,\"height\":1440},{\"@type\":\"BreadcrumbList\",\"@id\":\"https:\\\/\\\/staging.ctelift.com\\\/es\\\/cte-refuerza-su-presencia-en-espana\\\/#breadcrumb\",\"itemListElement\":[{\"@type\":\"ListItem\",\"position\":1,\"name\":\"Home\",\"item\":\"https:\\\/\\\/staging.ctelift.com\\\/es\\\/\"},{\"@type\":\"ListItem\",\"position\":2,\"name\":\"CTE refuerza su presencia en Espa\u00f1a\"}]},{\"@type\":\"WebSite\",\"@id\":\"https:\\\/\\\/staging.ctelift.com\\\/#website\",\"url\":\"https:\\\/\\\/staging.ctelift.com\\\/\",\"name\":\"CTE\",\"description\":\"work becomes easy\",\"potentialAction\":[{\"@type\":\"SearchAction\",\"target\":{\"@type\":\"EntryPoint\",\"urlTemplate\":\"https:\\\/\\\/staging.ctelift.com\\\/?s={search_term_string}\"},\"query-input\":{\"@type\":\"PropertyValueSpecification\",\"valueRequired\":true,\"valueName\":\"search_term_string\"}}],\"inLanguage\":\"es\"},{\"@type\":\"Person\",\"@id\":\"https:\\\/\\\/staging.ctelift.com\\\/#\\\/schema\\\/person\\\/b83f56a5bd85503f355fa1544c350ab9\",\"name\":\"cteuser\",\"url\":\"https:\\\/\\\/staging.ctelift.com\\\/es\\\/author\\\/cteuser\\\/\"}]}<\/script>\n<!-- \/ Yoast SEO plugin. -->","yoast_head_json":{"title":"CTE refuerza su presencia en Espa\u00f1a - CTE","robots":{"index":"noindex","follow":"follow","max-snippet":"max-snippet:-1","max-image-preview":"max-image-preview:large","max-video-preview":"max-video-preview:-1"},"og_locale":"es_ES","og_type":"article","og_title":"CTE refuerza su presencia en Espa\u00f1a - CTE","og_description":"Nuevos referentes para el \u00e1rea comercial y el servicio t\u00e9cnico y postventa &nbsp; CTE pone en marcha su nuevo plan estrat\u00e9gico para la pen\u00ednsula ib\u00e9rica con la implantaci\u00f3n de una nueva estructura tanto comercial como t\u00e9cnica para toda su gama de productos y servicios. Despu\u00e9s de varios a\u00f1os de trabajo, conocimiento y an\u00e1lisis del mercado [&hellip;]","og_url":"https:\/\/staging.ctelift.com\/es\/cte-refuerza-su-presencia-en-espana\/","og_site_name":"CTE","article_published_time":"2023-01-27T07:26:46+00:00","article_modified_time":"2023-01-27T07:28:15+00:00","og_image":[{"width":2560,"height":1440,"url":"https:\/\/staging.ctelift.com\/wp-content\/uploads\/2023\/01\/CTE-and-GSE-scaled.jpg","type":"image\/jpeg"}],"author":"cteuser","twitter_card":"summary_large_image","twitter_misc":{"Escrito por":"cteuser","Tiempo de lectura":"3 minutos"},"schema":{"@context":"https:\/\/schema.org","@graph":[{"@type":"Article","@id":"https:\/\/staging.ctelift.com\/es\/cte-refuerza-su-presencia-en-espana\/#article","isPartOf":{"@id":"https:\/\/staging.ctelift.com\/es\/cte-refuerza-su-presencia-en-espana\/"},"author":{"name":"cteuser","@id":"https:\/\/staging.ctelift.com\/#\/schema\/person\/b83f56a5bd85503f355fa1544c350ab9"},"headline":"CTE refuerza su presencia en Espa\u00f1a","datePublished":"2023-01-27T07:26:46+00:00","dateModified":"2023-01-27T07:28:15+00:00","mainEntityOfPage":{"@id":"https:\/\/staging.ctelift.com\/es\/cte-refuerza-su-presencia-en-espana\/"},"wordCount":519,"commentCount":0,"image":{"@id":"https:\/\/staging.ctelift.com\/es\/cte-refuerza-su-presencia-en-espana\/#primaryimage"},"thumbnailUrl":"https:\/\/staging.ctelift.com\/wp-content\/uploads\/2023\/01\/CTE-and-GSE-scaled.jpg","articleSection":["Noticias"],"inLanguage":"es","potentialAction":[{"@type":"CommentAction","name":"Comment","target":["https:\/\/staging.ctelift.com\/es\/cte-refuerza-su-presencia-en-espana\/#respond"]}]},{"@type":"WebPage","@id":"https:\/\/staging.ctelift.com\/es\/cte-refuerza-su-presencia-en-espana\/","url":"https:\/\/staging.ctelift.com\/es\/cte-refuerza-su-presencia-en-espana\/","name":"CTE refuerza su presencia en Espa\u00f1a - CTE","isPartOf":{"@id":"https:\/\/staging.ctelift.com\/#website"},"primaryImageOfPage":{"@id":"https:\/\/staging.ctelift.com\/es\/cte-refuerza-su-presencia-en-espana\/#primaryimage"},"image":{"@id":"https:\/\/staging.ctelift.com\/es\/cte-refuerza-su-presencia-en-espana\/#primaryimage"},"thumbnailUrl":"https:\/\/staging.ctelift.com\/wp-content\/uploads\/2023\/01\/CTE-and-GSE-scaled.jpg","datePublished":"2023-01-27T07:26:46+00:00","dateModified":"2023-01-27T07:28:15+00:00","author":{"@id":"https:\/\/staging.ctelift.com\/#\/schema\/person\/b83f56a5bd85503f355fa1544c350ab9"},"breadcrumb":{"@id":"https:\/\/staging.ctelift.com\/es\/cte-refuerza-su-presencia-en-espana\/#breadcrumb"},"inLanguage":"es","potentialAction":[{"@type":"ReadAction","target":["https:\/\/staging.ctelift.com\/es\/cte-refuerza-su-presencia-en-espana\/"]}]},{"@type":"ImageObject","inLanguage":"es","@id":"https:\/\/staging.ctelift.com\/es\/cte-refuerza-su-presencia-en-espana\/#primaryimage","url":"https:\/\/staging.ctelift.com\/wp-content\/uploads\/2023\/01\/CTE-and-GSE-scaled.jpg","contentUrl":"https:\/\/staging.ctelift.com\/wp-content\/uploads\/2023\/01\/CTE-and-GSE-scaled.jpg","width":2560,"height":1440},{"@type":"BreadcrumbList","@id":"https:\/\/staging.ctelift.com\/es\/cte-refuerza-su-presencia-en-espana\/#breadcrumb","itemListElement":[{"@type":"ListItem","position":1,"name":"Home","item":"https:\/\/staging.ctelift.com\/es\/"},{"@type":"ListItem","position":2,"name":"CTE refuerza su presencia en Espa\u00f1a"}]},{"@type":"WebSite","@id":"https:\/\/staging.ctelift.com\/#website","url":"https:\/\/staging.ctelift.com\/","name":"CTE","description":"work becomes easy","potentialAction":[{"@type":"SearchAction","target":{"@type":"EntryPoint","urlTemplate":"https:\/\/staging.ctelift.com\/?s={search_term_string}"},"query-input":{"@type":"PropertyValueSpecification","valueRequired":true,"valueName":"search_term_string"}}],"inLanguage":"es"},{"@type":"Person","@id":"https:\/\/staging.ctelift.com\/#\/schema\/person\/b83f56a5bd85503f355fa1544c350ab9","name":"cteuser","url":"https:\/\/staging.ctelift.com\/es\/author\/cteuser\/"}]}},"_links":{"self":[{"href":"https:\/\/staging.ctelift.com\/es\/wp-json\/wp\/v2\/posts\/46320","targetHints":{"allow":["GET"]}}],"collection":[{"href":"https:\/\/staging.ctelift.com\/es\/wp-json\/wp\/v2\/posts"}],"about":[{"href":"https:\/\/staging.ctelift.com\/es\/wp-json\/wp\/v2\/types\/post"}],"author":[{"embeddable":true,"href":"https:\/\/staging.ctelift.com\/es\/wp-json\/wp\/v2\/users\/2"}],"replies":[{"embeddable":true,"href":"https:\/\/staging.ctelift.com\/es\/wp-json\/wp\/v2\/comments?post=46320"}],"version-history":[{"count":4,"href":"https:\/\/staging.ctelift.com\/es\/wp-json\/wp\/v2\/posts\/46320\/revisions"}],"predecessor-version":[{"id":46339,"href":"https:\/\/staging.ctelift.com\/es\/wp-json\/wp\/v2\/posts\/46320\/revisions\/46339"}],"wp:featuredmedia":[{"embeddable":true,"href":"https:\/\/staging.ctelift.com\/es\/wp-json\/wp\/v2\/media\/46316"}],"wp:attachment":[{"href":"https:\/\/staging.ctelift.com\/es\/wp-json\/wp\/v2\/media?parent=46320"}],"wp:term":[{"taxonomy":"category","embeddable":true,"href":"https:\/\/staging.ctelift.com\/es\/wp-json\/wp\/v2\/categories?post=46320"},{"taxonomy":"post_tag","embeddable":true,"href":"https:\/\/staging.ctelift.com\/es\/wp-json\/wp\/v2\/tags?post=46320"}],"curies":[{"name":"wp","href":"https:\/\/api.w.org\/{rel}","templated":true}]}}