{"id":49557,"date":"2024-06-05T10:01:01","date_gmt":"2024-06-05T08:01:01","guid":{"rendered":"https:\/\/www.ctelift.com\/2024\/06\/05\/il-nostro-magazzino-ricambi-si-amplia-e-si-trasferisce\/"},"modified":"2024-06-05T10:07:22","modified_gmt":"2024-06-05T08:07:22","slug":"il-nostro-magazzino-ricambi-si-amplia-e-si-trasferisce","status":"publish","type":"post","link":"https:\/\/staging.ctelift.com\/es\/il-nostro-magazzino-ricambi-si-amplia-e-si-trasferisce\/","title":{"rendered":"Il nostro magazzino ricambi si amplia e si trasferisce!"},"content":{"rendered":"<p><strong>Ottimizzazione e velocit\u00e0 di gestione per essere sempre pi\u00f9 efficienti.<\/strong><\/p>\n<p>&nbsp;<\/p>\n<p>Con l\u2019obiettivo di aumentare la superficie a disposizione e rendere le operazioni di gestione e spedizione ancora pi\u00f9 efficienti grazie ad una nuova organizzazione aziendale, il magazzino ricambi di CTE si trasferisce da Rovereto (TN) alla sede di Affi (VR) in via E.Fermi, 2.<\/p>\n<p>Il trasferimento \u00e8 stato pianificato nei giorni compresi <u>da luned\u00ec 24 giugno a venerd\u00ec 5 luglio<\/u>.<\/p>\n<p>In questo arco di tempo le spedizioni dei ricambi non saranno garantite, in attesa di ripartire presso la nuova sede ancora pi\u00f9 efficienti.<\/p>\n<p>Suggeriamo quindi di pianificare le vostre richieste di ricambi tenendo in considerazione le due settimane di trasferimento.<\/p>\n<p>Vi ringraziamo per la vostra comprensione e disponibilit\u00e0.<\/p>\n<p>Per maggiori informazioni, il nostro reparto ricambi \u00e8 disponibile al numero 0464 711200 oppure via mail <a href=\"mailto:ricambi@ctelift.com\">ricambi@ctelift.com<\/a><\/p>\n","protected":false},"excerpt":{"rendered":"<p>Ottimizzazione e velocit\u00e0 di gestione per essere sempre pi\u00f9 efficienti. &nbsp; Con l\u2019obiettivo di aumentare la superficie a disposizione e rendere le operazioni di gestione e spedizione ancora pi\u00f9 efficienti grazie ad una nuova organizzazione aziendale, il magazzino ricambi di CTE si trasferisce da Rovereto (TN) alla sede di Affi (VR) in via E.Fermi, 2. [&hellip;]<\/p>\n","protected":false},"author":2,"featured_media":49547,"comment_status":"closed","ping_status":"open","sticky":false,"template":"","format":"standard","meta":{"_acf_changed":false,"_et_pb_use_builder":"","_et_pb_old_content":"","_et_gb_content_width":"","footnotes":""},"categories":[5],"tags":[],"class_list":["post-49557","post","type-post","status-publish","format-standard","has-post-thumbnail","hentry","category-noticias-es"],"acf":[],"yoast_head":"<!-- This site is optimized with the Yoast SEO plugin v28.1 - https:\/\/yoast.com\/product\/yoast-seo-wordpress\/ -->\n<title>Il nostro magazzino ricambi si amplia e si trasferisce! - CTE<\/title>\n<meta name=\"robots\" content=\"noindex, follow, max-snippet:-1, max-image-preview:large, max-video-preview:-1\" \/>\n<meta property=\"og:locale\" content=\"es_ES\" \/>\n<meta property=\"og:type\" content=\"article\" \/>\n<meta property=\"og:title\" content=\"Il nostro magazzino ricambi si amplia e si trasferisce! - CTE\" \/>\n<meta property=\"og:description\" content=\"Ottimizzazione e velocit\u00e0 di gestione per essere sempre pi\u00f9 efficienti. &nbsp; Con l\u2019obiettivo di aumentare la superficie a disposizione e rendere le operazioni di gestione e spedizione ancora pi\u00f9 efficienti grazie ad una nuova organizzazione aziendale, il magazzino ricambi di CTE si trasferisce da Rovereto (TN) alla sede di Affi (VR) in via E.Fermi, 2. [&hellip;]\" \/>\n<meta property=\"og:url\" content=\"https:\/\/staging.ctelift.com\/es\/il-nostro-magazzino-ricambi-si-amplia-e-si-trasferisce\/\" \/>\n<meta property=\"og:site_name\" content=\"CTE\" \/>\n<meta property=\"article:published_time\" content=\"2024-06-05T08:01:01+00:00\" \/>\n<meta property=\"article:modified_time\" content=\"2024-06-05T08:07:22+00:00\" \/>\n<meta property=\"og:image\" content=\"https:\/\/staging.ctelift.com\/wp-content\/uploads\/2024\/06\/magazzino-ricambi.jpg\" \/>\n\t<meta property=\"og:image:width\" content=\"800\" \/>\n\t<meta property=\"og:image:height\" content=\"800\" \/>\n\t<meta property=\"og:image:type\" content=\"image\/jpeg\" \/>\n<meta name=\"author\" content=\"cteuser\" \/>\n<meta name=\"twitter:card\" content=\"summary_large_image\" \/>\n<meta name=\"twitter:label1\" content=\"Escrito por\" \/>\n\t<meta name=\"twitter:data1\" content=\"cteuser\" \/>\n\t<meta name=\"twitter:label2\" content=\"Tiempo de lectura\" \/>\n\t<meta name=\"twitter:data2\" content=\"1 minuto\" \/>\n<script type=\"application\/ld+json\" class=\"yoast-schema-graph\">{\"@context\":\"https:\\\/\\\/schema.org\",\"@graph\":[{\"@type\":\"Article\",\"@id\":\"https:\\\/\\\/staging.ctelift.com\\\/es\\\/il-nostro-magazzino-ricambi-si-amplia-e-si-trasferisce\\\/#article\",\"isPartOf\":{\"@id\":\"https:\\\/\\\/staging.ctelift.com\\\/es\\\/il-nostro-magazzino-ricambi-si-amplia-e-si-trasferisce\\\/\"},\"author\":{\"name\":\"cteuser\",\"@id\":\"https:\\\/\\\/staging.ctelift.com\\\/#\\\/schema\\\/person\\\/b83f56a5bd85503f355fa1544c350ab9\"},\"headline\":\"Il nostro magazzino ricambi si amplia e si trasferisce!\",\"datePublished\":\"2024-06-05T08:01:01+00:00\",\"dateModified\":\"2024-06-05T08:07:22+00:00\",\"mainEntityOfPage\":{\"@id\":\"https:\\\/\\\/staging.ctelift.com\\\/es\\\/il-nostro-magazzino-ricambi-si-amplia-e-si-trasferisce\\\/\"},\"wordCount\":142,\"image\":{\"@id\":\"https:\\\/\\\/staging.ctelift.com\\\/es\\\/il-nostro-magazzino-ricambi-si-amplia-e-si-trasferisce\\\/#primaryimage\"},\"thumbnailUrl\":\"https:\\\/\\\/staging.ctelift.com\\\/wp-content\\\/uploads\\\/2024\\\/06\\\/magazzino-ricambi.jpg\",\"articleSection\":[\"Noticias\"],\"inLanguage\":\"es\"},{\"@type\":\"WebPage\",\"@id\":\"https:\\\/\\\/staging.ctelift.com\\\/es\\\/il-nostro-magazzino-ricambi-si-amplia-e-si-trasferisce\\\/\",\"url\":\"https:\\\/\\\/staging.ctelift.com\\\/es\\\/il-nostro-magazzino-ricambi-si-amplia-e-si-trasferisce\\\/\",\"name\":\"Il nostro magazzino ricambi si amplia e si trasferisce! - CTE\",\"isPartOf\":{\"@id\":\"https:\\\/\\\/staging.ctelift.com\\\/#website\"},\"primaryImageOfPage\":{\"@id\":\"https:\\\/\\\/staging.ctelift.com\\\/es\\\/il-nostro-magazzino-ricambi-si-amplia-e-si-trasferisce\\\/#primaryimage\"},\"image\":{\"@id\":\"https:\\\/\\\/staging.ctelift.com\\\/es\\\/il-nostro-magazzino-ricambi-si-amplia-e-si-trasferisce\\\/#primaryimage\"},\"thumbnailUrl\":\"https:\\\/\\\/staging.ctelift.com\\\/wp-content\\\/uploads\\\/2024\\\/06\\\/magazzino-ricambi.jpg\",\"datePublished\":\"2024-06-05T08:01:01+00:00\",\"dateModified\":\"2024-06-05T08:07:22+00:00\",\"author\":{\"@id\":\"https:\\\/\\\/staging.ctelift.com\\\/#\\\/schema\\\/person\\\/b83f56a5bd85503f355fa1544c350ab9\"},\"breadcrumb\":{\"@id\":\"https:\\\/\\\/staging.ctelift.com\\\/es\\\/il-nostro-magazzino-ricambi-si-amplia-e-si-trasferisce\\\/#breadcrumb\"},\"inLanguage\":\"es\",\"potentialAction\":[{\"@type\":\"ReadAction\",\"target\":[\"https:\\\/\\\/staging.ctelift.com\\\/es\\\/il-nostro-magazzino-ricambi-si-amplia-e-si-trasferisce\\\/\"]}]},{\"@type\":\"ImageObject\",\"inLanguage\":\"es\",\"@id\":\"https:\\\/\\\/staging.ctelift.com\\\/es\\\/il-nostro-magazzino-ricambi-si-amplia-e-si-trasferisce\\\/#primaryimage\",\"url\":\"https:\\\/\\\/staging.ctelift.com\\\/wp-content\\\/uploads\\\/2024\\\/06\\\/magazzino-ricambi.jpg\",\"contentUrl\":\"https:\\\/\\\/staging.ctelift.com\\\/wp-content\\\/uploads\\\/2024\\\/06\\\/magazzino-ricambi.jpg\",\"width\":800,\"height\":800},{\"@type\":\"BreadcrumbList\",\"@id\":\"https:\\\/\\\/staging.ctelift.com\\\/es\\\/il-nostro-magazzino-ricambi-si-amplia-e-si-trasferisce\\\/#breadcrumb\",\"itemListElement\":[{\"@type\":\"ListItem\",\"position\":1,\"name\":\"Home\",\"item\":\"https:\\\/\\\/staging.ctelift.com\\\/es\\\/\"},{\"@type\":\"ListItem\",\"position\":2,\"name\":\"Il nostro magazzino ricambi si amplia e si trasferisce!\"}]},{\"@type\":\"WebSite\",\"@id\":\"https:\\\/\\\/staging.ctelift.com\\\/#website\",\"url\":\"https:\\\/\\\/staging.ctelift.com\\\/\",\"name\":\"CTE\",\"description\":\"work becomes easy\",\"potentialAction\":[{\"@type\":\"SearchAction\",\"target\":{\"@type\":\"EntryPoint\",\"urlTemplate\":\"https:\\\/\\\/staging.ctelift.com\\\/?s={search_term_string}\"},\"query-input\":{\"@type\":\"PropertyValueSpecification\",\"valueRequired\":true,\"valueName\":\"search_term_string\"}}],\"inLanguage\":\"es\"},{\"@type\":\"Person\",\"@id\":\"https:\\\/\\\/staging.ctelift.com\\\/#\\\/schema\\\/person\\\/b83f56a5bd85503f355fa1544c350ab9\",\"name\":\"cteuser\",\"url\":\"https:\\\/\\\/staging.ctelift.com\\\/es\\\/author\\\/cteuser\\\/\"}]}<\/script>\n<!-- \/ Yoast SEO plugin. -->","yoast_head_json":{"title":"Il nostro magazzino ricambi si amplia e si trasferisce! - CTE","robots":{"index":"noindex","follow":"follow","max-snippet":"max-snippet:-1","max-image-preview":"max-image-preview:large","max-video-preview":"max-video-preview:-1"},"og_locale":"es_ES","og_type":"article","og_title":"Il nostro magazzino ricambi si amplia e si trasferisce! - CTE","og_description":"Ottimizzazione e velocit\u00e0 di gestione per essere sempre pi\u00f9 efficienti. &nbsp; Con l\u2019obiettivo di aumentare la superficie a disposizione e rendere le operazioni di gestione e spedizione ancora pi\u00f9 efficienti grazie ad una nuova organizzazione aziendale, il magazzino ricambi di CTE si trasferisce da Rovereto (TN) alla sede di Affi (VR) in via E.Fermi, 2. [&hellip;]","og_url":"https:\/\/staging.ctelift.com\/es\/il-nostro-magazzino-ricambi-si-amplia-e-si-trasferisce\/","og_site_name":"CTE","article_published_time":"2024-06-05T08:01:01+00:00","article_modified_time":"2024-06-05T08:07:22+00:00","og_image":[{"width":800,"height":800,"url":"https:\/\/staging.ctelift.com\/wp-content\/uploads\/2024\/06\/magazzino-ricambi.jpg","type":"image\/jpeg"}],"author":"cteuser","twitter_card":"summary_large_image","twitter_misc":{"Escrito por":"cteuser","Tiempo de lectura":"1 minuto"},"schema":{"@context":"https:\/\/schema.org","@graph":[{"@type":"Article","@id":"https:\/\/staging.ctelift.com\/es\/il-nostro-magazzino-ricambi-si-amplia-e-si-trasferisce\/#article","isPartOf":{"@id":"https:\/\/staging.ctelift.com\/es\/il-nostro-magazzino-ricambi-si-amplia-e-si-trasferisce\/"},"author":{"name":"cteuser","@id":"https:\/\/staging.ctelift.com\/#\/schema\/person\/b83f56a5bd85503f355fa1544c350ab9"},"headline":"Il nostro magazzino ricambi si amplia e si trasferisce!","datePublished":"2024-06-05T08:01:01+00:00","dateModified":"2024-06-05T08:07:22+00:00","mainEntityOfPage":{"@id":"https:\/\/staging.ctelift.com\/es\/il-nostro-magazzino-ricambi-si-amplia-e-si-trasferisce\/"},"wordCount":142,"image":{"@id":"https:\/\/staging.ctelift.com\/es\/il-nostro-magazzino-ricambi-si-amplia-e-si-trasferisce\/#primaryimage"},"thumbnailUrl":"https:\/\/staging.ctelift.com\/wp-content\/uploads\/2024\/06\/magazzino-ricambi.jpg","articleSection":["Noticias"],"inLanguage":"es"},{"@type":"WebPage","@id":"https:\/\/staging.ctelift.com\/es\/il-nostro-magazzino-ricambi-si-amplia-e-si-trasferisce\/","url":"https:\/\/staging.ctelift.com\/es\/il-nostro-magazzino-ricambi-si-amplia-e-si-trasferisce\/","name":"Il nostro magazzino ricambi si amplia e si trasferisce! - CTE","isPartOf":{"@id":"https:\/\/staging.ctelift.com\/#website"},"primaryImageOfPage":{"@id":"https:\/\/staging.ctelift.com\/es\/il-nostro-magazzino-ricambi-si-amplia-e-si-trasferisce\/#primaryimage"},"image":{"@id":"https:\/\/staging.ctelift.com\/es\/il-nostro-magazzino-ricambi-si-amplia-e-si-trasferisce\/#primaryimage"},"thumbnailUrl":"https:\/\/staging.ctelift.com\/wp-content\/uploads\/2024\/06\/magazzino-ricambi.jpg","datePublished":"2024-06-05T08:01:01+00:00","dateModified":"2024-06-05T08:07:22+00:00","author":{"@id":"https:\/\/staging.ctelift.com\/#\/schema\/person\/b83f56a5bd85503f355fa1544c350ab9"},"breadcrumb":{"@id":"https:\/\/staging.ctelift.com\/es\/il-nostro-magazzino-ricambi-si-amplia-e-si-trasferisce\/#breadcrumb"},"inLanguage":"es","potentialAction":[{"@type":"ReadAction","target":["https:\/\/staging.ctelift.com\/es\/il-nostro-magazzino-ricambi-si-amplia-e-si-trasferisce\/"]}]},{"@type":"ImageObject","inLanguage":"es","@id":"https:\/\/staging.ctelift.com\/es\/il-nostro-magazzino-ricambi-si-amplia-e-si-trasferisce\/#primaryimage","url":"https:\/\/staging.ctelift.com\/wp-content\/uploads\/2024\/06\/magazzino-ricambi.jpg","contentUrl":"https:\/\/staging.ctelift.com\/wp-content\/uploads\/2024\/06\/magazzino-ricambi.jpg","width":800,"height":800},{"@type":"BreadcrumbList","@id":"https:\/\/staging.ctelift.com\/es\/il-nostro-magazzino-ricambi-si-amplia-e-si-trasferisce\/#breadcrumb","itemListElement":[{"@type":"ListItem","position":1,"name":"Home","item":"https:\/\/staging.ctelift.com\/es\/"},{"@type":"ListItem","position":2,"name":"Il nostro magazzino ricambi si amplia e si trasferisce!"}]},{"@type":"WebSite","@id":"https:\/\/staging.ctelift.com\/#website","url":"https:\/\/staging.ctelift.com\/","name":"CTE","description":"work becomes easy","potentialAction":[{"@type":"SearchAction","target":{"@type":"EntryPoint","urlTemplate":"https:\/\/staging.ctelift.com\/?s={search_term_string}"},"query-input":{"@type":"PropertyValueSpecification","valueRequired":true,"valueName":"search_term_string"}}],"inLanguage":"es"},{"@type":"Person","@id":"https:\/\/staging.ctelift.com\/#\/schema\/person\/b83f56a5bd85503f355fa1544c350ab9","name":"cteuser","url":"https:\/\/staging.ctelift.com\/es\/author\/cteuser\/"}]}},"_links":{"self":[{"href":"https:\/\/staging.ctelift.com\/es\/wp-json\/wp\/v2\/posts\/49557","targetHints":{"allow":["GET"]}}],"collection":[{"href":"https:\/\/staging.ctelift.com\/es\/wp-json\/wp\/v2\/posts"}],"about":[{"href":"https:\/\/staging.ctelift.com\/es\/wp-json\/wp\/v2\/types\/post"}],"author":[{"embeddable":true,"href":"https:\/\/staging.ctelift.com\/es\/wp-json\/wp\/v2\/users\/2"}],"replies":[{"embeddable":true,"href":"https:\/\/staging.ctelift.com\/es\/wp-json\/wp\/v2\/comments?post=49557"}],"version-history":[{"count":1,"href":"https:\/\/staging.ctelift.com\/es\/wp-json\/wp\/v2\/posts\/49557\/revisions"}],"predecessor-version":[{"id":49558,"href":"https:\/\/staging.ctelift.com\/es\/wp-json\/wp\/v2\/posts\/49557\/revisions\/49558"}],"wp:featuredmedia":[{"embeddable":true,"href":"https:\/\/staging.ctelift.com\/es\/wp-json\/wp\/v2\/media\/49547"}],"wp:attachment":[{"href":"https:\/\/staging.ctelift.com\/es\/wp-json\/wp\/v2\/media?parent=49557"}],"wp:term":[{"taxonomy":"category","embeddable":true,"href":"https:\/\/staging.ctelift.com\/es\/wp-json\/wp\/v2\/categories?post=49557"},{"taxonomy":"post_tag","embeddable":true,"href":"https:\/\/staging.ctelift.com\/es\/wp-json\/wp\/v2\/tags?post=49557"}],"curies":[{"name":"wp","href":"https:\/\/api.w.org\/{rel}","templated":true}]}}