{"id":31973,"date":"2018-05-23T14:54:13","date_gmt":"2018-05-23T12:54:13","guid":{"rendered":"https:\/\/www.ctelift.com\/fr\/2018\/05\/23\/cte-ai-vertikaldays-2018\/"},"modified":"2018-05-23T15:02:03","modified_gmt":"2018-05-23T13:02:03","slug":"cte-ai-vertikaldays-2018","status":"publish","type":"post","link":"https:\/\/staging.ctelift.com\/fr\/cte-ai-vertikaldays-2018\/","title":{"rendered":"CTE at Vertikal Days 2018"},"content":{"rendered":"<p><strong>A Special Preview of Several New Products from the CTE ZED and CTE B-LIFT Range<\/strong><\/p>\n<p>On May 16<sup>th<\/sup> and 17<sup>th<\/sup>,\u00a0<strong>CTE <\/strong>participated at <strong>Vertikal Days <\/strong>in Donington Park (Leicestershire -UK).<\/p>\n<p>Vertikal Days was a very important occasion for CTE and gave an ideal opportunity to show the preview of some new CTE truck-mounted models to the UK and European markets.<\/p>\n<p>On display, as world premiere, was the brand new <strong>CTE B-LIFT 20J<\/strong> on Nissan Cabstar, truck mounted telescopic platform with jib that reaches 19,8 m of working height, 14,7 m of max outreach and 300 kg of max capacity, with <strong>S3 Smart Stability System<\/strong>.<\/p>\n<p>Other new products, but with articulated boom, that were on display were the <strong>CTE ZED 20.3 A+H\u00a0<\/strong>mounted on Mercedes Sprinter, that reaches 20m of working height, 8,8 m of outreach &amp;230 kg of capacity. The new stabilization configuration consists of front A frame stabilizers &#8211; to give more stability (due to long cab) &#8211; and rear H stabilizers at rear- to save space on site. A new <strong>CTE ZED 23.3 JHV<\/strong> mounted on Iveco Daily, that reaches 23 m of working height, 10 m of outreach and 250 kg of capacity, equipped with the innovative <strong>S3 Smart Stability System.<\/strong><\/p>\n<p>Also on the CTE Stand, number 108,\u00a0 the new <strong>CTE ZED 21.3 JH <\/strong>mounted on the Nissan Cabstar (purchased by TAH Access Platforms UK and already with the customer\u2019s livery, looking very smart), and the versatile <strong>CTE ZED 15.2 on pick-up<\/strong>(Isuzu),interesting for off-road sites thanks to its maneuverability and high performances.<\/p>\n<p>During the exhibition, there were many visitors at the CTE UK stand.\u00a0<strong>Graeme Hill\u00a0<\/strong>from CTE UK says: \u201cCTE had a good and fruitful 2 days at the Show, with many of our regular customers coming to see us and view the new products, all with great interest. We also welcomed many new customers who wanted to know more about CTE and the products and service support we can offer. A busy couple of days with very positive interest in the new machine types we showed\u201d.<\/p>\n","protected":false},"excerpt":{"rendered":"<p>A Special Preview of Several New Products from the CTE ZED and CTE B-LIFT Range On May 16th and 17th,\u00a0CTE participated at Vertikal Days in Donington Park (Leicestershire -UK). Vertikal Days was a very important occasion for CTE and gave an ideal opportunity to show the preview of some new CTE truck-mounted models to the [&hellip;]<\/p>\n","protected":false},"author":2,"featured_media":31964,"comment_status":"open","ping_status":"open","sticky":false,"template":"","format":"standard","meta":{"_acf_changed":false,"_et_pb_use_builder":"","_et_pb_old_content":"","_et_gb_content_width":"","footnotes":""},"categories":[277],"tags":[],"class_list":["post-31973","post","type-post","status-publish","format-standard","has-post-thumbnail","hentry","category-news-fr"],"acf":[],"yoast_head":"<!-- This site is optimized with the Yoast SEO plugin v28.1 - https:\/\/yoast.com\/product\/yoast-seo-wordpress\/ -->\n<title>CTE at Vertikal Days 2018 - CTE<\/title>\n<meta name=\"robots\" content=\"noindex, follow, max-snippet:-1, max-image-preview:large, max-video-preview:-1\" \/>\n<meta property=\"og:locale\" content=\"fr_FR\" \/>\n<meta property=\"og:type\" content=\"article\" \/>\n<meta property=\"og:title\" content=\"CTE at Vertikal Days 2018 - CTE\" \/>\n<meta property=\"og:description\" content=\"A Special Preview of Several New Products from the CTE ZED and CTE B-LIFT Range On May 16th and 17th,\u00a0CTE participated at Vertikal Days in Donington Park (Leicestershire -UK). Vertikal Days was a very important occasion for CTE and gave an ideal opportunity to show the preview of some new CTE truck-mounted models to the [&hellip;]\" \/>\n<meta property=\"og:url\" content=\"https:\/\/staging.ctelift.com\/fr\/cte-ai-vertikaldays-2018\/\" \/>\n<meta property=\"og:site_name\" content=\"CTE\" \/>\n<meta property=\"article:published_time\" content=\"2018-05-23T12:54:13+00:00\" \/>\n<meta property=\"article:modified_time\" content=\"2018-05-23T13:02:03+00:00\" \/>\n<meta property=\"og:image\" content=\"https:\/\/staging.ctelift.com\/wp-content\/uploads\/2018\/05\/IMG_0689-scaled.jpg\" \/>\n\t<meta property=\"og:image:width\" content=\"2560\" \/>\n\t<meta property=\"og:image:height\" content=\"1920\" \/>\n\t<meta property=\"og:image:type\" content=\"image\/jpeg\" \/>\n<meta name=\"author\" content=\"cteuser\" \/>\n<meta name=\"twitter:card\" content=\"summary_large_image\" \/>\n<meta name=\"twitter:label1\" content=\"\u00c9crit par\" \/>\n\t<meta name=\"twitter:data1\" content=\"cteuser\" \/>\n\t<meta name=\"twitter:label2\" content=\"Dur\u00e9e de lecture estim\u00e9e\" \/>\n\t<meta name=\"twitter:data2\" content=\"2 minutes\" \/>\n<script type=\"application\/ld+json\" class=\"yoast-schema-graph\">{\"@context\":\"https:\\\/\\\/schema.org\",\"@graph\":[{\"@type\":\"Article\",\"@id\":\"https:\\\/\\\/staging.ctelift.com\\\/fr\\\/cte-ai-vertikaldays-2018\\\/#article\",\"isPartOf\":{\"@id\":\"https:\\\/\\\/staging.ctelift.com\\\/fr\\\/cte-ai-vertikaldays-2018\\\/\"},\"author\":{\"name\":\"cteuser\",\"@id\":\"https:\\\/\\\/staging.ctelift.com\\\/#\\\/schema\\\/person\\\/b83f56a5bd85503f355fa1544c350ab9\"},\"headline\":\"CTE at Vertikal Days 2018\",\"datePublished\":\"2018-05-23T12:54:13+00:00\",\"dateModified\":\"2018-05-23T13:02:03+00:00\",\"mainEntityOfPage\":{\"@id\":\"https:\\\/\\\/staging.ctelift.com\\\/fr\\\/cte-ai-vertikaldays-2018\\\/\"},\"wordCount\":336,\"commentCount\":0,\"image\":{\"@id\":\"https:\\\/\\\/staging.ctelift.com\\\/fr\\\/cte-ai-vertikaldays-2018\\\/#primaryimage\"},\"thumbnailUrl\":\"https:\\\/\\\/staging.ctelift.com\\\/wp-content\\\/uploads\\\/2018\\\/05\\\/IMG_0689-scaled.jpg\",\"articleSection\":[\"News\"],\"inLanguage\":\"fr-FR\",\"potentialAction\":[{\"@type\":\"CommentAction\",\"name\":\"Comment\",\"target\":[\"https:\\\/\\\/staging.ctelift.com\\\/fr\\\/cte-ai-vertikaldays-2018\\\/#respond\"]}]},{\"@type\":\"WebPage\",\"@id\":\"https:\\\/\\\/staging.ctelift.com\\\/fr\\\/cte-ai-vertikaldays-2018\\\/\",\"url\":\"https:\\\/\\\/staging.ctelift.com\\\/fr\\\/cte-ai-vertikaldays-2018\\\/\",\"name\":\"CTE at Vertikal Days 2018 - CTE\",\"isPartOf\":{\"@id\":\"https:\\\/\\\/staging.ctelift.com\\\/#website\"},\"primaryImageOfPage\":{\"@id\":\"https:\\\/\\\/staging.ctelift.com\\\/fr\\\/cte-ai-vertikaldays-2018\\\/#primaryimage\"},\"image\":{\"@id\":\"https:\\\/\\\/staging.ctelift.com\\\/fr\\\/cte-ai-vertikaldays-2018\\\/#primaryimage\"},\"thumbnailUrl\":\"https:\\\/\\\/staging.ctelift.com\\\/wp-content\\\/uploads\\\/2018\\\/05\\\/IMG_0689-scaled.jpg\",\"datePublished\":\"2018-05-23T12:54:13+00:00\",\"dateModified\":\"2018-05-23T13:02:03+00:00\",\"author\":{\"@id\":\"https:\\\/\\\/staging.ctelift.com\\\/#\\\/schema\\\/person\\\/b83f56a5bd85503f355fa1544c350ab9\"},\"breadcrumb\":{\"@id\":\"https:\\\/\\\/staging.ctelift.com\\\/fr\\\/cte-ai-vertikaldays-2018\\\/#breadcrumb\"},\"inLanguage\":\"fr-FR\",\"potentialAction\":[{\"@type\":\"ReadAction\",\"target\":[\"https:\\\/\\\/staging.ctelift.com\\\/fr\\\/cte-ai-vertikaldays-2018\\\/\"]}]},{\"@type\":\"ImageObject\",\"inLanguage\":\"fr-FR\",\"@id\":\"https:\\\/\\\/staging.ctelift.com\\\/fr\\\/cte-ai-vertikaldays-2018\\\/#primaryimage\",\"url\":\"https:\\\/\\\/staging.ctelift.com\\\/wp-content\\\/uploads\\\/2018\\\/05\\\/IMG_0689-scaled.jpg\",\"contentUrl\":\"https:\\\/\\\/staging.ctelift.com\\\/wp-content\\\/uploads\\\/2018\\\/05\\\/IMG_0689-scaled.jpg\",\"width\":2560,\"height\":1920},{\"@type\":\"BreadcrumbList\",\"@id\":\"https:\\\/\\\/staging.ctelift.com\\\/fr\\\/cte-ai-vertikaldays-2018\\\/#breadcrumb\",\"itemListElement\":[{\"@type\":\"ListItem\",\"position\":1,\"name\":\"Home\",\"item\":\"https:\\\/\\\/staging.ctelift.com\\\/fr\\\/\"},{\"@type\":\"ListItem\",\"position\":2,\"name\":\"CTE at Vertikal Days 2018\"}]},{\"@type\":\"WebSite\",\"@id\":\"https:\\\/\\\/staging.ctelift.com\\\/#website\",\"url\":\"https:\\\/\\\/staging.ctelift.com\\\/\",\"name\":\"CTE\",\"description\":\"work becomes easy\",\"potentialAction\":[{\"@type\":\"SearchAction\",\"target\":{\"@type\":\"EntryPoint\",\"urlTemplate\":\"https:\\\/\\\/staging.ctelift.com\\\/?s={search_term_string}\"},\"query-input\":{\"@type\":\"PropertyValueSpecification\",\"valueRequired\":true,\"valueName\":\"search_term_string\"}}],\"inLanguage\":\"fr-FR\"},{\"@type\":\"Person\",\"@id\":\"https:\\\/\\\/staging.ctelift.com\\\/#\\\/schema\\\/person\\\/b83f56a5bd85503f355fa1544c350ab9\",\"name\":\"cteuser\",\"url\":\"https:\\\/\\\/staging.ctelift.com\\\/fr\\\/author\\\/cteuser\\\/\"}]}<\/script>\n<!-- \/ Yoast SEO plugin. -->","yoast_head_json":{"title":"CTE at Vertikal Days 2018 - CTE","robots":{"index":"noindex","follow":"follow","max-snippet":"max-snippet:-1","max-image-preview":"max-image-preview:large","max-video-preview":"max-video-preview:-1"},"og_locale":"fr_FR","og_type":"article","og_title":"CTE at Vertikal Days 2018 - CTE","og_description":"A Special Preview of Several New Products from the CTE ZED and CTE B-LIFT Range On May 16th and 17th,\u00a0CTE participated at Vertikal Days in Donington Park (Leicestershire -UK). Vertikal Days was a very important occasion for CTE and gave an ideal opportunity to show the preview of some new CTE truck-mounted models to the [&hellip;]","og_url":"https:\/\/staging.ctelift.com\/fr\/cte-ai-vertikaldays-2018\/","og_site_name":"CTE","article_published_time":"2018-05-23T12:54:13+00:00","article_modified_time":"2018-05-23T13:02:03+00:00","og_image":[{"width":2560,"height":1920,"url":"https:\/\/staging.ctelift.com\/wp-content\/uploads\/2018\/05\/IMG_0689-scaled.jpg","type":"image\/jpeg"}],"author":"cteuser","twitter_card":"summary_large_image","twitter_misc":{"\u00c9crit par":"cteuser","Dur\u00e9e de lecture estim\u00e9e":"2 minutes"},"schema":{"@context":"https:\/\/schema.org","@graph":[{"@type":"Article","@id":"https:\/\/staging.ctelift.com\/fr\/cte-ai-vertikaldays-2018\/#article","isPartOf":{"@id":"https:\/\/staging.ctelift.com\/fr\/cte-ai-vertikaldays-2018\/"},"author":{"name":"cteuser","@id":"https:\/\/staging.ctelift.com\/#\/schema\/person\/b83f56a5bd85503f355fa1544c350ab9"},"headline":"CTE at Vertikal Days 2018","datePublished":"2018-05-23T12:54:13+00:00","dateModified":"2018-05-23T13:02:03+00:00","mainEntityOfPage":{"@id":"https:\/\/staging.ctelift.com\/fr\/cte-ai-vertikaldays-2018\/"},"wordCount":336,"commentCount":0,"image":{"@id":"https:\/\/staging.ctelift.com\/fr\/cte-ai-vertikaldays-2018\/#primaryimage"},"thumbnailUrl":"https:\/\/staging.ctelift.com\/wp-content\/uploads\/2018\/05\/IMG_0689-scaled.jpg","articleSection":["News"],"inLanguage":"fr-FR","potentialAction":[{"@type":"CommentAction","name":"Comment","target":["https:\/\/staging.ctelift.com\/fr\/cte-ai-vertikaldays-2018\/#respond"]}]},{"@type":"WebPage","@id":"https:\/\/staging.ctelift.com\/fr\/cte-ai-vertikaldays-2018\/","url":"https:\/\/staging.ctelift.com\/fr\/cte-ai-vertikaldays-2018\/","name":"CTE at Vertikal Days 2018 - CTE","isPartOf":{"@id":"https:\/\/staging.ctelift.com\/#website"},"primaryImageOfPage":{"@id":"https:\/\/staging.ctelift.com\/fr\/cte-ai-vertikaldays-2018\/#primaryimage"},"image":{"@id":"https:\/\/staging.ctelift.com\/fr\/cte-ai-vertikaldays-2018\/#primaryimage"},"thumbnailUrl":"https:\/\/staging.ctelift.com\/wp-content\/uploads\/2018\/05\/IMG_0689-scaled.jpg","datePublished":"2018-05-23T12:54:13+00:00","dateModified":"2018-05-23T13:02:03+00:00","author":{"@id":"https:\/\/staging.ctelift.com\/#\/schema\/person\/b83f56a5bd85503f355fa1544c350ab9"},"breadcrumb":{"@id":"https:\/\/staging.ctelift.com\/fr\/cte-ai-vertikaldays-2018\/#breadcrumb"},"inLanguage":"fr-FR","potentialAction":[{"@type":"ReadAction","target":["https:\/\/staging.ctelift.com\/fr\/cte-ai-vertikaldays-2018\/"]}]},{"@type":"ImageObject","inLanguage":"fr-FR","@id":"https:\/\/staging.ctelift.com\/fr\/cte-ai-vertikaldays-2018\/#primaryimage","url":"https:\/\/staging.ctelift.com\/wp-content\/uploads\/2018\/05\/IMG_0689-scaled.jpg","contentUrl":"https:\/\/staging.ctelift.com\/wp-content\/uploads\/2018\/05\/IMG_0689-scaled.jpg","width":2560,"height":1920},{"@type":"BreadcrumbList","@id":"https:\/\/staging.ctelift.com\/fr\/cte-ai-vertikaldays-2018\/#breadcrumb","itemListElement":[{"@type":"ListItem","position":1,"name":"Home","item":"https:\/\/staging.ctelift.com\/fr\/"},{"@type":"ListItem","position":2,"name":"CTE at Vertikal Days 2018"}]},{"@type":"WebSite","@id":"https:\/\/staging.ctelift.com\/#website","url":"https:\/\/staging.ctelift.com\/","name":"CTE","description":"work becomes easy","potentialAction":[{"@type":"SearchAction","target":{"@type":"EntryPoint","urlTemplate":"https:\/\/staging.ctelift.com\/?s={search_term_string}"},"query-input":{"@type":"PropertyValueSpecification","valueRequired":true,"valueName":"search_term_string"}}],"inLanguage":"fr-FR"},{"@type":"Person","@id":"https:\/\/staging.ctelift.com\/#\/schema\/person\/b83f56a5bd85503f355fa1544c350ab9","name":"cteuser","url":"https:\/\/staging.ctelift.com\/fr\/author\/cteuser\/"}]}},"_links":{"self":[{"href":"https:\/\/staging.ctelift.com\/fr\/wp-json\/wp\/v2\/posts\/31973","targetHints":{"allow":["GET"]}}],"collection":[{"href":"https:\/\/staging.ctelift.com\/fr\/wp-json\/wp\/v2\/posts"}],"about":[{"href":"https:\/\/staging.ctelift.com\/fr\/wp-json\/wp\/v2\/types\/post"}],"author":[{"embeddable":true,"href":"https:\/\/staging.ctelift.com\/fr\/wp-json\/wp\/v2\/users\/2"}],"replies":[{"embeddable":true,"href":"https:\/\/staging.ctelift.com\/fr\/wp-json\/wp\/v2\/comments?post=31973"}],"version-history":[{"count":1,"href":"https:\/\/staging.ctelift.com\/fr\/wp-json\/wp\/v2\/posts\/31973\/revisions"}],"predecessor-version":[{"id":31974,"href":"https:\/\/staging.ctelift.com\/fr\/wp-json\/wp\/v2\/posts\/31973\/revisions\/31974"}],"wp:featuredmedia":[{"embeddable":true,"href":"https:\/\/staging.ctelift.com\/fr\/wp-json\/wp\/v2\/media\/31964"}],"wp:attachment":[{"href":"https:\/\/staging.ctelift.com\/fr\/wp-json\/wp\/v2\/media?parent=31973"}],"wp:term":[{"taxonomy":"category","embeddable":true,"href":"https:\/\/staging.ctelift.com\/fr\/wp-json\/wp\/v2\/categories?post=31973"},{"taxonomy":"post_tag","embeddable":true,"href":"https:\/\/staging.ctelift.com\/fr\/wp-json\/wp\/v2\/tags?post=31973"}],"curies":[{"name":"wp","href":"https:\/\/api.w.org\/{rel}","templated":true}]}}