{"id":38761,"date":"2020-03-23T15:11:32","date_gmt":"2020-03-23T14:11:32","guid":{"rendered":"https:\/\/www.ctelift.com\/fr\/?p=38761"},"modified":"2020-03-23T15:11:32","modified_gmt":"2020-03-23T14:11:32","slug":"38761","status":"publish","type":"post","link":"https:\/\/staging.ctelift.com\/fr\/38761\/","title":{"rendered":"Fermeture temporaire \u00e0 cause de l&rsquo;urgence du coronavirus"},"content":{"rendered":"<p>Chers coll\u00e8gues, clients et fournisseurs, \u00e0 la suite de la mise \u00e0 jour par le minist\u00e8re de la Sant\u00e9, <strong>\u00e0 ce jour<\/strong>, chez CTE, <strong>nous suspendons \u00e9galement temporairement les activit\u00e9s de production<\/strong>, conform\u00e9ment au d\u00e9cret du Premier ministre du 22 mars 2020.<br \/>\nCe qui va changer <strong>aujourd&rsquo;hui jusqu&rsquo;au 5 avril:<\/strong><br \/>\nLes activit\u00e9s de production seront temporairement arr\u00eat\u00e9es<br \/>\nNous ne serons pas en mesure de garantir les exp\u00e9ditions et les d\u00e9lais des produits et pi\u00e8ces d\u00e9tach\u00e9es<br \/>\nAu contraire, <strong>nos services commerciaux, administratifs, d&rsquo;ing\u00e9nierie et d&rsquo;assistance fonctionnent en\u00a0modalit\u00e9 smart working.<\/strong><\/p>\n<p>Ces mesures seront maintenues <strong>jusqu&rsquo;au 5 avril 2020<\/strong> \u00e0 moins de nouvelles communications.<\/p>\n<p>Pour tous les besoins notre standard sera op\u00e9rationnel de 08h30 \u00e0 12h30 et de 13h30 \u00e0 17h30 du lundi au vendredi au +39 0464 485050<\/p>\n<p>Nous vous tiendrons inform\u00e9s des nouvelles dates des \u00e9v\u00e9nements: Vertikal Days (UK) Apex (Pays-Bas) auxquels nous participerons.<\/p>\n<p>C&rsquo;est un grand sacrifice que nous devons faire ensemble, pour revenir \u00e0 la normale d\u00e8s que possible.<\/p>\n<p>&nbsp;<\/p>\n<p>L&rsquo;\u00e9quipe CTE<\/p>\n","protected":false},"excerpt":{"rendered":"<p>Chers coll\u00e8gues, clients et fournisseurs, \u00e0 la suite de la mise \u00e0 jour par le minist\u00e8re de la Sant\u00e9, \u00e0 ce jour, chez CTE, nous suspendons \u00e9galement temporairement les activit\u00e9s de production, conform\u00e9ment au d\u00e9cret du Premier ministre du 22 mars 2020. Ce qui va changer aujourd&rsquo;hui jusqu&rsquo;au 5 avril: Les activit\u00e9s de production seront [&hellip;]<\/p>\n","protected":false},"author":2,"featured_media":0,"comment_status":"open","ping_status":"open","sticky":false,"template":"","format":"standard","meta":{"_acf_changed":false,"_et_pb_use_builder":"","_et_pb_old_content":"","_et_gb_content_width":"","footnotes":""},"categories":[277],"tags":[],"class_list":["post-38761","post","type-post","status-publish","format-standard","hentry","category-news-fr"],"acf":[],"yoast_head":"<!-- This site is optimized with the Yoast SEO plugin v28.1 - https:\/\/yoast.com\/product\/yoast-seo-wordpress\/ -->\n<title>Fermeture temporaire \u00e0 cause de l&#039;urgence du coronavirus - CTE<\/title>\n<meta name=\"robots\" content=\"noindex, follow, max-snippet:-1, max-image-preview:large, max-video-preview:-1\" \/>\n<meta property=\"og:locale\" content=\"fr_FR\" \/>\n<meta property=\"og:type\" content=\"article\" \/>\n<meta property=\"og:title\" content=\"Fermeture temporaire \u00e0 cause de l&#039;urgence du coronavirus - CTE\" \/>\n<meta property=\"og:description\" content=\"Chers coll\u00e8gues, clients et fournisseurs, \u00e0 la suite de la mise \u00e0 jour par le minist\u00e8re de la Sant\u00e9, \u00e0 ce jour, chez CTE, nous suspendons \u00e9galement temporairement les activit\u00e9s de production, conform\u00e9ment au d\u00e9cret du Premier ministre du 22 mars 2020. Ce qui va changer aujourd&rsquo;hui jusqu&rsquo;au 5 avril: Les activit\u00e9s de production seront [&hellip;]\" \/>\n<meta property=\"og:url\" content=\"https:\/\/staging.ctelift.com\/fr\/38761\/\" \/>\n<meta property=\"og:site_name\" content=\"CTE\" \/>\n<meta property=\"article:published_time\" content=\"2020-03-23T14:11:32+00:00\" \/>\n<meta name=\"author\" content=\"cteuser\" \/>\n<meta name=\"twitter:card\" content=\"summary_large_image\" \/>\n<meta name=\"twitter:label1\" content=\"\u00c9crit par\" \/>\n\t<meta name=\"twitter:data1\" content=\"cteuser\" \/>\n\t<meta name=\"twitter:label2\" content=\"Dur\u00e9e de lecture estim\u00e9e\" \/>\n\t<meta name=\"twitter:data2\" content=\"1 minute\" \/>\n<script type=\"application\/ld+json\" class=\"yoast-schema-graph\">{\"@context\":\"https:\\\/\\\/schema.org\",\"@graph\":[{\"@type\":\"Article\",\"@id\":\"https:\\\/\\\/staging.ctelift.com\\\/fr\\\/38761\\\/#article\",\"isPartOf\":{\"@id\":\"https:\\\/\\\/staging.ctelift.com\\\/fr\\\/38761\\\/\"},\"author\":{\"name\":\"cteuser\",\"@id\":\"https:\\\/\\\/staging.ctelift.com\\\/#\\\/schema\\\/person\\\/b83f56a5bd85503f355fa1544c350ab9\"},\"headline\":\"Fermeture temporaire \u00e0 cause de l&rsquo;urgence du coronavirus\",\"datePublished\":\"2020-03-23T14:11:32+00:00\",\"mainEntityOfPage\":{\"@id\":\"https:\\\/\\\/staging.ctelift.com\\\/fr\\\/38761\\\/\"},\"wordCount\":182,\"commentCount\":0,\"articleSection\":[\"News\"],\"inLanguage\":\"fr-FR\",\"potentialAction\":[{\"@type\":\"CommentAction\",\"name\":\"Comment\",\"target\":[\"https:\\\/\\\/staging.ctelift.com\\\/fr\\\/38761\\\/#respond\"]}]},{\"@type\":\"WebPage\",\"@id\":\"https:\\\/\\\/staging.ctelift.com\\\/fr\\\/38761\\\/\",\"url\":\"https:\\\/\\\/staging.ctelift.com\\\/fr\\\/38761\\\/\",\"name\":\"Fermeture temporaire \u00e0 cause de l'urgence du coronavirus - CTE\",\"isPartOf\":{\"@id\":\"https:\\\/\\\/staging.ctelift.com\\\/#website\"},\"datePublished\":\"2020-03-23T14:11:32+00:00\",\"author\":{\"@id\":\"https:\\\/\\\/staging.ctelift.com\\\/#\\\/schema\\\/person\\\/b83f56a5bd85503f355fa1544c350ab9\"},\"breadcrumb\":{\"@id\":\"https:\\\/\\\/staging.ctelift.com\\\/fr\\\/38761\\\/#breadcrumb\"},\"inLanguage\":\"fr-FR\",\"potentialAction\":[{\"@type\":\"ReadAction\",\"target\":[\"https:\\\/\\\/staging.ctelift.com\\\/fr\\\/38761\\\/\"]}]},{\"@type\":\"BreadcrumbList\",\"@id\":\"https:\\\/\\\/staging.ctelift.com\\\/fr\\\/38761\\\/#breadcrumb\",\"itemListElement\":[{\"@type\":\"ListItem\",\"position\":1,\"name\":\"Home\",\"item\":\"https:\\\/\\\/staging.ctelift.com\\\/fr\\\/\"},{\"@type\":\"ListItem\",\"position\":2,\"name\":\"Fermeture temporaire \u00e0 cause de l&#8217;urgence du coronavirus\"}]},{\"@type\":\"WebSite\",\"@id\":\"https:\\\/\\\/staging.ctelift.com\\\/#website\",\"url\":\"https:\\\/\\\/staging.ctelift.com\\\/\",\"name\":\"CTE\",\"description\":\"work becomes easy\",\"potentialAction\":[{\"@type\":\"SearchAction\",\"target\":{\"@type\":\"EntryPoint\",\"urlTemplate\":\"https:\\\/\\\/staging.ctelift.com\\\/?s={search_term_string}\"},\"query-input\":{\"@type\":\"PropertyValueSpecification\",\"valueRequired\":true,\"valueName\":\"search_term_string\"}}],\"inLanguage\":\"fr-FR\"},{\"@type\":\"Person\",\"@id\":\"https:\\\/\\\/staging.ctelift.com\\\/#\\\/schema\\\/person\\\/b83f56a5bd85503f355fa1544c350ab9\",\"name\":\"cteuser\",\"url\":\"https:\\\/\\\/staging.ctelift.com\\\/fr\\\/author\\\/cteuser\\\/\"}]}<\/script>\n<!-- \/ Yoast SEO plugin. -->","yoast_head_json":{"title":"Fermeture temporaire \u00e0 cause de l'urgence du coronavirus - CTE","robots":{"index":"noindex","follow":"follow","max-snippet":"max-snippet:-1","max-image-preview":"max-image-preview:large","max-video-preview":"max-video-preview:-1"},"og_locale":"fr_FR","og_type":"article","og_title":"Fermeture temporaire \u00e0 cause de l'urgence du coronavirus - CTE","og_description":"Chers coll\u00e8gues, clients et fournisseurs, \u00e0 la suite de la mise \u00e0 jour par le minist\u00e8re de la Sant\u00e9, \u00e0 ce jour, chez CTE, nous suspendons \u00e9galement temporairement les activit\u00e9s de production, conform\u00e9ment au d\u00e9cret du Premier ministre du 22 mars 2020. Ce qui va changer aujourd&rsquo;hui jusqu&rsquo;au 5 avril: Les activit\u00e9s de production seront [&hellip;]","og_url":"https:\/\/staging.ctelift.com\/fr\/38761\/","og_site_name":"CTE","article_published_time":"2020-03-23T14:11:32+00:00","author":"cteuser","twitter_card":"summary_large_image","twitter_misc":{"\u00c9crit par":"cteuser","Dur\u00e9e de lecture estim\u00e9e":"1 minute"},"schema":{"@context":"https:\/\/schema.org","@graph":[{"@type":"Article","@id":"https:\/\/staging.ctelift.com\/fr\/38761\/#article","isPartOf":{"@id":"https:\/\/staging.ctelift.com\/fr\/38761\/"},"author":{"name":"cteuser","@id":"https:\/\/staging.ctelift.com\/#\/schema\/person\/b83f56a5bd85503f355fa1544c350ab9"},"headline":"Fermeture temporaire \u00e0 cause de l&rsquo;urgence du coronavirus","datePublished":"2020-03-23T14:11:32+00:00","mainEntityOfPage":{"@id":"https:\/\/staging.ctelift.com\/fr\/38761\/"},"wordCount":182,"commentCount":0,"articleSection":["News"],"inLanguage":"fr-FR","potentialAction":[{"@type":"CommentAction","name":"Comment","target":["https:\/\/staging.ctelift.com\/fr\/38761\/#respond"]}]},{"@type":"WebPage","@id":"https:\/\/staging.ctelift.com\/fr\/38761\/","url":"https:\/\/staging.ctelift.com\/fr\/38761\/","name":"Fermeture temporaire \u00e0 cause de l'urgence du coronavirus - CTE","isPartOf":{"@id":"https:\/\/staging.ctelift.com\/#website"},"datePublished":"2020-03-23T14:11:32+00:00","author":{"@id":"https:\/\/staging.ctelift.com\/#\/schema\/person\/b83f56a5bd85503f355fa1544c350ab9"},"breadcrumb":{"@id":"https:\/\/staging.ctelift.com\/fr\/38761\/#breadcrumb"},"inLanguage":"fr-FR","potentialAction":[{"@type":"ReadAction","target":["https:\/\/staging.ctelift.com\/fr\/38761\/"]}]},{"@type":"BreadcrumbList","@id":"https:\/\/staging.ctelift.com\/fr\/38761\/#breadcrumb","itemListElement":[{"@type":"ListItem","position":1,"name":"Home","item":"https:\/\/staging.ctelift.com\/fr\/"},{"@type":"ListItem","position":2,"name":"Fermeture temporaire \u00e0 cause de l&#8217;urgence du coronavirus"}]},{"@type":"WebSite","@id":"https:\/\/staging.ctelift.com\/#website","url":"https:\/\/staging.ctelift.com\/","name":"CTE","description":"work becomes easy","potentialAction":[{"@type":"SearchAction","target":{"@type":"EntryPoint","urlTemplate":"https:\/\/staging.ctelift.com\/?s={search_term_string}"},"query-input":{"@type":"PropertyValueSpecification","valueRequired":true,"valueName":"search_term_string"}}],"inLanguage":"fr-FR"},{"@type":"Person","@id":"https:\/\/staging.ctelift.com\/#\/schema\/person\/b83f56a5bd85503f355fa1544c350ab9","name":"cteuser","url":"https:\/\/staging.ctelift.com\/fr\/author\/cteuser\/"}]}},"_links":{"self":[{"href":"https:\/\/staging.ctelift.com\/fr\/wp-json\/wp\/v2\/posts\/38761","targetHints":{"allow":["GET"]}}],"collection":[{"href":"https:\/\/staging.ctelift.com\/fr\/wp-json\/wp\/v2\/posts"}],"about":[{"href":"https:\/\/staging.ctelift.com\/fr\/wp-json\/wp\/v2\/types\/post"}],"author":[{"embeddable":true,"href":"https:\/\/staging.ctelift.com\/fr\/wp-json\/wp\/v2\/users\/2"}],"replies":[{"embeddable":true,"href":"https:\/\/staging.ctelift.com\/fr\/wp-json\/wp\/v2\/comments?post=38761"}],"version-history":[{"count":3,"href":"https:\/\/staging.ctelift.com\/fr\/wp-json\/wp\/v2\/posts\/38761\/revisions"}],"predecessor-version":[{"id":38764,"href":"https:\/\/staging.ctelift.com\/fr\/wp-json\/wp\/v2\/posts\/38761\/revisions\/38764"}],"wp:attachment":[{"href":"https:\/\/staging.ctelift.com\/fr\/wp-json\/wp\/v2\/media?parent=38761"}],"wp:term":[{"taxonomy":"category","embeddable":true,"href":"https:\/\/staging.ctelift.com\/fr\/wp-json\/wp\/v2\/categories?post=38761"},{"taxonomy":"post_tag","embeddable":true,"href":"https:\/\/staging.ctelift.com\/fr\/wp-json\/wp\/v2\/tags?post=38761"}],"curies":[{"name":"wp","href":"https:\/\/api.w.org\/{rel}","templated":true}]}}