{"id":38849,"date":"2020-04-03T11:57:09","date_gmt":"2020-04-03T09:57:09","guid":{"rendered":"https:\/\/www.ctelift.com\/fr\/?p=38849"},"modified":"2020-04-03T11:57:09","modified_gmt":"2020-04-03T09:57:09","slug":"aggiornamento-estensione-della-chiusura-temporanea","status":"publish","type":"post","link":"https:\/\/staging.ctelift.com\/fr\/aggiornamento-estensione-della-chiusura-temporanea\/","title":{"rendered":"Prolongation de la fermeture temporaire due \u00e0 l&rsquo;urgence Covid 19"},"content":{"rendered":"<p>Nous vous informons que, le 1er avril 2020, le gouvernement italien a publi\u00e9 un nouveau DPCM qui pr\u00e9voit <strong>la prolongation de la fermeture de toutes les activit\u00e9s de production non essentielles et non prioritaires jusqu&rsquo;au 13 avril 2020 inclus.<\/strong><br \/>\n<strong>CTE Spa<\/strong> doit donc prolonger la suspension de ses activit\u00e9s dans l&rsquo;espoir de <strong>reprendre ses activit\u00e9s le 14 avril 2020<\/strong>.<\/p>\n<p>Nous vous rappelons que votre service Apr\u00e8s-vente est disponible aux num\u00e9ros de t\u00e9l\u00e9phone suivants:<\/p>\n<p>Pi\u00e8ces d\u00e9tach\u00e9es: +39 0464 485968<\/p>\n<p>Service: +39 0464 485084<\/p>\n<p>Pour toute autre demande, vous pouvez \u00e9crire \u00e0 notre adresse e-mail: info@ctelift.com, vous serez contact\u00e9 dans les plus brefs d\u00e9lais.<\/p>\n<p>Nous vous remercions de votre coop\u00e9ration et nous nous r\u00e9jouissons \u00e0 l&rsquo;id\u00e9e de retourner travailler ensemble d\u00e8s que possible.<\/p>\n<p>Equipe CTE<\/p>\n<p>&nbsp;<\/p>\n","protected":false},"excerpt":{"rendered":"<p>Nous vous informons que, le 1er avril 2020, le gouvernement italien a publi\u00e9 un nouveau DPCM qui pr\u00e9voit la prolongation de la fermeture de toutes les activit\u00e9s de production non essentielles et non prioritaires jusqu&rsquo;au 13 avril 2020 inclus. CTE Spa doit donc prolonger la suspension de ses activit\u00e9s dans l&rsquo;espoir de reprendre ses activit\u00e9s [&hellip;]<\/p>\n","protected":false},"author":2,"featured_media":0,"comment_status":"open","ping_status":"open","sticky":false,"template":"","format":"standard","meta":{"_acf_changed":false,"_et_pb_use_builder":"","_et_pb_old_content":"","_et_gb_content_width":"","footnotes":""},"categories":[277],"tags":[],"class_list":["post-38849","post","type-post","status-publish","format-standard","hentry","category-news-fr"],"acf":[],"yoast_head":"<!-- This site is optimized with the Yoast SEO plugin v28.1 - https:\/\/yoast.com\/product\/yoast-seo-wordpress\/ -->\n<title>Prolongation de la fermeture temporaire due \u00e0 l&#039;urgence Covid 19 - CTE<\/title>\n<meta name=\"robots\" content=\"noindex, follow, max-snippet:-1, max-image-preview:large, max-video-preview:-1\" \/>\n<meta property=\"og:locale\" content=\"fr_FR\" \/>\n<meta property=\"og:type\" content=\"article\" \/>\n<meta property=\"og:title\" content=\"Prolongation de la fermeture temporaire due \u00e0 l&#039;urgence Covid 19 - CTE\" \/>\n<meta property=\"og:description\" content=\"Nous vous informons que, le 1er avril 2020, le gouvernement italien a publi\u00e9 un nouveau DPCM qui pr\u00e9voit la prolongation de la fermeture de toutes les activit\u00e9s de production non essentielles et non prioritaires jusqu&rsquo;au 13 avril 2020 inclus. CTE Spa doit donc prolonger la suspension de ses activit\u00e9s dans l&rsquo;espoir de reprendre ses activit\u00e9s [&hellip;]\" \/>\n<meta property=\"og:url\" content=\"https:\/\/staging.ctelift.com\/fr\/aggiornamento-estensione-della-chiusura-temporanea\/\" \/>\n<meta property=\"og:site_name\" content=\"CTE\" \/>\n<meta property=\"article:published_time\" content=\"2020-04-03T09:57:09+00:00\" \/>\n<meta name=\"author\" content=\"cteuser\" \/>\n<meta name=\"twitter:card\" content=\"summary_large_image\" \/>\n<meta name=\"twitter:label1\" content=\"\u00c9crit par\" \/>\n\t<meta name=\"twitter:data1\" content=\"cteuser\" \/>\n\t<meta name=\"twitter:label2\" content=\"Dur\u00e9e de lecture estim\u00e9e\" \/>\n\t<meta name=\"twitter:data2\" content=\"1 minute\" \/>\n<script type=\"application\/ld+json\" class=\"yoast-schema-graph\">{\"@context\":\"https:\\\/\\\/schema.org\",\"@graph\":[{\"@type\":\"Article\",\"@id\":\"https:\\\/\\\/staging.ctelift.com\\\/fr\\\/aggiornamento-estensione-della-chiusura-temporanea\\\/#article\",\"isPartOf\":{\"@id\":\"https:\\\/\\\/staging.ctelift.com\\\/fr\\\/aggiornamento-estensione-della-chiusura-temporanea\\\/\"},\"author\":{\"name\":\"cteuser\",\"@id\":\"https:\\\/\\\/staging.ctelift.com\\\/#\\\/schema\\\/person\\\/b83f56a5bd85503f355fa1544c350ab9\"},\"headline\":\"Prolongation de la fermeture temporaire due \u00e0 l&rsquo;urgence Covid 19\",\"datePublished\":\"2020-04-03T09:57:09+00:00\",\"mainEntityOfPage\":{\"@id\":\"https:\\\/\\\/staging.ctelift.com\\\/fr\\\/aggiornamento-estensione-della-chiusura-temporanea\\\/\"},\"wordCount\":141,\"commentCount\":0,\"articleSection\":[\"News\"],\"inLanguage\":\"fr-FR\",\"potentialAction\":[{\"@type\":\"CommentAction\",\"name\":\"Comment\",\"target\":[\"https:\\\/\\\/staging.ctelift.com\\\/fr\\\/aggiornamento-estensione-della-chiusura-temporanea\\\/#respond\"]}]},{\"@type\":\"WebPage\",\"@id\":\"https:\\\/\\\/staging.ctelift.com\\\/fr\\\/aggiornamento-estensione-della-chiusura-temporanea\\\/\",\"url\":\"https:\\\/\\\/staging.ctelift.com\\\/fr\\\/aggiornamento-estensione-della-chiusura-temporanea\\\/\",\"name\":\"Prolongation de la fermeture temporaire due \u00e0 l'urgence Covid 19 - CTE\",\"isPartOf\":{\"@id\":\"https:\\\/\\\/staging.ctelift.com\\\/#website\"},\"datePublished\":\"2020-04-03T09:57:09+00:00\",\"author\":{\"@id\":\"https:\\\/\\\/staging.ctelift.com\\\/#\\\/schema\\\/person\\\/b83f56a5bd85503f355fa1544c350ab9\"},\"breadcrumb\":{\"@id\":\"https:\\\/\\\/staging.ctelift.com\\\/fr\\\/aggiornamento-estensione-della-chiusura-temporanea\\\/#breadcrumb\"},\"inLanguage\":\"fr-FR\",\"potentialAction\":[{\"@type\":\"ReadAction\",\"target\":[\"https:\\\/\\\/staging.ctelift.com\\\/fr\\\/aggiornamento-estensione-della-chiusura-temporanea\\\/\"]}]},{\"@type\":\"BreadcrumbList\",\"@id\":\"https:\\\/\\\/staging.ctelift.com\\\/fr\\\/aggiornamento-estensione-della-chiusura-temporanea\\\/#breadcrumb\",\"itemListElement\":[{\"@type\":\"ListItem\",\"position\":1,\"name\":\"Home\",\"item\":\"https:\\\/\\\/staging.ctelift.com\\\/fr\\\/\"},{\"@type\":\"ListItem\",\"position\":2,\"name\":\"Prolongation de la fermeture temporaire due \u00e0 l&#8217;urgence Covid 19\"}]},{\"@type\":\"WebSite\",\"@id\":\"https:\\\/\\\/staging.ctelift.com\\\/#website\",\"url\":\"https:\\\/\\\/staging.ctelift.com\\\/\",\"name\":\"CTE\",\"description\":\"work becomes easy\",\"potentialAction\":[{\"@type\":\"SearchAction\",\"target\":{\"@type\":\"EntryPoint\",\"urlTemplate\":\"https:\\\/\\\/staging.ctelift.com\\\/?s={search_term_string}\"},\"query-input\":{\"@type\":\"PropertyValueSpecification\",\"valueRequired\":true,\"valueName\":\"search_term_string\"}}],\"inLanguage\":\"fr-FR\"},{\"@type\":\"Person\",\"@id\":\"https:\\\/\\\/staging.ctelift.com\\\/#\\\/schema\\\/person\\\/b83f56a5bd85503f355fa1544c350ab9\",\"name\":\"cteuser\",\"url\":\"https:\\\/\\\/staging.ctelift.com\\\/fr\\\/author\\\/cteuser\\\/\"}]}<\/script>\n<!-- \/ Yoast SEO plugin. -->","yoast_head_json":{"title":"Prolongation de la fermeture temporaire due \u00e0 l'urgence Covid 19 - CTE","robots":{"index":"noindex","follow":"follow","max-snippet":"max-snippet:-1","max-image-preview":"max-image-preview:large","max-video-preview":"max-video-preview:-1"},"og_locale":"fr_FR","og_type":"article","og_title":"Prolongation de la fermeture temporaire due \u00e0 l'urgence Covid 19 - CTE","og_description":"Nous vous informons que, le 1er avril 2020, le gouvernement italien a publi\u00e9 un nouveau DPCM qui pr\u00e9voit la prolongation de la fermeture de toutes les activit\u00e9s de production non essentielles et non prioritaires jusqu&rsquo;au 13 avril 2020 inclus. CTE Spa doit donc prolonger la suspension de ses activit\u00e9s dans l&rsquo;espoir de reprendre ses activit\u00e9s [&hellip;]","og_url":"https:\/\/staging.ctelift.com\/fr\/aggiornamento-estensione-della-chiusura-temporanea\/","og_site_name":"CTE","article_published_time":"2020-04-03T09:57:09+00:00","author":"cteuser","twitter_card":"summary_large_image","twitter_misc":{"\u00c9crit par":"cteuser","Dur\u00e9e de lecture estim\u00e9e":"1 minute"},"schema":{"@context":"https:\/\/schema.org","@graph":[{"@type":"Article","@id":"https:\/\/staging.ctelift.com\/fr\/aggiornamento-estensione-della-chiusura-temporanea\/#article","isPartOf":{"@id":"https:\/\/staging.ctelift.com\/fr\/aggiornamento-estensione-della-chiusura-temporanea\/"},"author":{"name":"cteuser","@id":"https:\/\/staging.ctelift.com\/#\/schema\/person\/b83f56a5bd85503f355fa1544c350ab9"},"headline":"Prolongation de la fermeture temporaire due \u00e0 l&rsquo;urgence Covid 19","datePublished":"2020-04-03T09:57:09+00:00","mainEntityOfPage":{"@id":"https:\/\/staging.ctelift.com\/fr\/aggiornamento-estensione-della-chiusura-temporanea\/"},"wordCount":141,"commentCount":0,"articleSection":["News"],"inLanguage":"fr-FR","potentialAction":[{"@type":"CommentAction","name":"Comment","target":["https:\/\/staging.ctelift.com\/fr\/aggiornamento-estensione-della-chiusura-temporanea\/#respond"]}]},{"@type":"WebPage","@id":"https:\/\/staging.ctelift.com\/fr\/aggiornamento-estensione-della-chiusura-temporanea\/","url":"https:\/\/staging.ctelift.com\/fr\/aggiornamento-estensione-della-chiusura-temporanea\/","name":"Prolongation de la fermeture temporaire due \u00e0 l'urgence Covid 19 - CTE","isPartOf":{"@id":"https:\/\/staging.ctelift.com\/#website"},"datePublished":"2020-04-03T09:57:09+00:00","author":{"@id":"https:\/\/staging.ctelift.com\/#\/schema\/person\/b83f56a5bd85503f355fa1544c350ab9"},"breadcrumb":{"@id":"https:\/\/staging.ctelift.com\/fr\/aggiornamento-estensione-della-chiusura-temporanea\/#breadcrumb"},"inLanguage":"fr-FR","potentialAction":[{"@type":"ReadAction","target":["https:\/\/staging.ctelift.com\/fr\/aggiornamento-estensione-della-chiusura-temporanea\/"]}]},{"@type":"BreadcrumbList","@id":"https:\/\/staging.ctelift.com\/fr\/aggiornamento-estensione-della-chiusura-temporanea\/#breadcrumb","itemListElement":[{"@type":"ListItem","position":1,"name":"Home","item":"https:\/\/staging.ctelift.com\/fr\/"},{"@type":"ListItem","position":2,"name":"Prolongation de la fermeture temporaire due \u00e0 l&#8217;urgence Covid 19"}]},{"@type":"WebSite","@id":"https:\/\/staging.ctelift.com\/#website","url":"https:\/\/staging.ctelift.com\/","name":"CTE","description":"work becomes easy","potentialAction":[{"@type":"SearchAction","target":{"@type":"EntryPoint","urlTemplate":"https:\/\/staging.ctelift.com\/?s={search_term_string}"},"query-input":{"@type":"PropertyValueSpecification","valueRequired":true,"valueName":"search_term_string"}}],"inLanguage":"fr-FR"},{"@type":"Person","@id":"https:\/\/staging.ctelift.com\/#\/schema\/person\/b83f56a5bd85503f355fa1544c350ab9","name":"cteuser","url":"https:\/\/staging.ctelift.com\/fr\/author\/cteuser\/"}]}},"_links":{"self":[{"href":"https:\/\/staging.ctelift.com\/fr\/wp-json\/wp\/v2\/posts\/38849","targetHints":{"allow":["GET"]}}],"collection":[{"href":"https:\/\/staging.ctelift.com\/fr\/wp-json\/wp\/v2\/posts"}],"about":[{"href":"https:\/\/staging.ctelift.com\/fr\/wp-json\/wp\/v2\/types\/post"}],"author":[{"embeddable":true,"href":"https:\/\/staging.ctelift.com\/fr\/wp-json\/wp\/v2\/users\/2"}],"replies":[{"embeddable":true,"href":"https:\/\/staging.ctelift.com\/fr\/wp-json\/wp\/v2\/comments?post=38849"}],"version-history":[{"count":2,"href":"https:\/\/staging.ctelift.com\/fr\/wp-json\/wp\/v2\/posts\/38849\/revisions"}],"predecessor-version":[{"id":38851,"href":"https:\/\/staging.ctelift.com\/fr\/wp-json\/wp\/v2\/posts\/38849\/revisions\/38851"}],"wp:attachment":[{"href":"https:\/\/staging.ctelift.com\/fr\/wp-json\/wp\/v2\/media?parent=38849"}],"wp:term":[{"taxonomy":"category","embeddable":true,"href":"https:\/\/staging.ctelift.com\/fr\/wp-json\/wp\/v2\/categories?post=38849"},{"taxonomy":"post_tag","embeddable":true,"href":"https:\/\/staging.ctelift.com\/fr\/wp-json\/wp\/v2\/tags?post=38849"}],"curies":[{"name":"wp","href":"https:\/\/api.w.org\/{rel}","templated":true}]}}