{"id":38919,"date":"2020-05-28T10:19:47","date_gmt":"2020-05-28T08:19:47","guid":{"rendered":"https:\/\/www.ctelift.com\/fr\/?p=38919"},"modified":"2020-05-28T10:19:47","modified_gmt":"2020-05-28T08:19:47","slug":"chiusura-aziendale-per-la-festa-della-repubblica","status":"publish","type":"post","link":"https:\/\/staging.ctelift.com\/fr\/chiusura-aziendale-per-la-festa-della-repubblica\/","title":{"rendered":"F\u00eate de la R\u00e9publique"},"content":{"rendered":"<p>CTE annonce que nous serons ferm\u00e9s les <strong>1er et 2 Juin 2020<\/strong> pour la <strong>F\u00eate de la R\u00e9publique<\/strong>.<\/p>\n<p>Notre Service d&rsquo;Assistance sera disponible par t\u00e9l\u00e9phone le <strong>lundi 1er Juin<\/strong> au num\u00e9ro suivant: <strong>+39 348 0187598<\/strong>.<\/p>\n<p>Le personnel du CTE<\/p>\n","protected":false},"excerpt":{"rendered":"<p>CTE annonce que nous serons ferm\u00e9s les 1er et 2 Juin 2020 pour la F\u00eate de la R\u00e9publique. Notre Service d&rsquo;Assistance sera disponible par t\u00e9l\u00e9phone le lundi 1er Juin au num\u00e9ro suivant: +39 348 0187598. Le personnel du CTE<\/p>\n","protected":false},"author":2,"featured_media":38913,"comment_status":"open","ping_status":"open","sticky":false,"template":"","format":"standard","meta":{"_acf_changed":false,"_et_pb_use_builder":"","_et_pb_old_content":"","_et_gb_content_width":"","footnotes":""},"categories":[277],"tags":[],"class_list":["post-38919","post","type-post","status-publish","format-standard","has-post-thumbnail","hentry","category-news-fr"],"acf":[],"yoast_head":"<!-- This site is optimized with the Yoast SEO plugin v28.1 - https:\/\/yoast.com\/product\/yoast-seo-wordpress\/ -->\n<title>F\u00eate de la R\u00e9publique - CTE<\/title>\n<meta name=\"robots\" content=\"noindex, follow, max-snippet:-1, max-image-preview:large, max-video-preview:-1\" \/>\n<meta property=\"og:locale\" content=\"fr_FR\" \/>\n<meta property=\"og:type\" content=\"article\" \/>\n<meta property=\"og:title\" content=\"F\u00eate de la R\u00e9publique - CTE\" \/>\n<meta property=\"og:description\" content=\"CTE annonce que nous serons ferm\u00e9s les 1er et 2 Juin 2020 pour la F\u00eate de la R\u00e9publique. Notre Service d&rsquo;Assistance sera disponible par t\u00e9l\u00e9phone le lundi 1er Juin au num\u00e9ro suivant: +39 348 0187598. Le personnel du CTE\" \/>\n<meta property=\"og:url\" content=\"https:\/\/staging.ctelift.com\/fr\/chiusura-aziendale-per-la-festa-della-repubblica\/\" \/>\n<meta property=\"og:site_name\" content=\"CTE\" \/>\n<meta property=\"article:published_time\" content=\"2020-05-28T08:19:47+00:00\" \/>\n<meta property=\"og:image\" content=\"https:\/\/staging.ctelift.com\/wp-content\/uploads\/2020\/05\/bandiera-italiana.png\" \/>\n\t<meta property=\"og:image:width\" content=\"1100\" \/>\n\t<meta property=\"og:image:height\" content=\"733\" \/>\n\t<meta property=\"og:image:type\" content=\"image\/png\" \/>\n<meta name=\"author\" content=\"cteuser\" \/>\n<meta name=\"twitter:card\" content=\"summary_large_image\" \/>\n<meta name=\"twitter:label1\" content=\"\u00c9crit par\" \/>\n\t<meta name=\"twitter:data1\" content=\"cteuser\" \/>\n<script type=\"application\/ld+json\" class=\"yoast-schema-graph\">{\"@context\":\"https:\\\/\\\/schema.org\",\"@graph\":[{\"@type\":\"Article\",\"@id\":\"https:\\\/\\\/staging.ctelift.com\\\/fr\\\/chiusura-aziendale-per-la-festa-della-repubblica\\\/#article\",\"isPartOf\":{\"@id\":\"https:\\\/\\\/staging.ctelift.com\\\/fr\\\/chiusura-aziendale-per-la-festa-della-repubblica\\\/\"},\"author\":{\"name\":\"cteuser\",\"@id\":\"https:\\\/\\\/staging.ctelift.com\\\/#\\\/schema\\\/person\\\/b83f56a5bd85503f355fa1544c350ab9\"},\"headline\":\"F\u00eate de la R\u00e9publique\",\"datePublished\":\"2020-05-28T08:19:47+00:00\",\"mainEntityOfPage\":{\"@id\":\"https:\\\/\\\/staging.ctelift.com\\\/fr\\\/chiusura-aziendale-per-la-festa-della-repubblica\\\/\"},\"wordCount\":47,\"commentCount\":0,\"image\":{\"@id\":\"https:\\\/\\\/staging.ctelift.com\\\/fr\\\/chiusura-aziendale-per-la-festa-della-repubblica\\\/#primaryimage\"},\"thumbnailUrl\":\"https:\\\/\\\/staging.ctelift.com\\\/wp-content\\\/uploads\\\/2020\\\/05\\\/bandiera-italiana.png\",\"articleSection\":[\"News\"],\"inLanguage\":\"fr-FR\",\"potentialAction\":[{\"@type\":\"CommentAction\",\"name\":\"Comment\",\"target\":[\"https:\\\/\\\/staging.ctelift.com\\\/fr\\\/chiusura-aziendale-per-la-festa-della-repubblica\\\/#respond\"]}]},{\"@type\":\"WebPage\",\"@id\":\"https:\\\/\\\/staging.ctelift.com\\\/fr\\\/chiusura-aziendale-per-la-festa-della-repubblica\\\/\",\"url\":\"https:\\\/\\\/staging.ctelift.com\\\/fr\\\/chiusura-aziendale-per-la-festa-della-repubblica\\\/\",\"name\":\"F\u00eate de la R\u00e9publique - CTE\",\"isPartOf\":{\"@id\":\"https:\\\/\\\/staging.ctelift.com\\\/#website\"},\"primaryImageOfPage\":{\"@id\":\"https:\\\/\\\/staging.ctelift.com\\\/fr\\\/chiusura-aziendale-per-la-festa-della-repubblica\\\/#primaryimage\"},\"image\":{\"@id\":\"https:\\\/\\\/staging.ctelift.com\\\/fr\\\/chiusura-aziendale-per-la-festa-della-repubblica\\\/#primaryimage\"},\"thumbnailUrl\":\"https:\\\/\\\/staging.ctelift.com\\\/wp-content\\\/uploads\\\/2020\\\/05\\\/bandiera-italiana.png\",\"datePublished\":\"2020-05-28T08:19:47+00:00\",\"author\":{\"@id\":\"https:\\\/\\\/staging.ctelift.com\\\/#\\\/schema\\\/person\\\/b83f56a5bd85503f355fa1544c350ab9\"},\"breadcrumb\":{\"@id\":\"https:\\\/\\\/staging.ctelift.com\\\/fr\\\/chiusura-aziendale-per-la-festa-della-repubblica\\\/#breadcrumb\"},\"inLanguage\":\"fr-FR\",\"potentialAction\":[{\"@type\":\"ReadAction\",\"target\":[\"https:\\\/\\\/staging.ctelift.com\\\/fr\\\/chiusura-aziendale-per-la-festa-della-repubblica\\\/\"]}]},{\"@type\":\"ImageObject\",\"inLanguage\":\"fr-FR\",\"@id\":\"https:\\\/\\\/staging.ctelift.com\\\/fr\\\/chiusura-aziendale-per-la-festa-della-repubblica\\\/#primaryimage\",\"url\":\"https:\\\/\\\/staging.ctelift.com\\\/wp-content\\\/uploads\\\/2020\\\/05\\\/bandiera-italiana.png\",\"contentUrl\":\"https:\\\/\\\/staging.ctelift.com\\\/wp-content\\\/uploads\\\/2020\\\/05\\\/bandiera-italiana.png\",\"width\":1100,\"height\":733},{\"@type\":\"BreadcrumbList\",\"@id\":\"https:\\\/\\\/staging.ctelift.com\\\/fr\\\/chiusura-aziendale-per-la-festa-della-repubblica\\\/#breadcrumb\",\"itemListElement\":[{\"@type\":\"ListItem\",\"position\":1,\"name\":\"Home\",\"item\":\"https:\\\/\\\/staging.ctelift.com\\\/fr\\\/\"},{\"@type\":\"ListItem\",\"position\":2,\"name\":\"F\u00eate de la R\u00e9publique\"}]},{\"@type\":\"WebSite\",\"@id\":\"https:\\\/\\\/staging.ctelift.com\\\/#website\",\"url\":\"https:\\\/\\\/staging.ctelift.com\\\/\",\"name\":\"CTE\",\"description\":\"work becomes easy\",\"potentialAction\":[{\"@type\":\"SearchAction\",\"target\":{\"@type\":\"EntryPoint\",\"urlTemplate\":\"https:\\\/\\\/staging.ctelift.com\\\/?s={search_term_string}\"},\"query-input\":{\"@type\":\"PropertyValueSpecification\",\"valueRequired\":true,\"valueName\":\"search_term_string\"}}],\"inLanguage\":\"fr-FR\"},{\"@type\":\"Person\",\"@id\":\"https:\\\/\\\/staging.ctelift.com\\\/#\\\/schema\\\/person\\\/b83f56a5bd85503f355fa1544c350ab9\",\"name\":\"cteuser\",\"url\":\"https:\\\/\\\/staging.ctelift.com\\\/fr\\\/author\\\/cteuser\\\/\"}]}<\/script>\n<!-- \/ Yoast SEO plugin. -->","yoast_head_json":{"title":"F\u00eate de la R\u00e9publique - CTE","robots":{"index":"noindex","follow":"follow","max-snippet":"max-snippet:-1","max-image-preview":"max-image-preview:large","max-video-preview":"max-video-preview:-1"},"og_locale":"fr_FR","og_type":"article","og_title":"F\u00eate de la R\u00e9publique - CTE","og_description":"CTE annonce que nous serons ferm\u00e9s les 1er et 2 Juin 2020 pour la F\u00eate de la R\u00e9publique. Notre Service d&rsquo;Assistance sera disponible par t\u00e9l\u00e9phone le lundi 1er Juin au num\u00e9ro suivant: +39 348 0187598. Le personnel du CTE","og_url":"https:\/\/staging.ctelift.com\/fr\/chiusura-aziendale-per-la-festa-della-repubblica\/","og_site_name":"CTE","article_published_time":"2020-05-28T08:19:47+00:00","og_image":[{"width":1100,"height":733,"url":"https:\/\/staging.ctelift.com\/wp-content\/uploads\/2020\/05\/bandiera-italiana.png","type":"image\/png"}],"author":"cteuser","twitter_card":"summary_large_image","twitter_misc":{"\u00c9crit par":"cteuser"},"schema":{"@context":"https:\/\/schema.org","@graph":[{"@type":"Article","@id":"https:\/\/staging.ctelift.com\/fr\/chiusura-aziendale-per-la-festa-della-repubblica\/#article","isPartOf":{"@id":"https:\/\/staging.ctelift.com\/fr\/chiusura-aziendale-per-la-festa-della-repubblica\/"},"author":{"name":"cteuser","@id":"https:\/\/staging.ctelift.com\/#\/schema\/person\/b83f56a5bd85503f355fa1544c350ab9"},"headline":"F\u00eate de la R\u00e9publique","datePublished":"2020-05-28T08:19:47+00:00","mainEntityOfPage":{"@id":"https:\/\/staging.ctelift.com\/fr\/chiusura-aziendale-per-la-festa-della-repubblica\/"},"wordCount":47,"commentCount":0,"image":{"@id":"https:\/\/staging.ctelift.com\/fr\/chiusura-aziendale-per-la-festa-della-repubblica\/#primaryimage"},"thumbnailUrl":"https:\/\/staging.ctelift.com\/wp-content\/uploads\/2020\/05\/bandiera-italiana.png","articleSection":["News"],"inLanguage":"fr-FR","potentialAction":[{"@type":"CommentAction","name":"Comment","target":["https:\/\/staging.ctelift.com\/fr\/chiusura-aziendale-per-la-festa-della-repubblica\/#respond"]}]},{"@type":"WebPage","@id":"https:\/\/staging.ctelift.com\/fr\/chiusura-aziendale-per-la-festa-della-repubblica\/","url":"https:\/\/staging.ctelift.com\/fr\/chiusura-aziendale-per-la-festa-della-repubblica\/","name":"F\u00eate de la R\u00e9publique - CTE","isPartOf":{"@id":"https:\/\/staging.ctelift.com\/#website"},"primaryImageOfPage":{"@id":"https:\/\/staging.ctelift.com\/fr\/chiusura-aziendale-per-la-festa-della-repubblica\/#primaryimage"},"image":{"@id":"https:\/\/staging.ctelift.com\/fr\/chiusura-aziendale-per-la-festa-della-repubblica\/#primaryimage"},"thumbnailUrl":"https:\/\/staging.ctelift.com\/wp-content\/uploads\/2020\/05\/bandiera-italiana.png","datePublished":"2020-05-28T08:19:47+00:00","author":{"@id":"https:\/\/staging.ctelift.com\/#\/schema\/person\/b83f56a5bd85503f355fa1544c350ab9"},"breadcrumb":{"@id":"https:\/\/staging.ctelift.com\/fr\/chiusura-aziendale-per-la-festa-della-repubblica\/#breadcrumb"},"inLanguage":"fr-FR","potentialAction":[{"@type":"ReadAction","target":["https:\/\/staging.ctelift.com\/fr\/chiusura-aziendale-per-la-festa-della-repubblica\/"]}]},{"@type":"ImageObject","inLanguage":"fr-FR","@id":"https:\/\/staging.ctelift.com\/fr\/chiusura-aziendale-per-la-festa-della-repubblica\/#primaryimage","url":"https:\/\/staging.ctelift.com\/wp-content\/uploads\/2020\/05\/bandiera-italiana.png","contentUrl":"https:\/\/staging.ctelift.com\/wp-content\/uploads\/2020\/05\/bandiera-italiana.png","width":1100,"height":733},{"@type":"BreadcrumbList","@id":"https:\/\/staging.ctelift.com\/fr\/chiusura-aziendale-per-la-festa-della-repubblica\/#breadcrumb","itemListElement":[{"@type":"ListItem","position":1,"name":"Home","item":"https:\/\/staging.ctelift.com\/fr\/"},{"@type":"ListItem","position":2,"name":"F\u00eate de la R\u00e9publique"}]},{"@type":"WebSite","@id":"https:\/\/staging.ctelift.com\/#website","url":"https:\/\/staging.ctelift.com\/","name":"CTE","description":"work becomes easy","potentialAction":[{"@type":"SearchAction","target":{"@type":"EntryPoint","urlTemplate":"https:\/\/staging.ctelift.com\/?s={search_term_string}"},"query-input":{"@type":"PropertyValueSpecification","valueRequired":true,"valueName":"search_term_string"}}],"inLanguage":"fr-FR"},{"@type":"Person","@id":"https:\/\/staging.ctelift.com\/#\/schema\/person\/b83f56a5bd85503f355fa1544c350ab9","name":"cteuser","url":"https:\/\/staging.ctelift.com\/fr\/author\/cteuser\/"}]}},"_links":{"self":[{"href":"https:\/\/staging.ctelift.com\/fr\/wp-json\/wp\/v2\/posts\/38919","targetHints":{"allow":["GET"]}}],"collection":[{"href":"https:\/\/staging.ctelift.com\/fr\/wp-json\/wp\/v2\/posts"}],"about":[{"href":"https:\/\/staging.ctelift.com\/fr\/wp-json\/wp\/v2\/types\/post"}],"author":[{"embeddable":true,"href":"https:\/\/staging.ctelift.com\/fr\/wp-json\/wp\/v2\/users\/2"}],"replies":[{"embeddable":true,"href":"https:\/\/staging.ctelift.com\/fr\/wp-json\/wp\/v2\/comments?post=38919"}],"version-history":[{"count":2,"href":"https:\/\/staging.ctelift.com\/fr\/wp-json\/wp\/v2\/posts\/38919\/revisions"}],"predecessor-version":[{"id":38921,"href":"https:\/\/staging.ctelift.com\/fr\/wp-json\/wp\/v2\/posts\/38919\/revisions\/38921"}],"wp:featuredmedia":[{"embeddable":true,"href":"https:\/\/staging.ctelift.com\/fr\/wp-json\/wp\/v2\/media\/38913"}],"wp:attachment":[{"href":"https:\/\/staging.ctelift.com\/fr\/wp-json\/wp\/v2\/media?parent=38919"}],"wp:term":[{"taxonomy":"category","embeddable":true,"href":"https:\/\/staging.ctelift.com\/fr\/wp-json\/wp\/v2\/categories?post=38919"},{"taxonomy":"post_tag","embeddable":true,"href":"https:\/\/staging.ctelift.com\/fr\/wp-json\/wp\/v2\/tags?post=38919"}],"curies":[{"name":"wp","href":"https:\/\/api.w.org\/{rel}","templated":true}]}}