{"id":48015,"date":"2023-06-06T17:29:22","date_gmt":"2023-06-06T15:29:22","guid":{"rendered":"https:\/\/www.ctelift.com\/2023\/06\/06\/cte-signs-a-partnership-in-germany-with-atg-lift-gmbh\/"},"modified":"2023-06-06T17:30:39","modified_gmt":"2023-06-06T15:30:39","slug":"cte-signs-a-partnership-in-germany-with-atg-lift-gmbh","status":"publish","type":"post","link":"https:\/\/staging.ctelift.com\/fr\/cte-signs-a-partnership-in-germany-with-atg-lift-gmbh\/","title":{"rendered":"CTE signs a partnership in Germany with ATG Lift GmbH"},"content":{"rendered":"<p><strong>CTE SpA<\/strong>, at the Apex show in Maastricht, is pleased to announce an agreement with <strong>ATG Lift<\/strong> <strong>GmbH<\/strong> as a new CTE partner in Germany for the brands CTE ZED, CTE MP, CTE B-LIFT truck mounted platforms and CTE TRACCESS spiderlifts for sales and after sales services.<\/p>\n<p><strong>ATG lift<\/strong> will represent CTE in the south of Germany for CTE truck-mounted platforms and in the whole German territory for CTE spiderlifts.<\/p>\n<p>&nbsp;<\/p>\n<p>Active in the market for over 20 years, <strong>ATG Lift<\/strong> is specialized in the sale of new and used machines, customer service and the sale of spare parts for aerial work platforms, telehandlers and rough-terrain forklifts.<\/p>\n<p>&nbsp;<\/p>\n<p><strong>Massimo Franceschi<\/strong>, Export area manager CTE, declares: \u201cWe are very excited to welcome ATG Lift as our partner,<\/p>\n<p>with a strong outstanding technical assistance, commercial support and well-known in their business area. I\u2019m proud to start this collaboration with them because they\u2019re strong with commercial activities and service support. ATG Lift is a young team, very well appreciated in the field.\u201d<\/p>\n<p>&nbsp;<\/p>\n<p><strong>Andreas Konstantin<\/strong>, ATG Lift owner, declares: \u201cWith CTE products, we are closing a gap in our product portfolio. By adding CTE truck-mounted and spiderlifts, we can offer our customers a complete range of access equipment. The extensive and high quality product range of CTE have convinced us. We look forward to working with CTE!\u201d<\/p>\n<p><em>\u00a0<\/em><\/p>\n<p><em>In the picture, taken in Maastricht at Apex 2023 &#8211; in front of the MP 24 C of ATG Lift: from left, Fabian Kirberg ATG Sales Director, Massimo Franceschi CTE Export Area Manager, Andreas Konstantin ATG Lift owner, and Ivan Fink ATG Technical Director.<\/em><\/p>\n<p>&nbsp;<\/p>\n<p>More info about <strong>ATG LIFT<\/strong>: <a href=\"https:\/\/atglift.de\/\">https:\/\/atglift.de\/<\/a><\/p>\n<p><em>\u00a0<\/em><\/p>\n","protected":false},"excerpt":{"rendered":"<p>CTE SpA, at the Apex show in Maastricht, is pleased to announce an agreement with ATG Lift GmbH as a new CTE partner in Germany for the brands CTE ZED, CTE MP, CTE B-LIFT truck mounted platforms and CTE TRACCESS spiderlifts for sales and after sales services. ATG lift will represent CTE in the south [&hellip;]<\/p>\n","protected":false},"author":2,"featured_media":48006,"comment_status":"open","ping_status":"open","sticky":false,"template":"","format":"standard","meta":{"_acf_changed":false,"_et_pb_use_builder":"","_et_pb_old_content":"","_et_gb_content_width":"","footnotes":""},"categories":[277],"tags":[],"class_list":["post-48015","post","type-post","status-publish","format-standard","has-post-thumbnail","hentry","category-news-fr"],"acf":[],"yoast_head":"<!-- This site is optimized with the Yoast SEO plugin v28.1 - https:\/\/yoast.com\/product\/yoast-seo-wordpress\/ -->\n<title>CTE signs a partnership in Germany with ATG Lift GmbH - CTE<\/title>\n<meta name=\"robots\" content=\"noindex, follow, max-snippet:-1, max-image-preview:large, max-video-preview:-1\" \/>\n<meta property=\"og:locale\" content=\"fr_FR\" \/>\n<meta property=\"og:type\" content=\"article\" \/>\n<meta property=\"og:title\" content=\"CTE signs a partnership in Germany with ATG Lift GmbH - CTE\" \/>\n<meta property=\"og:description\" content=\"CTE SpA, at the Apex show in Maastricht, is pleased to announce an agreement with ATG Lift GmbH as a new CTE partner in Germany for the brands CTE ZED, CTE MP, CTE B-LIFT truck mounted platforms and CTE TRACCESS spiderlifts for sales and after sales services. ATG lift will represent CTE in the south [&hellip;]\" \/>\n<meta property=\"og:url\" content=\"https:\/\/staging.ctelift.com\/fr\/cte-signs-a-partnership-in-germany-with-atg-lift-gmbh\/\" \/>\n<meta property=\"og:site_name\" content=\"CTE\" \/>\n<meta property=\"article:published_time\" content=\"2023-06-06T15:29:22+00:00\" \/>\n<meta property=\"article:modified_time\" content=\"2023-06-06T15:30:39+00:00\" \/>\n<meta property=\"og:image\" content=\"https:\/\/staging.ctelift.com\/wp-content\/uploads\/2023\/06\/CTE-and-ATG-Lift-GmbH-scaled.jpg\" \/>\n\t<meta property=\"og:image:width\" content=\"2560\" \/>\n\t<meta property=\"og:image:height\" content=\"1920\" \/>\n\t<meta property=\"og:image:type\" content=\"image\/jpeg\" \/>\n<meta name=\"author\" content=\"cteuser\" \/>\n<meta name=\"twitter:card\" content=\"summary_large_image\" \/>\n<meta name=\"twitter:label1\" content=\"\u00c9crit par\" \/>\n\t<meta name=\"twitter:data1\" content=\"cteuser\" \/>\n\t<meta name=\"twitter:label2\" content=\"Dur\u00e9e de lecture estim\u00e9e\" \/>\n\t<meta name=\"twitter:data2\" content=\"2 minutes\" \/>\n<script type=\"application\/ld+json\" class=\"yoast-schema-graph\">{\"@context\":\"https:\\\/\\\/schema.org\",\"@graph\":[{\"@type\":\"Article\",\"@id\":\"https:\\\/\\\/staging.ctelift.com\\\/fr\\\/cte-signs-a-partnership-in-germany-with-atg-lift-gmbh\\\/#article\",\"isPartOf\":{\"@id\":\"https:\\\/\\\/staging.ctelift.com\\\/fr\\\/cte-signs-a-partnership-in-germany-with-atg-lift-gmbh\\\/\"},\"author\":{\"name\":\"cteuser\",\"@id\":\"https:\\\/\\\/staging.ctelift.com\\\/#\\\/schema\\\/person\\\/b83f56a5bd85503f355fa1544c350ab9\"},\"headline\":\"CTE signs a partnership in Germany with ATG Lift GmbH\",\"datePublished\":\"2023-06-06T15:29:22+00:00\",\"dateModified\":\"2023-06-06T15:30:39+00:00\",\"mainEntityOfPage\":{\"@id\":\"https:\\\/\\\/staging.ctelift.com\\\/fr\\\/cte-signs-a-partnership-in-germany-with-atg-lift-gmbh\\\/\"},\"wordCount\":286,\"commentCount\":0,\"image\":{\"@id\":\"https:\\\/\\\/staging.ctelift.com\\\/fr\\\/cte-signs-a-partnership-in-germany-with-atg-lift-gmbh\\\/#primaryimage\"},\"thumbnailUrl\":\"https:\\\/\\\/staging.ctelift.com\\\/wp-content\\\/uploads\\\/2023\\\/06\\\/CTE-and-ATG-Lift-GmbH-scaled.jpg\",\"articleSection\":[\"News\"],\"inLanguage\":\"fr-FR\",\"potentialAction\":[{\"@type\":\"CommentAction\",\"name\":\"Comment\",\"target\":[\"https:\\\/\\\/staging.ctelift.com\\\/fr\\\/cte-signs-a-partnership-in-germany-with-atg-lift-gmbh\\\/#respond\"]}]},{\"@type\":\"WebPage\",\"@id\":\"https:\\\/\\\/staging.ctelift.com\\\/fr\\\/cte-signs-a-partnership-in-germany-with-atg-lift-gmbh\\\/\",\"url\":\"https:\\\/\\\/staging.ctelift.com\\\/fr\\\/cte-signs-a-partnership-in-germany-with-atg-lift-gmbh\\\/\",\"name\":\"CTE signs a partnership in Germany with ATG Lift GmbH - CTE\",\"isPartOf\":{\"@id\":\"https:\\\/\\\/staging.ctelift.com\\\/#website\"},\"primaryImageOfPage\":{\"@id\":\"https:\\\/\\\/staging.ctelift.com\\\/fr\\\/cte-signs-a-partnership-in-germany-with-atg-lift-gmbh\\\/#primaryimage\"},\"image\":{\"@id\":\"https:\\\/\\\/staging.ctelift.com\\\/fr\\\/cte-signs-a-partnership-in-germany-with-atg-lift-gmbh\\\/#primaryimage\"},\"thumbnailUrl\":\"https:\\\/\\\/staging.ctelift.com\\\/wp-content\\\/uploads\\\/2023\\\/06\\\/CTE-and-ATG-Lift-GmbH-scaled.jpg\",\"datePublished\":\"2023-06-06T15:29:22+00:00\",\"dateModified\":\"2023-06-06T15:30:39+00:00\",\"author\":{\"@id\":\"https:\\\/\\\/staging.ctelift.com\\\/#\\\/schema\\\/person\\\/b83f56a5bd85503f355fa1544c350ab9\"},\"breadcrumb\":{\"@id\":\"https:\\\/\\\/staging.ctelift.com\\\/fr\\\/cte-signs-a-partnership-in-germany-with-atg-lift-gmbh\\\/#breadcrumb\"},\"inLanguage\":\"fr-FR\",\"potentialAction\":[{\"@type\":\"ReadAction\",\"target\":[\"https:\\\/\\\/staging.ctelift.com\\\/fr\\\/cte-signs-a-partnership-in-germany-with-atg-lift-gmbh\\\/\"]}]},{\"@type\":\"ImageObject\",\"inLanguage\":\"fr-FR\",\"@id\":\"https:\\\/\\\/staging.ctelift.com\\\/fr\\\/cte-signs-a-partnership-in-germany-with-atg-lift-gmbh\\\/#primaryimage\",\"url\":\"https:\\\/\\\/staging.ctelift.com\\\/wp-content\\\/uploads\\\/2023\\\/06\\\/CTE-and-ATG-Lift-GmbH-scaled.jpg\",\"contentUrl\":\"https:\\\/\\\/staging.ctelift.com\\\/wp-content\\\/uploads\\\/2023\\\/06\\\/CTE-and-ATG-Lift-GmbH-scaled.jpg\",\"width\":2560,\"height\":1920},{\"@type\":\"BreadcrumbList\",\"@id\":\"https:\\\/\\\/staging.ctelift.com\\\/fr\\\/cte-signs-a-partnership-in-germany-with-atg-lift-gmbh\\\/#breadcrumb\",\"itemListElement\":[{\"@type\":\"ListItem\",\"position\":1,\"name\":\"Home\",\"item\":\"https:\\\/\\\/staging.ctelift.com\\\/fr\\\/\"},{\"@type\":\"ListItem\",\"position\":2,\"name\":\"CTE signs a partnership in Germany with ATG Lift GmbH\"}]},{\"@type\":\"WebSite\",\"@id\":\"https:\\\/\\\/staging.ctelift.com\\\/#website\",\"url\":\"https:\\\/\\\/staging.ctelift.com\\\/\",\"name\":\"CTE\",\"description\":\"work becomes easy\",\"potentialAction\":[{\"@type\":\"SearchAction\",\"target\":{\"@type\":\"EntryPoint\",\"urlTemplate\":\"https:\\\/\\\/staging.ctelift.com\\\/?s={search_term_string}\"},\"query-input\":{\"@type\":\"PropertyValueSpecification\",\"valueRequired\":true,\"valueName\":\"search_term_string\"}}],\"inLanguage\":\"fr-FR\"},{\"@type\":\"Person\",\"@id\":\"https:\\\/\\\/staging.ctelift.com\\\/#\\\/schema\\\/person\\\/b83f56a5bd85503f355fa1544c350ab9\",\"name\":\"cteuser\",\"url\":\"https:\\\/\\\/staging.ctelift.com\\\/fr\\\/author\\\/cteuser\\\/\"}]}<\/script>\n<!-- \/ Yoast SEO plugin. -->","yoast_head_json":{"title":"CTE signs a partnership in Germany with ATG Lift GmbH - CTE","robots":{"index":"noindex","follow":"follow","max-snippet":"max-snippet:-1","max-image-preview":"max-image-preview:large","max-video-preview":"max-video-preview:-1"},"og_locale":"fr_FR","og_type":"article","og_title":"CTE signs a partnership in Germany with ATG Lift GmbH - CTE","og_description":"CTE SpA, at the Apex show in Maastricht, is pleased to announce an agreement with ATG Lift GmbH as a new CTE partner in Germany for the brands CTE ZED, CTE MP, CTE B-LIFT truck mounted platforms and CTE TRACCESS spiderlifts for sales and after sales services. ATG lift will represent CTE in the south [&hellip;]","og_url":"https:\/\/staging.ctelift.com\/fr\/cte-signs-a-partnership-in-germany-with-atg-lift-gmbh\/","og_site_name":"CTE","article_published_time":"2023-06-06T15:29:22+00:00","article_modified_time":"2023-06-06T15:30:39+00:00","og_image":[{"width":2560,"height":1920,"url":"https:\/\/staging.ctelift.com\/wp-content\/uploads\/2023\/06\/CTE-and-ATG-Lift-GmbH-scaled.jpg","type":"image\/jpeg"}],"author":"cteuser","twitter_card":"summary_large_image","twitter_misc":{"\u00c9crit par":"cteuser","Dur\u00e9e de lecture estim\u00e9e":"2 minutes"},"schema":{"@context":"https:\/\/schema.org","@graph":[{"@type":"Article","@id":"https:\/\/staging.ctelift.com\/fr\/cte-signs-a-partnership-in-germany-with-atg-lift-gmbh\/#article","isPartOf":{"@id":"https:\/\/staging.ctelift.com\/fr\/cte-signs-a-partnership-in-germany-with-atg-lift-gmbh\/"},"author":{"name":"cteuser","@id":"https:\/\/staging.ctelift.com\/#\/schema\/person\/b83f56a5bd85503f355fa1544c350ab9"},"headline":"CTE signs a partnership in Germany with ATG Lift GmbH","datePublished":"2023-06-06T15:29:22+00:00","dateModified":"2023-06-06T15:30:39+00:00","mainEntityOfPage":{"@id":"https:\/\/staging.ctelift.com\/fr\/cte-signs-a-partnership-in-germany-with-atg-lift-gmbh\/"},"wordCount":286,"commentCount":0,"image":{"@id":"https:\/\/staging.ctelift.com\/fr\/cte-signs-a-partnership-in-germany-with-atg-lift-gmbh\/#primaryimage"},"thumbnailUrl":"https:\/\/staging.ctelift.com\/wp-content\/uploads\/2023\/06\/CTE-and-ATG-Lift-GmbH-scaled.jpg","articleSection":["News"],"inLanguage":"fr-FR","potentialAction":[{"@type":"CommentAction","name":"Comment","target":["https:\/\/staging.ctelift.com\/fr\/cte-signs-a-partnership-in-germany-with-atg-lift-gmbh\/#respond"]}]},{"@type":"WebPage","@id":"https:\/\/staging.ctelift.com\/fr\/cte-signs-a-partnership-in-germany-with-atg-lift-gmbh\/","url":"https:\/\/staging.ctelift.com\/fr\/cte-signs-a-partnership-in-germany-with-atg-lift-gmbh\/","name":"CTE signs a partnership in Germany with ATG Lift GmbH - CTE","isPartOf":{"@id":"https:\/\/staging.ctelift.com\/#website"},"primaryImageOfPage":{"@id":"https:\/\/staging.ctelift.com\/fr\/cte-signs-a-partnership-in-germany-with-atg-lift-gmbh\/#primaryimage"},"image":{"@id":"https:\/\/staging.ctelift.com\/fr\/cte-signs-a-partnership-in-germany-with-atg-lift-gmbh\/#primaryimage"},"thumbnailUrl":"https:\/\/staging.ctelift.com\/wp-content\/uploads\/2023\/06\/CTE-and-ATG-Lift-GmbH-scaled.jpg","datePublished":"2023-06-06T15:29:22+00:00","dateModified":"2023-06-06T15:30:39+00:00","author":{"@id":"https:\/\/staging.ctelift.com\/#\/schema\/person\/b83f56a5bd85503f355fa1544c350ab9"},"breadcrumb":{"@id":"https:\/\/staging.ctelift.com\/fr\/cte-signs-a-partnership-in-germany-with-atg-lift-gmbh\/#breadcrumb"},"inLanguage":"fr-FR","potentialAction":[{"@type":"ReadAction","target":["https:\/\/staging.ctelift.com\/fr\/cte-signs-a-partnership-in-germany-with-atg-lift-gmbh\/"]}]},{"@type":"ImageObject","inLanguage":"fr-FR","@id":"https:\/\/staging.ctelift.com\/fr\/cte-signs-a-partnership-in-germany-with-atg-lift-gmbh\/#primaryimage","url":"https:\/\/staging.ctelift.com\/wp-content\/uploads\/2023\/06\/CTE-and-ATG-Lift-GmbH-scaled.jpg","contentUrl":"https:\/\/staging.ctelift.com\/wp-content\/uploads\/2023\/06\/CTE-and-ATG-Lift-GmbH-scaled.jpg","width":2560,"height":1920},{"@type":"BreadcrumbList","@id":"https:\/\/staging.ctelift.com\/fr\/cte-signs-a-partnership-in-germany-with-atg-lift-gmbh\/#breadcrumb","itemListElement":[{"@type":"ListItem","position":1,"name":"Home","item":"https:\/\/staging.ctelift.com\/fr\/"},{"@type":"ListItem","position":2,"name":"CTE signs a partnership in Germany with ATG Lift GmbH"}]},{"@type":"WebSite","@id":"https:\/\/staging.ctelift.com\/#website","url":"https:\/\/staging.ctelift.com\/","name":"CTE","description":"work becomes easy","potentialAction":[{"@type":"SearchAction","target":{"@type":"EntryPoint","urlTemplate":"https:\/\/staging.ctelift.com\/?s={search_term_string}"},"query-input":{"@type":"PropertyValueSpecification","valueRequired":true,"valueName":"search_term_string"}}],"inLanguage":"fr-FR"},{"@type":"Person","@id":"https:\/\/staging.ctelift.com\/#\/schema\/person\/b83f56a5bd85503f355fa1544c350ab9","name":"cteuser","url":"https:\/\/staging.ctelift.com\/fr\/author\/cteuser\/"}]}},"_links":{"self":[{"href":"https:\/\/staging.ctelift.com\/fr\/wp-json\/wp\/v2\/posts\/48015","targetHints":{"allow":["GET"]}}],"collection":[{"href":"https:\/\/staging.ctelift.com\/fr\/wp-json\/wp\/v2\/posts"}],"about":[{"href":"https:\/\/staging.ctelift.com\/fr\/wp-json\/wp\/v2\/types\/post"}],"author":[{"embeddable":true,"href":"https:\/\/staging.ctelift.com\/fr\/wp-json\/wp\/v2\/users\/2"}],"replies":[{"embeddable":true,"href":"https:\/\/staging.ctelift.com\/fr\/wp-json\/wp\/v2\/comments?post=48015"}],"version-history":[{"count":1,"href":"https:\/\/staging.ctelift.com\/fr\/wp-json\/wp\/v2\/posts\/48015\/revisions"}],"predecessor-version":[{"id":48016,"href":"https:\/\/staging.ctelift.com\/fr\/wp-json\/wp\/v2\/posts\/48015\/revisions\/48016"}],"wp:featuredmedia":[{"embeddable":true,"href":"https:\/\/staging.ctelift.com\/fr\/wp-json\/wp\/v2\/media\/48006"}],"wp:attachment":[{"href":"https:\/\/staging.ctelift.com\/fr\/wp-json\/wp\/v2\/media?parent=48015"}],"wp:term":[{"taxonomy":"category","embeddable":true,"href":"https:\/\/staging.ctelift.com\/fr\/wp-json\/wp\/v2\/categories?post=48015"},{"taxonomy":"post_tag","embeddable":true,"href":"https:\/\/staging.ctelift.com\/fr\/wp-json\/wp\/v2\/tags?post=48015"}],"curies":[{"name":"wp","href":"https:\/\/api.w.org\/{rel}","templated":true}]}}