{"id":48038,"date":"2023-06-15T14:52:38","date_gmt":"2023-06-15T12:52:38","guid":{"rendered":"https:\/\/www.ctelift.com\/2023\/06\/15\/cte-france-jdl-expo-2023-in-collaborazione-con-snm-lift\/"},"modified":"2023-06-15T14:55:57","modified_gmt":"2023-06-15T12:55:57","slug":"cte-france-jdl-expo-2023-in-collaborazione-con-snm-lift","status":"publish","type":"post","link":"https:\/\/staging.ctelift.com\/fr\/cte-france-jdl-expo-2023-in-collaborazione-con-snm-lift\/","title":{"rendered":"CTE participe au salon JDL Expo 2023 en collaboration avec SNM Lift"},"content":{"rendered":"<p>&nbsp;<\/p>\n<p><strong>Un espace enti\u00e8rement d\u00e9di\u00e9 \u00e0 CTE France au sein du \u00ab\u00a0village\u00a0\u00bb SNM Lift.<\/strong><\/p>\n<p>&nbsp;<\/p>\n<p>CTE France sera pr\u00e9sent au JDL EXPO 2023 qui se d\u00e9roulera \u00e0 Beaune du 21 au 23 juin.<\/p>\n<p>La pr\u00e9sence de CTE France est au sein de l&rsquo;espace SNM Lift pour souligner l&rsquo;\u00e9troite collaboration entre les deux soci\u00e9t\u00e9s sur le march\u00e9 fran\u00e7ais.<\/p>\n<p>Dans un espace de 100 m\u00e8tres carr\u00e9s, 3 mod\u00e8les de nacelles seront expos\u00e9s, dont le mod\u00e8le full \u00e9lectrique <strong>CTE MP 20 Ev<\/strong> pour la premi\u00e8re fois en France.<\/p>\n<p>Le salon sera l&rsquo;occasion de pr\u00e9senter les solutions les plus innovantes propos\u00e9es par le c\u00e9l\u00e8bre fabricant italien pour le travail en hauteur, avec une attention particuli\u00e8re \u00e0 la durabilit\u00e9.<\/p>\n<p>&nbsp;<\/p>\n<p><strong>PRODUITS ON DISPLAY<\/strong><\/p>\n<p><strong>\u00a0<\/strong><\/p>\n<p><strong>TRACCESS 270<\/strong>: 27 m de hauteur de travail, 14 m de d\u00e9port et 250 kg de capacit\u00e9. Il est n\u00e9 comme une \u00e9volution du TRACCESS 230 d\u00e9j\u00e0 connu et fiable mais avec l&rsquo;ajout de nombreuses innovations, la principale \u00e9tant la pr\u00e9sence du S3 EVO. Gr\u00e2ce \u00e0 lui, il est possible de positionner chaque stabilisateur dans une position diff\u00e9rente, et, dans le panneau de commande, une radiocommande sans fil pouvant \u00eatre utilis\u00e9e \u00e0 la fois depuis le sol et dans le panier, il y a un affichage graphique qui vous permet d\u2019avoir son contr\u00f4le et voir quelles man\u0153uvres sont autoris\u00e9es. Il peut se d\u00e9placer avec la fl\u00e8che relev\u00e9e, tr\u00e8s utile sur les terrains en pente.<\/p>\n<p><strong>CTE ZED 20.4 HN<\/strong> sur Iveco atteint une hauteur de travail de 20 m, une port\u00e9e de 8,2 m et une charge utile de 250 kg. Le mod\u00e8le a un double pantographe, un bras t\u00e9lescopique avec une extension.<\/p>\n<p>La rotation de la tourelle est de \u00b1 115\u00b0, celle de la nacelle de 65\u00b0 vers la droite et de 65\u00b0 vers la gauche.<\/p>\n<p>La stabilisation est en configuration dans le gabarit, avec des stabilisateurs plac\u00e9s hydrauliquement avec des capteurs de contact au sol.<\/p>\n<p>Un mod\u00e8le appr\u00e9ci\u00e9 pour sa polyvalence gr\u00e2ce \u00e0 la possibilit\u00e9 d&rsquo;effectuer deux man\u0153uvres simultan\u00e9es et proportionnelles.<\/p>\n<p><strong>CTE MP 20 Ev<\/strong> a \u00e9t\u00e9 con\u00e7ue pour garantir l&rsquo;acc\u00e8s et l&rsquo;utilisation sur les chantiers et les zones \u00e0 \u00e9missions de gaz et de bruit limit\u00e9es, offrant des performances de travail et de s\u00e9curit\u00e9 maximales. CTE MP 20 Ev est la premi\u00e8re nacelle mont\u00e9e sur camion full-\u00e9lectrique de 20 m de hauteur de travail mont\u00e9e sur 3,5 tonnes. Un investissement important de CTE SpA en tant que leader sur le march\u00e9 du levage pour fabriquer des v\u00e9hicules enti\u00e8rement \u00e9lectriques respectueux de l&rsquo;environnement, pour travailler dans les centres historiques, les espaces verts, les chantiers de construction durables, m\u00eame la nuit gr\u00e2ce au silence total des v\u00e9hicules et des plateforme.<\/p>\n<p>Ce mod\u00e8le atteint 20 m de hauteur de travail, 13 m de d\u00e9port et 250 kg de capacit\u00e9.<\/p>\n<p>Avec configuration \u00e0 double bras, dont 1 t\u00e9lescopique + fl\u00e8che, enti\u00e8rement con\u00e7u, con\u00e7u et fabriqu\u00e9 en Italie avec la technologie CTE et SSAB.<\/p>\n<p>Console au sol avec t\u00e9l\u00e9commande sans fil et \u00e9cran int\u00e9gr\u00e9 pour des op\u00e9rations sans fil, console de panier avec le m\u00eame Look-n-Feel de la console au sol, \u00e9cran int\u00e9gr\u00e9, pour un apprentissage et une familiarisation facile pour l&rsquo;op\u00e9rateur. Il est \u00e9quip\u00e9 du syst\u00e8me de contr\u00f4le de pointe <strong>CTE S3 EVO<\/strong>, le syst\u00e8me de gestion intelligent sur les plates-formes a\u00e9riennes CTE, r\u00e9compens\u00e9 \u00e0 l&rsquo;IAPA 2022 avec le prix de l&rsquo;innovation technologique, qui permet aux utilisateurs finaux une exp\u00e9rience de travail en toute s\u00e9curit\u00e9 avec des performances maximales, et pour les gestionnaires de flotte, un contr\u00f4le du v\u00e9hicule simple, direct et optimis\u00e9. Ce mod\u00e8le est mont\u00e9 sur un camion enti\u00e8rement \u00e9lectrique <strong>e-carry Green-G<\/strong>. L&rsquo;autonomie du v\u00e9hicule est jusqu&rsquo;\u00e0 70 km (WLTP) et 25 cycles de travail (exemple de donn\u00e9es d&rsquo;utilisation\u00a0; les performances de transfert et les cycles de travail varient en fonction du mode d&rsquo;utilisation). Le syst\u00e8me d&rsquo;alimentation offre l&rsquo;avantage de pouvoir fonctionner enti\u00e8rement sur batterie ou en mode \u00ab\u00a0branch\u00e9\u00a0\u00bb connect\u00e9 au secteur avec le chargeur fourni (220V \/ 380V).<\/p>\n<p>&nbsp;<\/p>\n<p>&nbsp;<\/p>\n<p>&nbsp;<\/p>\n<p>We\u2019ll wait for you at the <strong>D39 booth<\/strong>\u00a0!<\/p>\n","protected":false},"excerpt":{"rendered":"<p>&nbsp; Un espace enti\u00e8rement d\u00e9di\u00e9 \u00e0 CTE France au sein du \u00ab\u00a0village\u00a0\u00bb SNM Lift. &nbsp; CTE France sera pr\u00e9sent au JDL EXPO 2023 qui se d\u00e9roulera \u00e0 Beaune du 21 au 23 juin. La pr\u00e9sence de CTE France est au sein de l&rsquo;espace SNM Lift pour souligner l&rsquo;\u00e9troite collaboration entre les deux soci\u00e9t\u00e9s sur le [&hellip;]<\/p>\n","protected":false},"author":2,"featured_media":48026,"comment_status":"open","ping_status":"open","sticky":false,"template":"","format":"standard","meta":{"_acf_changed":false,"_et_pb_use_builder":"","_et_pb_old_content":"","_et_gb_content_width":"","footnotes":""},"categories":[277],"tags":[],"class_list":["post-48038","post","type-post","status-publish","format-standard","has-post-thumbnail","hentry","category-news-fr"],"acf":[],"yoast_head":"<!-- This site is optimized with the Yoast SEO plugin v28.1 - https:\/\/yoast.com\/product\/yoast-seo-wordpress\/ -->\n<title>CTE participe au salon JDL Expo 2023 en collaboration avec SNM Lift - CTE<\/title>\n<meta name=\"robots\" content=\"noindex, follow, max-snippet:-1, max-image-preview:large, max-video-preview:-1\" \/>\n<meta property=\"og:locale\" content=\"fr_FR\" \/>\n<meta property=\"og:type\" content=\"article\" \/>\n<meta property=\"og:title\" content=\"CTE participe au salon JDL Expo 2023 en collaboration avec SNM Lift - CTE\" \/>\n<meta property=\"og:description\" content=\"&nbsp; Un espace enti\u00e8rement d\u00e9di\u00e9 \u00e0 CTE France au sein du \u00ab\u00a0village\u00a0\u00bb SNM Lift. &nbsp; CTE France sera pr\u00e9sent au JDL EXPO 2023 qui se d\u00e9roulera \u00e0 Beaune du 21 au 23 juin. La pr\u00e9sence de CTE France est au sein de l&rsquo;espace SNM Lift pour souligner l&rsquo;\u00e9troite collaboration entre les deux soci\u00e9t\u00e9s sur le [&hellip;]\" \/>\n<meta property=\"og:url\" content=\"https:\/\/staging.ctelift.com\/fr\/cte-france-jdl-expo-2023-in-collaborazione-con-snm-lift\/\" \/>\n<meta property=\"og:site_name\" content=\"CTE\" \/>\n<meta property=\"article:published_time\" content=\"2023-06-15T12:52:38+00:00\" \/>\n<meta property=\"article:modified_time\" content=\"2023-06-15T12:55:57+00:00\" \/>\n<meta property=\"og:image\" content=\"https:\/\/staging.ctelift.com\/wp-content\/uploads\/2023\/06\/JDL-expo-2023-screenshot.jpg\" \/>\n\t<meta property=\"og:image:width\" content=\"1024\" \/>\n\t<meta property=\"og:image:height\" content=\"500\" \/>\n\t<meta property=\"og:image:type\" content=\"image\/jpeg\" \/>\n<meta name=\"author\" content=\"cteuser\" \/>\n<meta name=\"twitter:card\" content=\"summary_large_image\" \/>\n<meta name=\"twitter:label1\" content=\"\u00c9crit par\" \/>\n\t<meta name=\"twitter:data1\" content=\"cteuser\" \/>\n\t<meta name=\"twitter:label2\" content=\"Dur\u00e9e de lecture estim\u00e9e\" \/>\n\t<meta name=\"twitter:data2\" content=\"4 minutes\" \/>\n<script type=\"application\/ld+json\" class=\"yoast-schema-graph\">{\"@context\":\"https:\\\/\\\/schema.org\",\"@graph\":[{\"@type\":\"Article\",\"@id\":\"https:\\\/\\\/staging.ctelift.com\\\/fr\\\/cte-france-jdl-expo-2023-in-collaborazione-con-snm-lift\\\/#article\",\"isPartOf\":{\"@id\":\"https:\\\/\\\/staging.ctelift.com\\\/fr\\\/cte-france-jdl-expo-2023-in-collaborazione-con-snm-lift\\\/\"},\"author\":{\"name\":\"cteuser\",\"@id\":\"https:\\\/\\\/staging.ctelift.com\\\/#\\\/schema\\\/person\\\/b83f56a5bd85503f355fa1544c350ab9\"},\"headline\":\"CTE participe au salon JDL Expo 2023 en collaboration avec SNM Lift\",\"datePublished\":\"2023-06-15T12:52:38+00:00\",\"dateModified\":\"2023-06-15T12:55:57+00:00\",\"mainEntityOfPage\":{\"@id\":\"https:\\\/\\\/staging.ctelift.com\\\/fr\\\/cte-france-jdl-expo-2023-in-collaborazione-con-snm-lift\\\/\"},\"wordCount\":729,\"commentCount\":0,\"image\":{\"@id\":\"https:\\\/\\\/staging.ctelift.com\\\/fr\\\/cte-france-jdl-expo-2023-in-collaborazione-con-snm-lift\\\/#primaryimage\"},\"thumbnailUrl\":\"https:\\\/\\\/staging.ctelift.com\\\/wp-content\\\/uploads\\\/2023\\\/06\\\/JDL-expo-2023-screenshot.jpg\",\"articleSection\":[\"News\"],\"inLanguage\":\"fr-FR\",\"potentialAction\":[{\"@type\":\"CommentAction\",\"name\":\"Comment\",\"target\":[\"https:\\\/\\\/staging.ctelift.com\\\/fr\\\/cte-france-jdl-expo-2023-in-collaborazione-con-snm-lift\\\/#respond\"]}]},{\"@type\":\"WebPage\",\"@id\":\"https:\\\/\\\/staging.ctelift.com\\\/fr\\\/cte-france-jdl-expo-2023-in-collaborazione-con-snm-lift\\\/\",\"url\":\"https:\\\/\\\/staging.ctelift.com\\\/fr\\\/cte-france-jdl-expo-2023-in-collaborazione-con-snm-lift\\\/\",\"name\":\"CTE participe au salon JDL Expo 2023 en collaboration avec SNM Lift - CTE\",\"isPartOf\":{\"@id\":\"https:\\\/\\\/staging.ctelift.com\\\/#website\"},\"primaryImageOfPage\":{\"@id\":\"https:\\\/\\\/staging.ctelift.com\\\/fr\\\/cte-france-jdl-expo-2023-in-collaborazione-con-snm-lift\\\/#primaryimage\"},\"image\":{\"@id\":\"https:\\\/\\\/staging.ctelift.com\\\/fr\\\/cte-france-jdl-expo-2023-in-collaborazione-con-snm-lift\\\/#primaryimage\"},\"thumbnailUrl\":\"https:\\\/\\\/staging.ctelift.com\\\/wp-content\\\/uploads\\\/2023\\\/06\\\/JDL-expo-2023-screenshot.jpg\",\"datePublished\":\"2023-06-15T12:52:38+00:00\",\"dateModified\":\"2023-06-15T12:55:57+00:00\",\"author\":{\"@id\":\"https:\\\/\\\/staging.ctelift.com\\\/#\\\/schema\\\/person\\\/b83f56a5bd85503f355fa1544c350ab9\"},\"breadcrumb\":{\"@id\":\"https:\\\/\\\/staging.ctelift.com\\\/fr\\\/cte-france-jdl-expo-2023-in-collaborazione-con-snm-lift\\\/#breadcrumb\"},\"inLanguage\":\"fr-FR\",\"potentialAction\":[{\"@type\":\"ReadAction\",\"target\":[\"https:\\\/\\\/staging.ctelift.com\\\/fr\\\/cte-france-jdl-expo-2023-in-collaborazione-con-snm-lift\\\/\"]}]},{\"@type\":\"ImageObject\",\"inLanguage\":\"fr-FR\",\"@id\":\"https:\\\/\\\/staging.ctelift.com\\\/fr\\\/cte-france-jdl-expo-2023-in-collaborazione-con-snm-lift\\\/#primaryimage\",\"url\":\"https:\\\/\\\/staging.ctelift.com\\\/wp-content\\\/uploads\\\/2023\\\/06\\\/JDL-expo-2023-screenshot.jpg\",\"contentUrl\":\"https:\\\/\\\/staging.ctelift.com\\\/wp-content\\\/uploads\\\/2023\\\/06\\\/JDL-expo-2023-screenshot.jpg\",\"width\":1024,\"height\":500},{\"@type\":\"BreadcrumbList\",\"@id\":\"https:\\\/\\\/staging.ctelift.com\\\/fr\\\/cte-france-jdl-expo-2023-in-collaborazione-con-snm-lift\\\/#breadcrumb\",\"itemListElement\":[{\"@type\":\"ListItem\",\"position\":1,\"name\":\"Home\",\"item\":\"https:\\\/\\\/staging.ctelift.com\\\/fr\\\/\"},{\"@type\":\"ListItem\",\"position\":2,\"name\":\"CTE participe au salon JDL Expo 2023 en collaboration avec SNM Lift\"}]},{\"@type\":\"WebSite\",\"@id\":\"https:\\\/\\\/staging.ctelift.com\\\/#website\",\"url\":\"https:\\\/\\\/staging.ctelift.com\\\/\",\"name\":\"CTE\",\"description\":\"work becomes easy\",\"potentialAction\":[{\"@type\":\"SearchAction\",\"target\":{\"@type\":\"EntryPoint\",\"urlTemplate\":\"https:\\\/\\\/staging.ctelift.com\\\/?s={search_term_string}\"},\"query-input\":{\"@type\":\"PropertyValueSpecification\",\"valueRequired\":true,\"valueName\":\"search_term_string\"}}],\"inLanguage\":\"fr-FR\"},{\"@type\":\"Person\",\"@id\":\"https:\\\/\\\/staging.ctelift.com\\\/#\\\/schema\\\/person\\\/b83f56a5bd85503f355fa1544c350ab9\",\"name\":\"cteuser\",\"url\":\"https:\\\/\\\/staging.ctelift.com\\\/fr\\\/author\\\/cteuser\\\/\"}]}<\/script>\n<!-- \/ Yoast SEO plugin. -->","yoast_head_json":{"title":"CTE participe au salon JDL Expo 2023 en collaboration avec SNM Lift - CTE","robots":{"index":"noindex","follow":"follow","max-snippet":"max-snippet:-1","max-image-preview":"max-image-preview:large","max-video-preview":"max-video-preview:-1"},"og_locale":"fr_FR","og_type":"article","og_title":"CTE participe au salon JDL Expo 2023 en collaboration avec SNM Lift - CTE","og_description":"&nbsp; Un espace enti\u00e8rement d\u00e9di\u00e9 \u00e0 CTE France au sein du \u00ab\u00a0village\u00a0\u00bb SNM Lift. &nbsp; CTE France sera pr\u00e9sent au JDL EXPO 2023 qui se d\u00e9roulera \u00e0 Beaune du 21 au 23 juin. La pr\u00e9sence de CTE France est au sein de l&rsquo;espace SNM Lift pour souligner l&rsquo;\u00e9troite collaboration entre les deux soci\u00e9t\u00e9s sur le [&hellip;]","og_url":"https:\/\/staging.ctelift.com\/fr\/cte-france-jdl-expo-2023-in-collaborazione-con-snm-lift\/","og_site_name":"CTE","article_published_time":"2023-06-15T12:52:38+00:00","article_modified_time":"2023-06-15T12:55:57+00:00","og_image":[{"width":1024,"height":500,"url":"https:\/\/staging.ctelift.com\/wp-content\/uploads\/2023\/06\/JDL-expo-2023-screenshot.jpg","type":"image\/jpeg"}],"author":"cteuser","twitter_card":"summary_large_image","twitter_misc":{"\u00c9crit par":"cteuser","Dur\u00e9e de lecture estim\u00e9e":"4 minutes"},"schema":{"@context":"https:\/\/schema.org","@graph":[{"@type":"Article","@id":"https:\/\/staging.ctelift.com\/fr\/cte-france-jdl-expo-2023-in-collaborazione-con-snm-lift\/#article","isPartOf":{"@id":"https:\/\/staging.ctelift.com\/fr\/cte-france-jdl-expo-2023-in-collaborazione-con-snm-lift\/"},"author":{"name":"cteuser","@id":"https:\/\/staging.ctelift.com\/#\/schema\/person\/b83f56a5bd85503f355fa1544c350ab9"},"headline":"CTE participe au salon JDL Expo 2023 en collaboration avec SNM Lift","datePublished":"2023-06-15T12:52:38+00:00","dateModified":"2023-06-15T12:55:57+00:00","mainEntityOfPage":{"@id":"https:\/\/staging.ctelift.com\/fr\/cte-france-jdl-expo-2023-in-collaborazione-con-snm-lift\/"},"wordCount":729,"commentCount":0,"image":{"@id":"https:\/\/staging.ctelift.com\/fr\/cte-france-jdl-expo-2023-in-collaborazione-con-snm-lift\/#primaryimage"},"thumbnailUrl":"https:\/\/staging.ctelift.com\/wp-content\/uploads\/2023\/06\/JDL-expo-2023-screenshot.jpg","articleSection":["News"],"inLanguage":"fr-FR","potentialAction":[{"@type":"CommentAction","name":"Comment","target":["https:\/\/staging.ctelift.com\/fr\/cte-france-jdl-expo-2023-in-collaborazione-con-snm-lift\/#respond"]}]},{"@type":"WebPage","@id":"https:\/\/staging.ctelift.com\/fr\/cte-france-jdl-expo-2023-in-collaborazione-con-snm-lift\/","url":"https:\/\/staging.ctelift.com\/fr\/cte-france-jdl-expo-2023-in-collaborazione-con-snm-lift\/","name":"CTE participe au salon JDL Expo 2023 en collaboration avec SNM Lift - CTE","isPartOf":{"@id":"https:\/\/staging.ctelift.com\/#website"},"primaryImageOfPage":{"@id":"https:\/\/staging.ctelift.com\/fr\/cte-france-jdl-expo-2023-in-collaborazione-con-snm-lift\/#primaryimage"},"image":{"@id":"https:\/\/staging.ctelift.com\/fr\/cte-france-jdl-expo-2023-in-collaborazione-con-snm-lift\/#primaryimage"},"thumbnailUrl":"https:\/\/staging.ctelift.com\/wp-content\/uploads\/2023\/06\/JDL-expo-2023-screenshot.jpg","datePublished":"2023-06-15T12:52:38+00:00","dateModified":"2023-06-15T12:55:57+00:00","author":{"@id":"https:\/\/staging.ctelift.com\/#\/schema\/person\/b83f56a5bd85503f355fa1544c350ab9"},"breadcrumb":{"@id":"https:\/\/staging.ctelift.com\/fr\/cte-france-jdl-expo-2023-in-collaborazione-con-snm-lift\/#breadcrumb"},"inLanguage":"fr-FR","potentialAction":[{"@type":"ReadAction","target":["https:\/\/staging.ctelift.com\/fr\/cte-france-jdl-expo-2023-in-collaborazione-con-snm-lift\/"]}]},{"@type":"ImageObject","inLanguage":"fr-FR","@id":"https:\/\/staging.ctelift.com\/fr\/cte-france-jdl-expo-2023-in-collaborazione-con-snm-lift\/#primaryimage","url":"https:\/\/staging.ctelift.com\/wp-content\/uploads\/2023\/06\/JDL-expo-2023-screenshot.jpg","contentUrl":"https:\/\/staging.ctelift.com\/wp-content\/uploads\/2023\/06\/JDL-expo-2023-screenshot.jpg","width":1024,"height":500},{"@type":"BreadcrumbList","@id":"https:\/\/staging.ctelift.com\/fr\/cte-france-jdl-expo-2023-in-collaborazione-con-snm-lift\/#breadcrumb","itemListElement":[{"@type":"ListItem","position":1,"name":"Home","item":"https:\/\/staging.ctelift.com\/fr\/"},{"@type":"ListItem","position":2,"name":"CTE participe au salon JDL Expo 2023 en collaboration avec SNM Lift"}]},{"@type":"WebSite","@id":"https:\/\/staging.ctelift.com\/#website","url":"https:\/\/staging.ctelift.com\/","name":"CTE","description":"work becomes easy","potentialAction":[{"@type":"SearchAction","target":{"@type":"EntryPoint","urlTemplate":"https:\/\/staging.ctelift.com\/?s={search_term_string}"},"query-input":{"@type":"PropertyValueSpecification","valueRequired":true,"valueName":"search_term_string"}}],"inLanguage":"fr-FR"},{"@type":"Person","@id":"https:\/\/staging.ctelift.com\/#\/schema\/person\/b83f56a5bd85503f355fa1544c350ab9","name":"cteuser","url":"https:\/\/staging.ctelift.com\/fr\/author\/cteuser\/"}]}},"_links":{"self":[{"href":"https:\/\/staging.ctelift.com\/fr\/wp-json\/wp\/v2\/posts\/48038","targetHints":{"allow":["GET"]}}],"collection":[{"href":"https:\/\/staging.ctelift.com\/fr\/wp-json\/wp\/v2\/posts"}],"about":[{"href":"https:\/\/staging.ctelift.com\/fr\/wp-json\/wp\/v2\/types\/post"}],"author":[{"embeddable":true,"href":"https:\/\/staging.ctelift.com\/fr\/wp-json\/wp\/v2\/users\/2"}],"replies":[{"embeddable":true,"href":"https:\/\/staging.ctelift.com\/fr\/wp-json\/wp\/v2\/comments?post=48038"}],"version-history":[{"count":1,"href":"https:\/\/staging.ctelift.com\/fr\/wp-json\/wp\/v2\/posts\/48038\/revisions"}],"predecessor-version":[{"id":48039,"href":"https:\/\/staging.ctelift.com\/fr\/wp-json\/wp\/v2\/posts\/48038\/revisions\/48039"}],"wp:featuredmedia":[{"embeddable":true,"href":"https:\/\/staging.ctelift.com\/fr\/wp-json\/wp\/v2\/media\/48026"}],"wp:attachment":[{"href":"https:\/\/staging.ctelift.com\/fr\/wp-json\/wp\/v2\/media?parent=48038"}],"wp:term":[{"taxonomy":"category","embeddable":true,"href":"https:\/\/staging.ctelift.com\/fr\/wp-json\/wp\/v2\/categories?post=48038"},{"taxonomy":"post_tag","embeddable":true,"href":"https:\/\/staging.ctelift.com\/fr\/wp-json\/wp\/v2\/tags?post=48038"}],"curies":[{"name":"wp","href":"https:\/\/api.w.org\/{rel}","templated":true}]}}