{"id":49670,"date":"2024-07-31T09:30:09","date_gmt":"2024-07-31T07:30:09","guid":{"rendered":"https:\/\/www.ctelift.com\/2024\/07\/31\/chiusura-estiva-2\/"},"modified":"2024-07-31T09:42:23","modified_gmt":"2024-07-31T07:42:23","slug":"chiusura-estiva-2","status":"publish","type":"post","link":"https:\/\/staging.ctelift.com\/fr\/chiusura-estiva-2\/","title":{"rendered":"Fermeture estivale de CTE"},"content":{"rendered":"<p>Chers clients,<\/p>\n<p>Nous vous informons que les bureaux de <strong>CTE SpA<\/strong> seront ferm\u00e9s du <strong>12 au 23 ao\u00fbt 2024<\/strong> inclus. Nous serons de nouveau op\u00e9rationnels le lundi 26 ao\u00fbt.<\/p>\n<p>Durant cette p\u00e9riode, notre service apr\u00e8s-vente sera toujours disponible sauf le jeudi 15 et le vendredi 16 ao\u00fbt.<\/p>\n<p>Les contacts de r\u00e9f\u00e9rence pour le service apr\u00e8s-vente en Italie sont les suivants :<br \/>\n<strong>ASSISTANCE<\/strong> : t\u00e9l 0464 711200 e-mail service@ctelift.com<br \/>\n<strong>PI\u00c8CES DE RECHANGE<\/strong>\u00a0: t\u00e9l. 0464 711200 email parts@ctelift.com<\/p>\n<p><strong>CTE France sera toujours disponible tout l&rsquo;\u00e9t\u00e9 \u00e0 l&rsquo;exception des 15 et 16 ao\u00fbt !<\/strong><\/p>\n<p>Joyeux \u00e9t\u00e9 \u00e0 vous tous !<\/p>\n","protected":false},"excerpt":{"rendered":"<p>Chers clients, Nous vous informons que les bureaux de CTE SpA seront ferm\u00e9s du 12 au 23 ao\u00fbt 2024 inclus. Nous serons de nouveau op\u00e9rationnels le lundi 26 ao\u00fbt. Durant cette p\u00e9riode, notre service apr\u00e8s-vente sera toujours disponible sauf le jeudi 15 et le vendredi 16 ao\u00fbt. Les contacts de r\u00e9f\u00e9rence pour le service apr\u00e8s-vente [&hellip;]<\/p>\n","protected":false},"author":2,"featured_media":49645,"comment_status":"closed","ping_status":"open","sticky":false,"template":"","format":"standard","meta":{"_acf_changed":false,"_et_pb_use_builder":"","_et_pb_old_content":"","_et_gb_content_width":"","footnotes":""},"categories":[277],"tags":[],"class_list":["post-49670","post","type-post","status-publish","format-standard","has-post-thumbnail","hentry","category-news-fr"],"acf":[],"yoast_head":"<!-- This site is optimized with the Yoast SEO plugin v28.1 - https:\/\/yoast.com\/product\/yoast-seo-wordpress\/ -->\n<title>Fermeture estivale de CTE - CTE<\/title>\n<meta name=\"robots\" content=\"noindex, follow, max-snippet:-1, max-image-preview:large, max-video-preview:-1\" \/>\n<meta property=\"og:locale\" content=\"fr_FR\" \/>\n<meta property=\"og:type\" content=\"article\" \/>\n<meta property=\"og:title\" content=\"Fermeture estivale de CTE - CTE\" \/>\n<meta property=\"og:description\" content=\"Chers clients, Nous vous informons que les bureaux de CTE SpA seront ferm\u00e9s du 12 au 23 ao\u00fbt 2024 inclus. Nous serons de nouveau op\u00e9rationnels le lundi 26 ao\u00fbt. Durant cette p\u00e9riode, notre service apr\u00e8s-vente sera toujours disponible sauf le jeudi 15 et le vendredi 16 ao\u00fbt. Les contacts de r\u00e9f\u00e9rence pour le service apr\u00e8s-vente [&hellip;]\" \/>\n<meta property=\"og:url\" content=\"https:\/\/staging.ctelift.com\/fr\/chiusura-estiva-2\/\" \/>\n<meta property=\"og:site_name\" content=\"CTE\" \/>\n<meta property=\"article:published_time\" content=\"2024-07-31T07:30:09+00:00\" \/>\n<meta property=\"article:modified_time\" content=\"2024-07-31T07:42:23+00:00\" \/>\n<meta property=\"og:image\" content=\"https:\/\/staging.ctelift.com\/wp-content\/uploads\/2024\/07\/Vacanze-estive.png\" \/>\n\t<meta property=\"og:image:width\" content=\"940\" \/>\n\t<meta property=\"og:image:height\" content=\"788\" \/>\n\t<meta property=\"og:image:type\" content=\"image\/png\" \/>\n<meta name=\"author\" content=\"cteuser\" \/>\n<meta name=\"twitter:card\" content=\"summary_large_image\" \/>\n<meta name=\"twitter:label1\" content=\"\u00c9crit par\" \/>\n\t<meta name=\"twitter:data1\" content=\"cteuser\" \/>\n\t<meta name=\"twitter:label2\" content=\"Dur\u00e9e de lecture estim\u00e9e\" \/>\n\t<meta name=\"twitter:data2\" content=\"1 minute\" \/>\n<script type=\"application\/ld+json\" class=\"yoast-schema-graph\">{\"@context\":\"https:\\\/\\\/schema.org\",\"@graph\":[{\"@type\":\"Article\",\"@id\":\"https:\\\/\\\/staging.ctelift.com\\\/fr\\\/chiusura-estiva-2\\\/#article\",\"isPartOf\":{\"@id\":\"https:\\\/\\\/staging.ctelift.com\\\/fr\\\/chiusura-estiva-2\\\/\"},\"author\":{\"name\":\"cteuser\",\"@id\":\"https:\\\/\\\/staging.ctelift.com\\\/#\\\/schema\\\/person\\\/b83f56a5bd85503f355fa1544c350ab9\"},\"headline\":\"Fermeture estivale de CTE\",\"datePublished\":\"2024-07-31T07:30:09+00:00\",\"dateModified\":\"2024-07-31T07:42:23+00:00\",\"mainEntityOfPage\":{\"@id\":\"https:\\\/\\\/staging.ctelift.com\\\/fr\\\/chiusura-estiva-2\\\/\"},\"wordCount\":103,\"image\":{\"@id\":\"https:\\\/\\\/staging.ctelift.com\\\/fr\\\/chiusura-estiva-2\\\/#primaryimage\"},\"thumbnailUrl\":\"https:\\\/\\\/staging.ctelift.com\\\/wp-content\\\/uploads\\\/2024\\\/07\\\/Vacanze-estive.png\",\"articleSection\":[\"News\"],\"inLanguage\":\"fr-FR\"},{\"@type\":\"WebPage\",\"@id\":\"https:\\\/\\\/staging.ctelift.com\\\/fr\\\/chiusura-estiva-2\\\/\",\"url\":\"https:\\\/\\\/staging.ctelift.com\\\/fr\\\/chiusura-estiva-2\\\/\",\"name\":\"Fermeture estivale de CTE - CTE\",\"isPartOf\":{\"@id\":\"https:\\\/\\\/staging.ctelift.com\\\/#website\"},\"primaryImageOfPage\":{\"@id\":\"https:\\\/\\\/staging.ctelift.com\\\/fr\\\/chiusura-estiva-2\\\/#primaryimage\"},\"image\":{\"@id\":\"https:\\\/\\\/staging.ctelift.com\\\/fr\\\/chiusura-estiva-2\\\/#primaryimage\"},\"thumbnailUrl\":\"https:\\\/\\\/staging.ctelift.com\\\/wp-content\\\/uploads\\\/2024\\\/07\\\/Vacanze-estive.png\",\"datePublished\":\"2024-07-31T07:30:09+00:00\",\"dateModified\":\"2024-07-31T07:42:23+00:00\",\"author\":{\"@id\":\"https:\\\/\\\/staging.ctelift.com\\\/#\\\/schema\\\/person\\\/b83f56a5bd85503f355fa1544c350ab9\"},\"breadcrumb\":{\"@id\":\"https:\\\/\\\/staging.ctelift.com\\\/fr\\\/chiusura-estiva-2\\\/#breadcrumb\"},\"inLanguage\":\"fr-FR\",\"potentialAction\":[{\"@type\":\"ReadAction\",\"target\":[\"https:\\\/\\\/staging.ctelift.com\\\/fr\\\/chiusura-estiva-2\\\/\"]}]},{\"@type\":\"ImageObject\",\"inLanguage\":\"fr-FR\",\"@id\":\"https:\\\/\\\/staging.ctelift.com\\\/fr\\\/chiusura-estiva-2\\\/#primaryimage\",\"url\":\"https:\\\/\\\/staging.ctelift.com\\\/wp-content\\\/uploads\\\/2024\\\/07\\\/Vacanze-estive.png\",\"contentUrl\":\"https:\\\/\\\/staging.ctelift.com\\\/wp-content\\\/uploads\\\/2024\\\/07\\\/Vacanze-estive.png\",\"width\":940,\"height\":788},{\"@type\":\"BreadcrumbList\",\"@id\":\"https:\\\/\\\/staging.ctelift.com\\\/fr\\\/chiusura-estiva-2\\\/#breadcrumb\",\"itemListElement\":[{\"@type\":\"ListItem\",\"position\":1,\"name\":\"Home\",\"item\":\"https:\\\/\\\/staging.ctelift.com\\\/fr\\\/\"},{\"@type\":\"ListItem\",\"position\":2,\"name\":\"Fermeture estivale de CTE\"}]},{\"@type\":\"WebSite\",\"@id\":\"https:\\\/\\\/staging.ctelift.com\\\/#website\",\"url\":\"https:\\\/\\\/staging.ctelift.com\\\/\",\"name\":\"CTE\",\"description\":\"work becomes easy\",\"potentialAction\":[{\"@type\":\"SearchAction\",\"target\":{\"@type\":\"EntryPoint\",\"urlTemplate\":\"https:\\\/\\\/staging.ctelift.com\\\/?s={search_term_string}\"},\"query-input\":{\"@type\":\"PropertyValueSpecification\",\"valueRequired\":true,\"valueName\":\"search_term_string\"}}],\"inLanguage\":\"fr-FR\"},{\"@type\":\"Person\",\"@id\":\"https:\\\/\\\/staging.ctelift.com\\\/#\\\/schema\\\/person\\\/b83f56a5bd85503f355fa1544c350ab9\",\"name\":\"cteuser\",\"url\":\"https:\\\/\\\/staging.ctelift.com\\\/fr\\\/author\\\/cteuser\\\/\"}]}<\/script>\n<!-- \/ Yoast SEO plugin. -->","yoast_head_json":{"title":"Fermeture estivale de CTE - CTE","robots":{"index":"noindex","follow":"follow","max-snippet":"max-snippet:-1","max-image-preview":"max-image-preview:large","max-video-preview":"max-video-preview:-1"},"og_locale":"fr_FR","og_type":"article","og_title":"Fermeture estivale de CTE - CTE","og_description":"Chers clients, Nous vous informons que les bureaux de CTE SpA seront ferm\u00e9s du 12 au 23 ao\u00fbt 2024 inclus. Nous serons de nouveau op\u00e9rationnels le lundi 26 ao\u00fbt. Durant cette p\u00e9riode, notre service apr\u00e8s-vente sera toujours disponible sauf le jeudi 15 et le vendredi 16 ao\u00fbt. Les contacts de r\u00e9f\u00e9rence pour le service apr\u00e8s-vente [&hellip;]","og_url":"https:\/\/staging.ctelift.com\/fr\/chiusura-estiva-2\/","og_site_name":"CTE","article_published_time":"2024-07-31T07:30:09+00:00","article_modified_time":"2024-07-31T07:42:23+00:00","og_image":[{"width":940,"height":788,"url":"https:\/\/staging.ctelift.com\/wp-content\/uploads\/2024\/07\/Vacanze-estive.png","type":"image\/png"}],"author":"cteuser","twitter_card":"summary_large_image","twitter_misc":{"\u00c9crit par":"cteuser","Dur\u00e9e de lecture estim\u00e9e":"1 minute"},"schema":{"@context":"https:\/\/schema.org","@graph":[{"@type":"Article","@id":"https:\/\/staging.ctelift.com\/fr\/chiusura-estiva-2\/#article","isPartOf":{"@id":"https:\/\/staging.ctelift.com\/fr\/chiusura-estiva-2\/"},"author":{"name":"cteuser","@id":"https:\/\/staging.ctelift.com\/#\/schema\/person\/b83f56a5bd85503f355fa1544c350ab9"},"headline":"Fermeture estivale de CTE","datePublished":"2024-07-31T07:30:09+00:00","dateModified":"2024-07-31T07:42:23+00:00","mainEntityOfPage":{"@id":"https:\/\/staging.ctelift.com\/fr\/chiusura-estiva-2\/"},"wordCount":103,"image":{"@id":"https:\/\/staging.ctelift.com\/fr\/chiusura-estiva-2\/#primaryimage"},"thumbnailUrl":"https:\/\/staging.ctelift.com\/wp-content\/uploads\/2024\/07\/Vacanze-estive.png","articleSection":["News"],"inLanguage":"fr-FR"},{"@type":"WebPage","@id":"https:\/\/staging.ctelift.com\/fr\/chiusura-estiva-2\/","url":"https:\/\/staging.ctelift.com\/fr\/chiusura-estiva-2\/","name":"Fermeture estivale de CTE - CTE","isPartOf":{"@id":"https:\/\/staging.ctelift.com\/#website"},"primaryImageOfPage":{"@id":"https:\/\/staging.ctelift.com\/fr\/chiusura-estiva-2\/#primaryimage"},"image":{"@id":"https:\/\/staging.ctelift.com\/fr\/chiusura-estiva-2\/#primaryimage"},"thumbnailUrl":"https:\/\/staging.ctelift.com\/wp-content\/uploads\/2024\/07\/Vacanze-estive.png","datePublished":"2024-07-31T07:30:09+00:00","dateModified":"2024-07-31T07:42:23+00:00","author":{"@id":"https:\/\/staging.ctelift.com\/#\/schema\/person\/b83f56a5bd85503f355fa1544c350ab9"},"breadcrumb":{"@id":"https:\/\/staging.ctelift.com\/fr\/chiusura-estiva-2\/#breadcrumb"},"inLanguage":"fr-FR","potentialAction":[{"@type":"ReadAction","target":["https:\/\/staging.ctelift.com\/fr\/chiusura-estiva-2\/"]}]},{"@type":"ImageObject","inLanguage":"fr-FR","@id":"https:\/\/staging.ctelift.com\/fr\/chiusura-estiva-2\/#primaryimage","url":"https:\/\/staging.ctelift.com\/wp-content\/uploads\/2024\/07\/Vacanze-estive.png","contentUrl":"https:\/\/staging.ctelift.com\/wp-content\/uploads\/2024\/07\/Vacanze-estive.png","width":940,"height":788},{"@type":"BreadcrumbList","@id":"https:\/\/staging.ctelift.com\/fr\/chiusura-estiva-2\/#breadcrumb","itemListElement":[{"@type":"ListItem","position":1,"name":"Home","item":"https:\/\/staging.ctelift.com\/fr\/"},{"@type":"ListItem","position":2,"name":"Fermeture estivale de CTE"}]},{"@type":"WebSite","@id":"https:\/\/staging.ctelift.com\/#website","url":"https:\/\/staging.ctelift.com\/","name":"CTE","description":"work becomes easy","potentialAction":[{"@type":"SearchAction","target":{"@type":"EntryPoint","urlTemplate":"https:\/\/staging.ctelift.com\/?s={search_term_string}"},"query-input":{"@type":"PropertyValueSpecification","valueRequired":true,"valueName":"search_term_string"}}],"inLanguage":"fr-FR"},{"@type":"Person","@id":"https:\/\/staging.ctelift.com\/#\/schema\/person\/b83f56a5bd85503f355fa1544c350ab9","name":"cteuser","url":"https:\/\/staging.ctelift.com\/fr\/author\/cteuser\/"}]}},"_links":{"self":[{"href":"https:\/\/staging.ctelift.com\/fr\/wp-json\/wp\/v2\/posts\/49670","targetHints":{"allow":["GET"]}}],"collection":[{"href":"https:\/\/staging.ctelift.com\/fr\/wp-json\/wp\/v2\/posts"}],"about":[{"href":"https:\/\/staging.ctelift.com\/fr\/wp-json\/wp\/v2\/types\/post"}],"author":[{"embeddable":true,"href":"https:\/\/staging.ctelift.com\/fr\/wp-json\/wp\/v2\/users\/2"}],"replies":[{"embeddable":true,"href":"https:\/\/staging.ctelift.com\/fr\/wp-json\/wp\/v2\/comments?post=49670"}],"version-history":[{"count":2,"href":"https:\/\/staging.ctelift.com\/fr\/wp-json\/wp\/v2\/posts\/49670\/revisions"}],"predecessor-version":[{"id":49672,"href":"https:\/\/staging.ctelift.com\/fr\/wp-json\/wp\/v2\/posts\/49670\/revisions\/49672"}],"wp:featuredmedia":[{"embeddable":true,"href":"https:\/\/staging.ctelift.com\/fr\/wp-json\/wp\/v2\/media\/49645"}],"wp:attachment":[{"href":"https:\/\/staging.ctelift.com\/fr\/wp-json\/wp\/v2\/media?parent=49670"}],"wp:term":[{"taxonomy":"category","embeddable":true,"href":"https:\/\/staging.ctelift.com\/fr\/wp-json\/wp\/v2\/categories?post=49670"},{"taxonomy":"post_tag","embeddable":true,"href":"https:\/\/staging.ctelift.com\/fr\/wp-json\/wp\/v2\/tags?post=49670"}],"curies":[{"name":"wp","href":"https:\/\/api.w.org\/{rel}","templated":true}]}}