{"id":50354,"date":"2025-07-29T12:30:30","date_gmt":"2025-07-29T10:30:30","guid":{"rendered":"https:\/\/www.ctelift.com\/?p=50354"},"modified":"2025-07-29T12:30:30","modified_gmt":"2025-07-29T10:30:30","slug":"cte-summer-holidays","status":"publish","type":"post","link":"https:\/\/staging.ctelift.com\/fr\/cte-summer-holidays\/","title":{"rendered":"CTE Summer Holidays"},"content":{"rendered":"<p>Nous tenons \u00e0 vous informer que <strong>nos bureaux seront ferm\u00e9s du 11 au 22 ao\u00fbt 2025<\/strong>. Nous serons de retour le lundi 25.<\/p>\n<p>&nbsp;<\/p>\n<p><strong>Notre service apr\u00e8s-vente sera disponible tout au long de la p\u00e9riode estivale<\/strong>, \u00e0 l&rsquo;exception du 15 ao\u00fbt, o\u00f9 nos bureaux seront ferm\u00e9s.<\/p>\n<p>&nbsp;<\/p>\n<p>Voici les coordonn\u00e9es \u00e0 contacter :<\/p>\n<p>\u00b7 Service apr\u00e8s-vente : t\u00e9l\u00e9phone +39 0464 711200 et e-mail : service@ctelift.com<\/p>\n<p>\u00b7 Service pi\u00e8ces d\u00e9tach\u00e9es : t\u00e9l\u00e9phone +39 39 0464 711200 et e-mail : parts@ctelift.com<\/p>\n<p>&nbsp;<\/p>\n<p>Nous vous souhaitons de bonnes vacances !<\/p>\n<p>&nbsp;<\/p>\n","protected":false},"excerpt":{"rendered":"<p>Nous tenons \u00e0 vous informer que nos bureaux seront ferm\u00e9s du 11 au 22 ao\u00fbt 2025. Nous serons de retour le lundi 25. &nbsp; Notre service apr\u00e8s-vente sera disponible tout au long de la p\u00e9riode estivale, \u00e0 l&rsquo;exception du 15 ao\u00fbt, o\u00f9 nos bureaux seront ferm\u00e9s. &nbsp; Voici les coordonn\u00e9es \u00e0 contacter : \u00b7 Service [&hellip;]<\/p>\n","protected":false},"author":2,"featured_media":50341,"comment_status":"closed","ping_status":"open","sticky":false,"template":"","format":"standard","meta":{"_acf_changed":false,"_et_pb_use_builder":"","_et_pb_old_content":"","_et_gb_content_width":"","footnotes":""},"categories":[277],"tags":[],"class_list":["post-50354","post","type-post","status-publish","format-standard","has-post-thumbnail","hentry","category-news-fr"],"acf":[],"yoast_head":"<!-- This site is optimized with the Yoast SEO plugin v28.1 - https:\/\/yoast.com\/product\/yoast-seo-wordpress\/ -->\n<title>CTE Summer Holidays - CTE<\/title>\n<meta name=\"robots\" content=\"noindex, follow, max-snippet:-1, max-image-preview:large, max-video-preview:-1\" \/>\n<meta property=\"og:locale\" content=\"fr_FR\" \/>\n<meta property=\"og:type\" content=\"article\" \/>\n<meta property=\"og:title\" content=\"CTE Summer Holidays - CTE\" \/>\n<meta property=\"og:description\" content=\"Nous tenons \u00e0 vous informer que nos bureaux seront ferm\u00e9s du 11 au 22 ao\u00fbt 2025. Nous serons de retour le lundi 25. &nbsp; Notre service apr\u00e8s-vente sera disponible tout au long de la p\u00e9riode estivale, \u00e0 l&rsquo;exception du 15 ao\u00fbt, o\u00f9 nos bureaux seront ferm\u00e9s. &nbsp; Voici les coordonn\u00e9es \u00e0 contacter : \u00b7 Service [&hellip;]\" \/>\n<meta property=\"og:url\" content=\"https:\/\/staging.ctelift.com\/fr\/cte-summer-holidays\/\" \/>\n<meta property=\"og:site_name\" content=\"CTE\" \/>\n<meta property=\"article:published_time\" content=\"2025-07-29T10:30:30+00:00\" \/>\n<meta property=\"og:image\" content=\"https:\/\/staging.ctelift.com\/wp-content\/uploads\/2025\/07\/Vacanze-estive-2025.jpg\" \/>\n\t<meta property=\"og:image:width\" content=\"940\" \/>\n\t<meta property=\"og:image:height\" content=\"788\" \/>\n\t<meta property=\"og:image:type\" content=\"image\/jpeg\" \/>\n<meta name=\"author\" content=\"cteuser\" \/>\n<meta name=\"twitter:card\" content=\"summary_large_image\" \/>\n<meta name=\"twitter:label1\" content=\"\u00c9crit par\" \/>\n\t<meta name=\"twitter:data1\" content=\"cteuser\" \/>\n\t<meta name=\"twitter:label2\" content=\"Dur\u00e9e de lecture estim\u00e9e\" \/>\n\t<meta name=\"twitter:data2\" content=\"1 minute\" \/>\n<script type=\"application\/ld+json\" class=\"yoast-schema-graph\">{\"@context\":\"https:\\\/\\\/schema.org\",\"@graph\":[{\"@type\":\"Article\",\"@id\":\"https:\\\/\\\/staging.ctelift.com\\\/fr\\\/cte-summer-holidays\\\/#article\",\"isPartOf\":{\"@id\":\"https:\\\/\\\/staging.ctelift.com\\\/fr\\\/cte-summer-holidays\\\/\"},\"author\":{\"name\":\"cteuser\",\"@id\":\"https:\\\/\\\/staging.ctelift.com\\\/#\\\/schema\\\/person\\\/b83f56a5bd85503f355fa1544c350ab9\"},\"headline\":\"CTE Summer Holidays\",\"datePublished\":\"2025-07-29T10:30:30+00:00\",\"mainEntityOfPage\":{\"@id\":\"https:\\\/\\\/staging.ctelift.com\\\/fr\\\/cte-summer-holidays\\\/\"},\"wordCount\":88,\"image\":{\"@id\":\"https:\\\/\\\/staging.ctelift.com\\\/fr\\\/cte-summer-holidays\\\/#primaryimage\"},\"thumbnailUrl\":\"https:\\\/\\\/staging.ctelift.com\\\/wp-content\\\/uploads\\\/2025\\\/07\\\/Vacanze-estive-2025.jpg\",\"articleSection\":[\"News\"],\"inLanguage\":\"fr-FR\"},{\"@type\":\"WebPage\",\"@id\":\"https:\\\/\\\/staging.ctelift.com\\\/fr\\\/cte-summer-holidays\\\/\",\"url\":\"https:\\\/\\\/staging.ctelift.com\\\/fr\\\/cte-summer-holidays\\\/\",\"name\":\"CTE Summer Holidays - CTE\",\"isPartOf\":{\"@id\":\"https:\\\/\\\/staging.ctelift.com\\\/#website\"},\"primaryImageOfPage\":{\"@id\":\"https:\\\/\\\/staging.ctelift.com\\\/fr\\\/cte-summer-holidays\\\/#primaryimage\"},\"image\":{\"@id\":\"https:\\\/\\\/staging.ctelift.com\\\/fr\\\/cte-summer-holidays\\\/#primaryimage\"},\"thumbnailUrl\":\"https:\\\/\\\/staging.ctelift.com\\\/wp-content\\\/uploads\\\/2025\\\/07\\\/Vacanze-estive-2025.jpg\",\"datePublished\":\"2025-07-29T10:30:30+00:00\",\"author\":{\"@id\":\"https:\\\/\\\/staging.ctelift.com\\\/#\\\/schema\\\/person\\\/b83f56a5bd85503f355fa1544c350ab9\"},\"breadcrumb\":{\"@id\":\"https:\\\/\\\/staging.ctelift.com\\\/fr\\\/cte-summer-holidays\\\/#breadcrumb\"},\"inLanguage\":\"fr-FR\",\"potentialAction\":[{\"@type\":\"ReadAction\",\"target\":[\"https:\\\/\\\/staging.ctelift.com\\\/fr\\\/cte-summer-holidays\\\/\"]}]},{\"@type\":\"ImageObject\",\"inLanguage\":\"fr-FR\",\"@id\":\"https:\\\/\\\/staging.ctelift.com\\\/fr\\\/cte-summer-holidays\\\/#primaryimage\",\"url\":\"https:\\\/\\\/staging.ctelift.com\\\/wp-content\\\/uploads\\\/2025\\\/07\\\/Vacanze-estive-2025.jpg\",\"contentUrl\":\"https:\\\/\\\/staging.ctelift.com\\\/wp-content\\\/uploads\\\/2025\\\/07\\\/Vacanze-estive-2025.jpg\",\"width\":940,\"height\":788},{\"@type\":\"BreadcrumbList\",\"@id\":\"https:\\\/\\\/staging.ctelift.com\\\/fr\\\/cte-summer-holidays\\\/#breadcrumb\",\"itemListElement\":[{\"@type\":\"ListItem\",\"position\":1,\"name\":\"Home\",\"item\":\"https:\\\/\\\/staging.ctelift.com\\\/fr\\\/\"},{\"@type\":\"ListItem\",\"position\":2,\"name\":\"CTE Summer Holidays\"}]},{\"@type\":\"WebSite\",\"@id\":\"https:\\\/\\\/staging.ctelift.com\\\/#website\",\"url\":\"https:\\\/\\\/staging.ctelift.com\\\/\",\"name\":\"CTE\",\"description\":\"work becomes easy\",\"potentialAction\":[{\"@type\":\"SearchAction\",\"target\":{\"@type\":\"EntryPoint\",\"urlTemplate\":\"https:\\\/\\\/staging.ctelift.com\\\/?s={search_term_string}\"},\"query-input\":{\"@type\":\"PropertyValueSpecification\",\"valueRequired\":true,\"valueName\":\"search_term_string\"}}],\"inLanguage\":\"fr-FR\"},{\"@type\":\"Person\",\"@id\":\"https:\\\/\\\/staging.ctelift.com\\\/#\\\/schema\\\/person\\\/b83f56a5bd85503f355fa1544c350ab9\",\"name\":\"cteuser\",\"url\":\"https:\\\/\\\/staging.ctelift.com\\\/fr\\\/author\\\/cteuser\\\/\"}]}<\/script>\n<!-- \/ Yoast SEO plugin. -->","yoast_head_json":{"title":"CTE Summer Holidays - CTE","robots":{"index":"noindex","follow":"follow","max-snippet":"max-snippet:-1","max-image-preview":"max-image-preview:large","max-video-preview":"max-video-preview:-1"},"og_locale":"fr_FR","og_type":"article","og_title":"CTE Summer Holidays - CTE","og_description":"Nous tenons \u00e0 vous informer que nos bureaux seront ferm\u00e9s du 11 au 22 ao\u00fbt 2025. Nous serons de retour le lundi 25. &nbsp; Notre service apr\u00e8s-vente sera disponible tout au long de la p\u00e9riode estivale, \u00e0 l&rsquo;exception du 15 ao\u00fbt, o\u00f9 nos bureaux seront ferm\u00e9s. &nbsp; Voici les coordonn\u00e9es \u00e0 contacter : \u00b7 Service [&hellip;]","og_url":"https:\/\/staging.ctelift.com\/fr\/cte-summer-holidays\/","og_site_name":"CTE","article_published_time":"2025-07-29T10:30:30+00:00","og_image":[{"width":940,"height":788,"url":"https:\/\/staging.ctelift.com\/wp-content\/uploads\/2025\/07\/Vacanze-estive-2025.jpg","type":"image\/jpeg"}],"author":"cteuser","twitter_card":"summary_large_image","twitter_misc":{"\u00c9crit par":"cteuser","Dur\u00e9e de lecture estim\u00e9e":"1 minute"},"schema":{"@context":"https:\/\/schema.org","@graph":[{"@type":"Article","@id":"https:\/\/staging.ctelift.com\/fr\/cte-summer-holidays\/#article","isPartOf":{"@id":"https:\/\/staging.ctelift.com\/fr\/cte-summer-holidays\/"},"author":{"name":"cteuser","@id":"https:\/\/staging.ctelift.com\/#\/schema\/person\/b83f56a5bd85503f355fa1544c350ab9"},"headline":"CTE Summer Holidays","datePublished":"2025-07-29T10:30:30+00:00","mainEntityOfPage":{"@id":"https:\/\/staging.ctelift.com\/fr\/cte-summer-holidays\/"},"wordCount":88,"image":{"@id":"https:\/\/staging.ctelift.com\/fr\/cte-summer-holidays\/#primaryimage"},"thumbnailUrl":"https:\/\/staging.ctelift.com\/wp-content\/uploads\/2025\/07\/Vacanze-estive-2025.jpg","articleSection":["News"],"inLanguage":"fr-FR"},{"@type":"WebPage","@id":"https:\/\/staging.ctelift.com\/fr\/cte-summer-holidays\/","url":"https:\/\/staging.ctelift.com\/fr\/cte-summer-holidays\/","name":"CTE Summer Holidays - CTE","isPartOf":{"@id":"https:\/\/staging.ctelift.com\/#website"},"primaryImageOfPage":{"@id":"https:\/\/staging.ctelift.com\/fr\/cte-summer-holidays\/#primaryimage"},"image":{"@id":"https:\/\/staging.ctelift.com\/fr\/cte-summer-holidays\/#primaryimage"},"thumbnailUrl":"https:\/\/staging.ctelift.com\/wp-content\/uploads\/2025\/07\/Vacanze-estive-2025.jpg","datePublished":"2025-07-29T10:30:30+00:00","author":{"@id":"https:\/\/staging.ctelift.com\/#\/schema\/person\/b83f56a5bd85503f355fa1544c350ab9"},"breadcrumb":{"@id":"https:\/\/staging.ctelift.com\/fr\/cte-summer-holidays\/#breadcrumb"},"inLanguage":"fr-FR","potentialAction":[{"@type":"ReadAction","target":["https:\/\/staging.ctelift.com\/fr\/cte-summer-holidays\/"]}]},{"@type":"ImageObject","inLanguage":"fr-FR","@id":"https:\/\/staging.ctelift.com\/fr\/cte-summer-holidays\/#primaryimage","url":"https:\/\/staging.ctelift.com\/wp-content\/uploads\/2025\/07\/Vacanze-estive-2025.jpg","contentUrl":"https:\/\/staging.ctelift.com\/wp-content\/uploads\/2025\/07\/Vacanze-estive-2025.jpg","width":940,"height":788},{"@type":"BreadcrumbList","@id":"https:\/\/staging.ctelift.com\/fr\/cte-summer-holidays\/#breadcrumb","itemListElement":[{"@type":"ListItem","position":1,"name":"Home","item":"https:\/\/staging.ctelift.com\/fr\/"},{"@type":"ListItem","position":2,"name":"CTE Summer Holidays"}]},{"@type":"WebSite","@id":"https:\/\/staging.ctelift.com\/#website","url":"https:\/\/staging.ctelift.com\/","name":"CTE","description":"work becomes easy","potentialAction":[{"@type":"SearchAction","target":{"@type":"EntryPoint","urlTemplate":"https:\/\/staging.ctelift.com\/?s={search_term_string}"},"query-input":{"@type":"PropertyValueSpecification","valueRequired":true,"valueName":"search_term_string"}}],"inLanguage":"fr-FR"},{"@type":"Person","@id":"https:\/\/staging.ctelift.com\/#\/schema\/person\/b83f56a5bd85503f355fa1544c350ab9","name":"cteuser","url":"https:\/\/staging.ctelift.com\/fr\/author\/cteuser\/"}]}},"_links":{"self":[{"href":"https:\/\/staging.ctelift.com\/fr\/wp-json\/wp\/v2\/posts\/50354","targetHints":{"allow":["GET"]}}],"collection":[{"href":"https:\/\/staging.ctelift.com\/fr\/wp-json\/wp\/v2\/posts"}],"about":[{"href":"https:\/\/staging.ctelift.com\/fr\/wp-json\/wp\/v2\/types\/post"}],"author":[{"embeddable":true,"href":"https:\/\/staging.ctelift.com\/fr\/wp-json\/wp\/v2\/users\/2"}],"replies":[{"embeddable":true,"href":"https:\/\/staging.ctelift.com\/fr\/wp-json\/wp\/v2\/comments?post=50354"}],"version-history":[{"count":1,"href":"https:\/\/staging.ctelift.com\/fr\/wp-json\/wp\/v2\/posts\/50354\/revisions"}],"predecessor-version":[{"id":50355,"href":"https:\/\/staging.ctelift.com\/fr\/wp-json\/wp\/v2\/posts\/50354\/revisions\/50355"}],"wp:featuredmedia":[{"embeddable":true,"href":"https:\/\/staging.ctelift.com\/fr\/wp-json\/wp\/v2\/media\/50341"}],"wp:attachment":[{"href":"https:\/\/staging.ctelift.com\/fr\/wp-json\/wp\/v2\/media?parent=50354"}],"wp:term":[{"taxonomy":"category","embeddable":true,"href":"https:\/\/staging.ctelift.com\/fr\/wp-json\/wp\/v2\/categories?post=50354"},{"taxonomy":"post_tag","embeddable":true,"href":"https:\/\/staging.ctelift.com\/fr\/wp-json\/wp\/v2\/tags?post=50354"}],"curies":[{"name":"wp","href":"https:\/\/api.w.org\/{rel}","templated":true}]}}