{"id":50502,"date":"2025-09-16T10:29:36","date_gmt":"2025-09-16T08:29:36","guid":{"rendered":"https:\/\/www.ctelift.com\/2025\/09\/16\/luigi-vitaliano-nuovo-country-manager-cte-per-il-mercato-spagnolo\/"},"modified":"2025-09-16T10:35:11","modified_gmt":"2025-09-16T08:35:11","slug":"luigi-vitaliano-nuovo-country-manager-cte-per-il-mercato-spagnolo","status":"publish","type":"post","link":"https:\/\/staging.ctelift.com\/fr\/luigi-vitaliano-nuovo-country-manager-cte-per-il-mercato-spagnolo\/","title":{"rendered":"Luigi Vitaliano nouveau Country Manager CTE pour le march\u00e9 espagnol"},"content":{"rendered":"<p>CTE SpA a le plaisir d&rsquo;annoncer l&rsquo;arriv\u00e9e de M. Luigi Vitaliano au sein de son \u00e9quipe commerciale.<\/p>\n<p>Luigi Vitaliano occupera le poste de <strong>Country Manager CTE<\/strong> <strong>pour les march\u00e9s espagnol et portugais<\/strong>, une \u00e9tape strat\u00e9gique pour consolider et d\u00e9velopper davantage la pr\u00e9sence de la marque CTE sur l&rsquo;un des march\u00e9s les plus dynamiques d&rsquo;Europe.<\/p>\n<p>Fort d&rsquo;une longue exp\u00e9rience dans le secteur des nacelles \u00e9l\u00e9vatrices et d&rsquo;une connaissance approfondie des dynamiques du march\u00e9 espagnol, Luigi Vitaliano apportera une contribution fondamentale \u00e0 l&rsquo;\u00e9quipe commerciale de CTE. Son professionnalisme et ses comp\u00e9tences seront essentiels pour renforcer les relations avec les clients existants et explorer de nouvelles opportunit\u00e9s de croissance sur les march\u00e9s espagnol et portugais.<\/p>\n<p>\u00ab Nous sommes ravis d&rsquo;accueillir Luigi dans notre \u00e9quipe \u00bb, a d\u00e9clar\u00e9 Marco Govoni, directeur g\u00e9n\u00e9ral de CTE. \u00ab Le march\u00e9 espagnol est une priorit\u00e9 pour CTE, et nous sommes convaincus que l&rsquo;exp\u00e9rience et la vision de Luigi nous permettront d&rsquo;atteindre nos objectifs et d&rsquo;offrir un soutien encore plus efficace \u00e0 nos partenaires et clients dans cette r\u00e9gion. \u00bb<\/p>\n<p>Luigi Vitaliano ajoute : \u00ab Je suis extr\u00eamement enthousiaste \u00e0 l&rsquo;id\u00e9e de cette nouvelle opportunit\u00e9 professionnelle chez CTE SpA. Je connais l&rsquo;entreprise depuis longtemps et j&rsquo;appr\u00e9cie profond\u00e9ment ses valeurs, son histoire et l&rsquo;esprit d&rsquo;innovation avec lequel elle aborde le march\u00e9. Je suis convaincu qu&rsquo;en travaillant en \u00e9troite collaboration avec l&rsquo;\u00e9quipe, nous parviendrons \u00e0 consolider la pr\u00e9sence de la marque sur ces march\u00e9s strat\u00e9giques. \u00bb<\/p>\n","protected":false},"excerpt":{"rendered":"<p>CTE SpA a le plaisir d&rsquo;annoncer l&rsquo;arriv\u00e9e de M. Luigi Vitaliano au sein de son \u00e9quipe commerciale. Luigi Vitaliano occupera le poste de Country Manager CTE pour les march\u00e9s espagnol et portugais, une \u00e9tape strat\u00e9gique pour consolider et d\u00e9velopper davantage la pr\u00e9sence de la marque CTE sur l&rsquo;un des march\u00e9s les plus dynamiques d&rsquo;Europe. Fort [&hellip;]<\/p>\n","protected":false},"author":2,"featured_media":50492,"comment_status":"closed","ping_status":"open","sticky":false,"template":"","format":"standard","meta":{"_acf_changed":false,"_et_pb_use_builder":"","_et_pb_old_content":"","_et_gb_content_width":"","footnotes":""},"categories":[277],"tags":[],"class_list":["post-50502","post","type-post","status-publish","format-standard","has-post-thumbnail","hentry","category-news-fr"],"acf":[],"yoast_head":"<!-- This site is optimized with the Yoast SEO plugin v28.1 - https:\/\/yoast.com\/product\/yoast-seo-wordpress\/ -->\n<title>Luigi Vitaliano nouveau Country Manager CTE pour le march\u00e9 espagnol - CTE<\/title>\n<meta name=\"robots\" content=\"noindex, follow, max-snippet:-1, max-image-preview:large, max-video-preview:-1\" \/>\n<meta property=\"og:locale\" content=\"fr_FR\" \/>\n<meta property=\"og:type\" content=\"article\" \/>\n<meta property=\"og:title\" content=\"Luigi Vitaliano nouveau Country Manager CTE pour le march\u00e9 espagnol - CTE\" \/>\n<meta property=\"og:description\" content=\"CTE SpA a le plaisir d&rsquo;annoncer l&rsquo;arriv\u00e9e de M. Luigi Vitaliano au sein de son \u00e9quipe commerciale. Luigi Vitaliano occupera le poste de Country Manager CTE pour les march\u00e9s espagnol et portugais, une \u00e9tape strat\u00e9gique pour consolider et d\u00e9velopper davantage la pr\u00e9sence de la marque CTE sur l&rsquo;un des march\u00e9s les plus dynamiques d&rsquo;Europe. Fort [&hellip;]\" \/>\n<meta property=\"og:url\" content=\"https:\/\/staging.ctelift.com\/fr\/luigi-vitaliano-nuovo-country-manager-cte-per-il-mercato-spagnolo\/\" \/>\n<meta property=\"og:site_name\" content=\"CTE\" \/>\n<meta property=\"article:published_time\" content=\"2025-09-16T08:29:36+00:00\" \/>\n<meta property=\"article:modified_time\" content=\"2025-09-16T08:35:11+00:00\" \/>\n<meta property=\"og:image\" content=\"https:\/\/staging.ctelift.com\/wp-content\/uploads\/2025\/09\/Luigi-Vitaliano-CTE-Country-Manager-1-scaled.jpeg\" \/>\n\t<meta property=\"og:image:width\" content=\"2560\" \/>\n\t<meta property=\"og:image:height\" content=\"1920\" \/>\n\t<meta property=\"og:image:type\" content=\"image\/jpeg\" \/>\n<meta name=\"author\" content=\"cteuser\" \/>\n<meta name=\"twitter:card\" content=\"summary_large_image\" \/>\n<meta name=\"twitter:label1\" content=\"\u00c9crit par\" \/>\n\t<meta name=\"twitter:data1\" content=\"cteuser\" \/>\n\t<meta name=\"twitter:label2\" content=\"Dur\u00e9e de lecture estim\u00e9e\" \/>\n\t<meta name=\"twitter:data2\" content=\"2 minutes\" \/>\n<script type=\"application\/ld+json\" class=\"yoast-schema-graph\">{\"@context\":\"https:\\\/\\\/schema.org\",\"@graph\":[{\"@type\":\"Article\",\"@id\":\"https:\\\/\\\/staging.ctelift.com\\\/fr\\\/luigi-vitaliano-nuovo-country-manager-cte-per-il-mercato-spagnolo\\\/#article\",\"isPartOf\":{\"@id\":\"https:\\\/\\\/staging.ctelift.com\\\/fr\\\/luigi-vitaliano-nuovo-country-manager-cte-per-il-mercato-spagnolo\\\/\"},\"author\":{\"name\":\"cteuser\",\"@id\":\"https:\\\/\\\/staging.ctelift.com\\\/#\\\/schema\\\/person\\\/b83f56a5bd85503f355fa1544c350ab9\"},\"headline\":\"Luigi Vitaliano nouveau Country Manager CTE pour le march\u00e9 espagnol\",\"datePublished\":\"2025-09-16T08:29:36+00:00\",\"dateModified\":\"2025-09-16T08:35:11+00:00\",\"mainEntityOfPage\":{\"@id\":\"https:\\\/\\\/staging.ctelift.com\\\/fr\\\/luigi-vitaliano-nuovo-country-manager-cte-per-il-mercato-spagnolo\\\/\"},\"wordCount\":275,\"image\":{\"@id\":\"https:\\\/\\\/staging.ctelift.com\\\/fr\\\/luigi-vitaliano-nuovo-country-manager-cte-per-il-mercato-spagnolo\\\/#primaryimage\"},\"thumbnailUrl\":\"https:\\\/\\\/staging.ctelift.com\\\/wp-content\\\/uploads\\\/2025\\\/09\\\/Luigi-Vitaliano-CTE-Country-Manager-1-scaled.jpeg\",\"articleSection\":[\"News\"],\"inLanguage\":\"fr-FR\"},{\"@type\":\"WebPage\",\"@id\":\"https:\\\/\\\/staging.ctelift.com\\\/fr\\\/luigi-vitaliano-nuovo-country-manager-cte-per-il-mercato-spagnolo\\\/\",\"url\":\"https:\\\/\\\/staging.ctelift.com\\\/fr\\\/luigi-vitaliano-nuovo-country-manager-cte-per-il-mercato-spagnolo\\\/\",\"name\":\"Luigi Vitaliano nouveau Country Manager CTE pour le march\u00e9 espagnol - CTE\",\"isPartOf\":{\"@id\":\"https:\\\/\\\/staging.ctelift.com\\\/#website\"},\"primaryImageOfPage\":{\"@id\":\"https:\\\/\\\/staging.ctelift.com\\\/fr\\\/luigi-vitaliano-nuovo-country-manager-cte-per-il-mercato-spagnolo\\\/#primaryimage\"},\"image\":{\"@id\":\"https:\\\/\\\/staging.ctelift.com\\\/fr\\\/luigi-vitaliano-nuovo-country-manager-cte-per-il-mercato-spagnolo\\\/#primaryimage\"},\"thumbnailUrl\":\"https:\\\/\\\/staging.ctelift.com\\\/wp-content\\\/uploads\\\/2025\\\/09\\\/Luigi-Vitaliano-CTE-Country-Manager-1-scaled.jpeg\",\"datePublished\":\"2025-09-16T08:29:36+00:00\",\"dateModified\":\"2025-09-16T08:35:11+00:00\",\"author\":{\"@id\":\"https:\\\/\\\/staging.ctelift.com\\\/#\\\/schema\\\/person\\\/b83f56a5bd85503f355fa1544c350ab9\"},\"breadcrumb\":{\"@id\":\"https:\\\/\\\/staging.ctelift.com\\\/fr\\\/luigi-vitaliano-nuovo-country-manager-cte-per-il-mercato-spagnolo\\\/#breadcrumb\"},\"inLanguage\":\"fr-FR\",\"potentialAction\":[{\"@type\":\"ReadAction\",\"target\":[\"https:\\\/\\\/staging.ctelift.com\\\/fr\\\/luigi-vitaliano-nuovo-country-manager-cte-per-il-mercato-spagnolo\\\/\"]}]},{\"@type\":\"ImageObject\",\"inLanguage\":\"fr-FR\",\"@id\":\"https:\\\/\\\/staging.ctelift.com\\\/fr\\\/luigi-vitaliano-nuovo-country-manager-cte-per-il-mercato-spagnolo\\\/#primaryimage\",\"url\":\"https:\\\/\\\/staging.ctelift.com\\\/wp-content\\\/uploads\\\/2025\\\/09\\\/Luigi-Vitaliano-CTE-Country-Manager-1-scaled.jpeg\",\"contentUrl\":\"https:\\\/\\\/staging.ctelift.com\\\/wp-content\\\/uploads\\\/2025\\\/09\\\/Luigi-Vitaliano-CTE-Country-Manager-1-scaled.jpeg\",\"width\":2560,\"height\":1920},{\"@type\":\"BreadcrumbList\",\"@id\":\"https:\\\/\\\/staging.ctelift.com\\\/fr\\\/luigi-vitaliano-nuovo-country-manager-cte-per-il-mercato-spagnolo\\\/#breadcrumb\",\"itemListElement\":[{\"@type\":\"ListItem\",\"position\":1,\"name\":\"Home\",\"item\":\"https:\\\/\\\/staging.ctelift.com\\\/fr\\\/\"},{\"@type\":\"ListItem\",\"position\":2,\"name\":\"Luigi Vitaliano nouveau Country Manager CTE pour le march\u00e9 espagnol\"}]},{\"@type\":\"WebSite\",\"@id\":\"https:\\\/\\\/staging.ctelift.com\\\/#website\",\"url\":\"https:\\\/\\\/staging.ctelift.com\\\/\",\"name\":\"CTE\",\"description\":\"work becomes easy\",\"potentialAction\":[{\"@type\":\"SearchAction\",\"target\":{\"@type\":\"EntryPoint\",\"urlTemplate\":\"https:\\\/\\\/staging.ctelift.com\\\/?s={search_term_string}\"},\"query-input\":{\"@type\":\"PropertyValueSpecification\",\"valueRequired\":true,\"valueName\":\"search_term_string\"}}],\"inLanguage\":\"fr-FR\"},{\"@type\":\"Person\",\"@id\":\"https:\\\/\\\/staging.ctelift.com\\\/#\\\/schema\\\/person\\\/b83f56a5bd85503f355fa1544c350ab9\",\"name\":\"cteuser\",\"url\":\"https:\\\/\\\/staging.ctelift.com\\\/fr\\\/author\\\/cteuser\\\/\"}]}<\/script>\n<!-- \/ Yoast SEO plugin. -->","yoast_head_json":{"title":"Luigi Vitaliano nouveau Country Manager CTE pour le march\u00e9 espagnol - CTE","robots":{"index":"noindex","follow":"follow","max-snippet":"max-snippet:-1","max-image-preview":"max-image-preview:large","max-video-preview":"max-video-preview:-1"},"og_locale":"fr_FR","og_type":"article","og_title":"Luigi Vitaliano nouveau Country Manager CTE pour le march\u00e9 espagnol - CTE","og_description":"CTE SpA a le plaisir d&rsquo;annoncer l&rsquo;arriv\u00e9e de M. Luigi Vitaliano au sein de son \u00e9quipe commerciale. Luigi Vitaliano occupera le poste de Country Manager CTE pour les march\u00e9s espagnol et portugais, une \u00e9tape strat\u00e9gique pour consolider et d\u00e9velopper davantage la pr\u00e9sence de la marque CTE sur l&rsquo;un des march\u00e9s les plus dynamiques d&rsquo;Europe. Fort [&hellip;]","og_url":"https:\/\/staging.ctelift.com\/fr\/luigi-vitaliano-nuovo-country-manager-cte-per-il-mercato-spagnolo\/","og_site_name":"CTE","article_published_time":"2025-09-16T08:29:36+00:00","article_modified_time":"2025-09-16T08:35:11+00:00","og_image":[{"width":2560,"height":1920,"url":"https:\/\/staging.ctelift.com\/wp-content\/uploads\/2025\/09\/Luigi-Vitaliano-CTE-Country-Manager-1-scaled.jpeg","type":"image\/jpeg"}],"author":"cteuser","twitter_card":"summary_large_image","twitter_misc":{"\u00c9crit par":"cteuser","Dur\u00e9e de lecture estim\u00e9e":"2 minutes"},"schema":{"@context":"https:\/\/schema.org","@graph":[{"@type":"Article","@id":"https:\/\/staging.ctelift.com\/fr\/luigi-vitaliano-nuovo-country-manager-cte-per-il-mercato-spagnolo\/#article","isPartOf":{"@id":"https:\/\/staging.ctelift.com\/fr\/luigi-vitaliano-nuovo-country-manager-cte-per-il-mercato-spagnolo\/"},"author":{"name":"cteuser","@id":"https:\/\/staging.ctelift.com\/#\/schema\/person\/b83f56a5bd85503f355fa1544c350ab9"},"headline":"Luigi Vitaliano nouveau Country Manager CTE pour le march\u00e9 espagnol","datePublished":"2025-09-16T08:29:36+00:00","dateModified":"2025-09-16T08:35:11+00:00","mainEntityOfPage":{"@id":"https:\/\/staging.ctelift.com\/fr\/luigi-vitaliano-nuovo-country-manager-cte-per-il-mercato-spagnolo\/"},"wordCount":275,"image":{"@id":"https:\/\/staging.ctelift.com\/fr\/luigi-vitaliano-nuovo-country-manager-cte-per-il-mercato-spagnolo\/#primaryimage"},"thumbnailUrl":"https:\/\/staging.ctelift.com\/wp-content\/uploads\/2025\/09\/Luigi-Vitaliano-CTE-Country-Manager-1-scaled.jpeg","articleSection":["News"],"inLanguage":"fr-FR"},{"@type":"WebPage","@id":"https:\/\/staging.ctelift.com\/fr\/luigi-vitaliano-nuovo-country-manager-cte-per-il-mercato-spagnolo\/","url":"https:\/\/staging.ctelift.com\/fr\/luigi-vitaliano-nuovo-country-manager-cte-per-il-mercato-spagnolo\/","name":"Luigi Vitaliano nouveau Country Manager CTE pour le march\u00e9 espagnol - CTE","isPartOf":{"@id":"https:\/\/staging.ctelift.com\/#website"},"primaryImageOfPage":{"@id":"https:\/\/staging.ctelift.com\/fr\/luigi-vitaliano-nuovo-country-manager-cte-per-il-mercato-spagnolo\/#primaryimage"},"image":{"@id":"https:\/\/staging.ctelift.com\/fr\/luigi-vitaliano-nuovo-country-manager-cte-per-il-mercato-spagnolo\/#primaryimage"},"thumbnailUrl":"https:\/\/staging.ctelift.com\/wp-content\/uploads\/2025\/09\/Luigi-Vitaliano-CTE-Country-Manager-1-scaled.jpeg","datePublished":"2025-09-16T08:29:36+00:00","dateModified":"2025-09-16T08:35:11+00:00","author":{"@id":"https:\/\/staging.ctelift.com\/#\/schema\/person\/b83f56a5bd85503f355fa1544c350ab9"},"breadcrumb":{"@id":"https:\/\/staging.ctelift.com\/fr\/luigi-vitaliano-nuovo-country-manager-cte-per-il-mercato-spagnolo\/#breadcrumb"},"inLanguage":"fr-FR","potentialAction":[{"@type":"ReadAction","target":["https:\/\/staging.ctelift.com\/fr\/luigi-vitaliano-nuovo-country-manager-cte-per-il-mercato-spagnolo\/"]}]},{"@type":"ImageObject","inLanguage":"fr-FR","@id":"https:\/\/staging.ctelift.com\/fr\/luigi-vitaliano-nuovo-country-manager-cte-per-il-mercato-spagnolo\/#primaryimage","url":"https:\/\/staging.ctelift.com\/wp-content\/uploads\/2025\/09\/Luigi-Vitaliano-CTE-Country-Manager-1-scaled.jpeg","contentUrl":"https:\/\/staging.ctelift.com\/wp-content\/uploads\/2025\/09\/Luigi-Vitaliano-CTE-Country-Manager-1-scaled.jpeg","width":2560,"height":1920},{"@type":"BreadcrumbList","@id":"https:\/\/staging.ctelift.com\/fr\/luigi-vitaliano-nuovo-country-manager-cte-per-il-mercato-spagnolo\/#breadcrumb","itemListElement":[{"@type":"ListItem","position":1,"name":"Home","item":"https:\/\/staging.ctelift.com\/fr\/"},{"@type":"ListItem","position":2,"name":"Luigi Vitaliano nouveau Country Manager CTE pour le march\u00e9 espagnol"}]},{"@type":"WebSite","@id":"https:\/\/staging.ctelift.com\/#website","url":"https:\/\/staging.ctelift.com\/","name":"CTE","description":"work becomes easy","potentialAction":[{"@type":"SearchAction","target":{"@type":"EntryPoint","urlTemplate":"https:\/\/staging.ctelift.com\/?s={search_term_string}"},"query-input":{"@type":"PropertyValueSpecification","valueRequired":true,"valueName":"search_term_string"}}],"inLanguage":"fr-FR"},{"@type":"Person","@id":"https:\/\/staging.ctelift.com\/#\/schema\/person\/b83f56a5bd85503f355fa1544c350ab9","name":"cteuser","url":"https:\/\/staging.ctelift.com\/fr\/author\/cteuser\/"}]}},"_links":{"self":[{"href":"https:\/\/staging.ctelift.com\/fr\/wp-json\/wp\/v2\/posts\/50502","targetHints":{"allow":["GET"]}}],"collection":[{"href":"https:\/\/staging.ctelift.com\/fr\/wp-json\/wp\/v2\/posts"}],"about":[{"href":"https:\/\/staging.ctelift.com\/fr\/wp-json\/wp\/v2\/types\/post"}],"author":[{"embeddable":true,"href":"https:\/\/staging.ctelift.com\/fr\/wp-json\/wp\/v2\/users\/2"}],"replies":[{"embeddable":true,"href":"https:\/\/staging.ctelift.com\/fr\/wp-json\/wp\/v2\/comments?post=50502"}],"version-history":[{"count":3,"href":"https:\/\/staging.ctelift.com\/fr\/wp-json\/wp\/v2\/posts\/50502\/revisions"}],"predecessor-version":[{"id":50505,"href":"https:\/\/staging.ctelift.com\/fr\/wp-json\/wp\/v2\/posts\/50502\/revisions\/50505"}],"wp:featuredmedia":[{"embeddable":true,"href":"https:\/\/staging.ctelift.com\/fr\/wp-json\/wp\/v2\/media\/50492"}],"wp:attachment":[{"href":"https:\/\/staging.ctelift.com\/fr\/wp-json\/wp\/v2\/media?parent=50502"}],"wp:term":[{"taxonomy":"category","embeddable":true,"href":"https:\/\/staging.ctelift.com\/fr\/wp-json\/wp\/v2\/categories?post=50502"},{"taxonomy":"post_tag","embeddable":true,"href":"https:\/\/staging.ctelift.com\/fr\/wp-json\/wp\/v2\/tags?post=50502"}],"curies":[{"name":"wp","href":"https:\/\/api.w.org\/{rel}","templated":true}]}}