{"id":51758,"date":"2026-06-18T16:38:48","date_gmt":"2026-06-18T14:38:48","guid":{"rendered":"https:\/\/www.ctelift.com\/2026\/06\/18\/cte-sara-presente-al-vertikal-days-2026\/"},"modified":"2026-06-18T16:49:12","modified_gmt":"2026-06-18T14:49:12","slug":"cte-sara-presente-al-vertikal-days-2026","status":"publish","type":"post","link":"https:\/\/staging.ctelift.com\/fr\/cte-sara-presente-al-vertikal-days-2026\/","title":{"rendered":"CTE aux Vertikal Days 2026"},"content":{"rendered":"<p><strong>CTE UK Ltd<\/strong> sera pr\u00e9sent aux <strong>Vertikal Days<\/strong>, l&rsquo;un des \u00e9v\u00e9nements phares du secteur du levage, qui se tiendra <strong>les 9 et 10 septembre 2026<\/strong> au <strong>Newark Showground (Royaume-Uni)<\/strong>.<br \/>\nNous serons ravis de vous accueillir au stand 209 pour vous faire d\u00e9couvrir nos derni\u00e8res innovations.<\/p>\n","protected":false},"excerpt":{"rendered":"<p>CTE UK Ltd sera pr\u00e9sent aux Vertikal Days, l&rsquo;un des \u00e9v\u00e9nements phares du secteur du levage, qui se tiendra les 9 et 10 septembre 2026 au Newark Showground (Royaume-Uni). Nous serons ravis de vous accueillir au stand 209 pour vous faire d\u00e9couvrir nos derni\u00e8res innovations.<\/p>\n","protected":false},"author":2,"featured_media":51747,"comment_status":"closed","ping_status":"open","sticky":false,"template":"","format":"standard","meta":{"_acf_changed":false,"_et_pb_use_builder":"","_et_pb_old_content":"","_et_gb_content_width":"","footnotes":""},"categories":[293],"tags":[],"class_list":["post-51758","post","type-post","status-publish","format-standard","has-post-thumbnail","hentry","category-salons-et-evenements"],"acf":[],"yoast_head":"<!-- This site is optimized with the Yoast SEO plugin v28.1 - https:\/\/yoast.com\/product\/yoast-seo-wordpress\/ -->\n<title>CTE aux Vertikal Days 2026 - CTE<\/title>\n<meta name=\"robots\" content=\"noindex, follow, max-snippet:-1, max-image-preview:large, max-video-preview:-1\" \/>\n<meta property=\"og:locale\" content=\"fr_FR\" \/>\n<meta property=\"og:type\" content=\"article\" \/>\n<meta property=\"og:title\" content=\"CTE aux Vertikal Days 2026 - CTE\" \/>\n<meta property=\"og:description\" content=\"CTE UK Ltd sera pr\u00e9sent aux Vertikal Days, l&rsquo;un des \u00e9v\u00e9nements phares du secteur du levage, qui se tiendra les 9 et 10 septembre 2026 au Newark Showground (Royaume-Uni). Nous serons ravis de vous accueillir au stand 209 pour vous faire d\u00e9couvrir nos derni\u00e8res innovations.\" \/>\n<meta property=\"og:url\" content=\"https:\/\/staging.ctelift.com\/fr\/cte-sara-presente-al-vertikal-days-2026\/\" \/>\n<meta property=\"og:site_name\" content=\"CTE\" \/>\n<meta property=\"article:published_time\" content=\"2026-06-18T14:38:48+00:00\" \/>\n<meta property=\"article:modified_time\" content=\"2026-06-18T14:49:12+00:00\" \/>\n<meta property=\"og:image\" content=\"https:\/\/staging.ctelift.com\/wp-content\/uploads\/2026\/06\/logo-vertikal-days.jpg\" \/>\n\t<meta property=\"og:image:width\" content=\"1229\" \/>\n\t<meta property=\"og:image:height\" content=\"676\" \/>\n\t<meta property=\"og:image:type\" content=\"image\/jpeg\" \/>\n<meta name=\"author\" content=\"cteuser\" \/>\n<meta name=\"twitter:card\" content=\"summary_large_image\" \/>\n<meta name=\"twitter:label1\" content=\"\u00c9crit par\" \/>\n\t<meta name=\"twitter:data1\" content=\"cteuser\" \/>\n\t<meta name=\"twitter:label2\" content=\"Dur\u00e9e de lecture estim\u00e9e\" \/>\n\t<meta name=\"twitter:data2\" content=\"1 minute\" \/>\n<script type=\"application\/ld+json\" class=\"yoast-schema-graph\">{\"@context\":\"https:\\\/\\\/schema.org\",\"@graph\":[{\"@type\":\"Article\",\"@id\":\"https:\\\/\\\/staging.ctelift.com\\\/fr\\\/cte-sara-presente-al-vertikal-days-2026\\\/#article\",\"isPartOf\":{\"@id\":\"https:\\\/\\\/staging.ctelift.com\\\/fr\\\/cte-sara-presente-al-vertikal-days-2026\\\/\"},\"author\":{\"name\":\"cteuser\",\"@id\":\"https:\\\/\\\/staging.ctelift.com\\\/#\\\/schema\\\/person\\\/b83f56a5bd85503f355fa1544c350ab9\"},\"headline\":\"CTE aux Vertikal Days 2026\",\"datePublished\":\"2026-06-18T14:38:48+00:00\",\"dateModified\":\"2026-06-18T14:49:12+00:00\",\"mainEntityOfPage\":{\"@id\":\"https:\\\/\\\/staging.ctelift.com\\\/fr\\\/cte-sara-presente-al-vertikal-days-2026\\\/\"},\"wordCount\":50,\"image\":{\"@id\":\"https:\\\/\\\/staging.ctelift.com\\\/fr\\\/cte-sara-presente-al-vertikal-days-2026\\\/#primaryimage\"},\"thumbnailUrl\":\"https:\\\/\\\/staging.ctelift.com\\\/wp-content\\\/uploads\\\/2026\\\/06\\\/logo-vertikal-days.jpg\",\"articleSection\":[\"Salons et \u00e9v\u00e9nements\"],\"inLanguage\":\"fr-FR\"},{\"@type\":\"WebPage\",\"@id\":\"https:\\\/\\\/staging.ctelift.com\\\/fr\\\/cte-sara-presente-al-vertikal-days-2026\\\/\",\"url\":\"https:\\\/\\\/staging.ctelift.com\\\/fr\\\/cte-sara-presente-al-vertikal-days-2026\\\/\",\"name\":\"CTE aux Vertikal Days 2026 - CTE\",\"isPartOf\":{\"@id\":\"https:\\\/\\\/staging.ctelift.com\\\/#website\"},\"primaryImageOfPage\":{\"@id\":\"https:\\\/\\\/staging.ctelift.com\\\/fr\\\/cte-sara-presente-al-vertikal-days-2026\\\/#primaryimage\"},\"image\":{\"@id\":\"https:\\\/\\\/staging.ctelift.com\\\/fr\\\/cte-sara-presente-al-vertikal-days-2026\\\/#primaryimage\"},\"thumbnailUrl\":\"https:\\\/\\\/staging.ctelift.com\\\/wp-content\\\/uploads\\\/2026\\\/06\\\/logo-vertikal-days.jpg\",\"datePublished\":\"2026-06-18T14:38:48+00:00\",\"dateModified\":\"2026-06-18T14:49:12+00:00\",\"author\":{\"@id\":\"https:\\\/\\\/staging.ctelift.com\\\/#\\\/schema\\\/person\\\/b83f56a5bd85503f355fa1544c350ab9\"},\"breadcrumb\":{\"@id\":\"https:\\\/\\\/staging.ctelift.com\\\/fr\\\/cte-sara-presente-al-vertikal-days-2026\\\/#breadcrumb\"},\"inLanguage\":\"fr-FR\",\"potentialAction\":[{\"@type\":\"ReadAction\",\"target\":[\"https:\\\/\\\/staging.ctelift.com\\\/fr\\\/cte-sara-presente-al-vertikal-days-2026\\\/\"]}]},{\"@type\":\"ImageObject\",\"inLanguage\":\"fr-FR\",\"@id\":\"https:\\\/\\\/staging.ctelift.com\\\/fr\\\/cte-sara-presente-al-vertikal-days-2026\\\/#primaryimage\",\"url\":\"https:\\\/\\\/staging.ctelift.com\\\/wp-content\\\/uploads\\\/2026\\\/06\\\/logo-vertikal-days.jpg\",\"contentUrl\":\"https:\\\/\\\/staging.ctelift.com\\\/wp-content\\\/uploads\\\/2026\\\/06\\\/logo-vertikal-days.jpg\",\"width\":1229,\"height\":676},{\"@type\":\"BreadcrumbList\",\"@id\":\"https:\\\/\\\/staging.ctelift.com\\\/fr\\\/cte-sara-presente-al-vertikal-days-2026\\\/#breadcrumb\",\"itemListElement\":[{\"@type\":\"ListItem\",\"position\":1,\"name\":\"Home\",\"item\":\"https:\\\/\\\/staging.ctelift.com\\\/fr\\\/\"},{\"@type\":\"ListItem\",\"position\":2,\"name\":\"CTE aux Vertikal Days 2026\"}]},{\"@type\":\"WebSite\",\"@id\":\"https:\\\/\\\/staging.ctelift.com\\\/#website\",\"url\":\"https:\\\/\\\/staging.ctelift.com\\\/\",\"name\":\"CTE\",\"description\":\"work becomes easy\",\"potentialAction\":[{\"@type\":\"SearchAction\",\"target\":{\"@type\":\"EntryPoint\",\"urlTemplate\":\"https:\\\/\\\/staging.ctelift.com\\\/?s={search_term_string}\"},\"query-input\":{\"@type\":\"PropertyValueSpecification\",\"valueRequired\":true,\"valueName\":\"search_term_string\"}}],\"inLanguage\":\"fr-FR\"},{\"@type\":\"Person\",\"@id\":\"https:\\\/\\\/staging.ctelift.com\\\/#\\\/schema\\\/person\\\/b83f56a5bd85503f355fa1544c350ab9\",\"name\":\"cteuser\",\"url\":\"https:\\\/\\\/staging.ctelift.com\\\/fr\\\/author\\\/cteuser\\\/\"}]}<\/script>\n<!-- \/ Yoast SEO plugin. -->","yoast_head_json":{"title":"CTE aux Vertikal Days 2026 - CTE","robots":{"index":"noindex","follow":"follow","max-snippet":"max-snippet:-1","max-image-preview":"max-image-preview:large","max-video-preview":"max-video-preview:-1"},"og_locale":"fr_FR","og_type":"article","og_title":"CTE aux Vertikal Days 2026 - CTE","og_description":"CTE UK Ltd sera pr\u00e9sent aux Vertikal Days, l&rsquo;un des \u00e9v\u00e9nements phares du secteur du levage, qui se tiendra les 9 et 10 septembre 2026 au Newark Showground (Royaume-Uni). Nous serons ravis de vous accueillir au stand 209 pour vous faire d\u00e9couvrir nos derni\u00e8res innovations.","og_url":"https:\/\/staging.ctelift.com\/fr\/cte-sara-presente-al-vertikal-days-2026\/","og_site_name":"CTE","article_published_time":"2026-06-18T14:38:48+00:00","article_modified_time":"2026-06-18T14:49:12+00:00","og_image":[{"width":1229,"height":676,"url":"https:\/\/staging.ctelift.com\/wp-content\/uploads\/2026\/06\/logo-vertikal-days.jpg","type":"image\/jpeg"}],"author":"cteuser","twitter_card":"summary_large_image","twitter_misc":{"\u00c9crit par":"cteuser","Dur\u00e9e de lecture estim\u00e9e":"1 minute"},"schema":{"@context":"https:\/\/schema.org","@graph":[{"@type":"Article","@id":"https:\/\/staging.ctelift.com\/fr\/cte-sara-presente-al-vertikal-days-2026\/#article","isPartOf":{"@id":"https:\/\/staging.ctelift.com\/fr\/cte-sara-presente-al-vertikal-days-2026\/"},"author":{"name":"cteuser","@id":"https:\/\/staging.ctelift.com\/#\/schema\/person\/b83f56a5bd85503f355fa1544c350ab9"},"headline":"CTE aux Vertikal Days 2026","datePublished":"2026-06-18T14:38:48+00:00","dateModified":"2026-06-18T14:49:12+00:00","mainEntityOfPage":{"@id":"https:\/\/staging.ctelift.com\/fr\/cte-sara-presente-al-vertikal-days-2026\/"},"wordCount":50,"image":{"@id":"https:\/\/staging.ctelift.com\/fr\/cte-sara-presente-al-vertikal-days-2026\/#primaryimage"},"thumbnailUrl":"https:\/\/staging.ctelift.com\/wp-content\/uploads\/2026\/06\/logo-vertikal-days.jpg","articleSection":["Salons et \u00e9v\u00e9nements"],"inLanguage":"fr-FR"},{"@type":"WebPage","@id":"https:\/\/staging.ctelift.com\/fr\/cte-sara-presente-al-vertikal-days-2026\/","url":"https:\/\/staging.ctelift.com\/fr\/cte-sara-presente-al-vertikal-days-2026\/","name":"CTE aux Vertikal Days 2026 - CTE","isPartOf":{"@id":"https:\/\/staging.ctelift.com\/#website"},"primaryImageOfPage":{"@id":"https:\/\/staging.ctelift.com\/fr\/cte-sara-presente-al-vertikal-days-2026\/#primaryimage"},"image":{"@id":"https:\/\/staging.ctelift.com\/fr\/cte-sara-presente-al-vertikal-days-2026\/#primaryimage"},"thumbnailUrl":"https:\/\/staging.ctelift.com\/wp-content\/uploads\/2026\/06\/logo-vertikal-days.jpg","datePublished":"2026-06-18T14:38:48+00:00","dateModified":"2026-06-18T14:49:12+00:00","author":{"@id":"https:\/\/staging.ctelift.com\/#\/schema\/person\/b83f56a5bd85503f355fa1544c350ab9"},"breadcrumb":{"@id":"https:\/\/staging.ctelift.com\/fr\/cte-sara-presente-al-vertikal-days-2026\/#breadcrumb"},"inLanguage":"fr-FR","potentialAction":[{"@type":"ReadAction","target":["https:\/\/staging.ctelift.com\/fr\/cte-sara-presente-al-vertikal-days-2026\/"]}]},{"@type":"ImageObject","inLanguage":"fr-FR","@id":"https:\/\/staging.ctelift.com\/fr\/cte-sara-presente-al-vertikal-days-2026\/#primaryimage","url":"https:\/\/staging.ctelift.com\/wp-content\/uploads\/2026\/06\/logo-vertikal-days.jpg","contentUrl":"https:\/\/staging.ctelift.com\/wp-content\/uploads\/2026\/06\/logo-vertikal-days.jpg","width":1229,"height":676},{"@type":"BreadcrumbList","@id":"https:\/\/staging.ctelift.com\/fr\/cte-sara-presente-al-vertikal-days-2026\/#breadcrumb","itemListElement":[{"@type":"ListItem","position":1,"name":"Home","item":"https:\/\/staging.ctelift.com\/fr\/"},{"@type":"ListItem","position":2,"name":"CTE aux Vertikal Days 2026"}]},{"@type":"WebSite","@id":"https:\/\/staging.ctelift.com\/#website","url":"https:\/\/staging.ctelift.com\/","name":"CTE","description":"work becomes easy","potentialAction":[{"@type":"SearchAction","target":{"@type":"EntryPoint","urlTemplate":"https:\/\/staging.ctelift.com\/?s={search_term_string}"},"query-input":{"@type":"PropertyValueSpecification","valueRequired":true,"valueName":"search_term_string"}}],"inLanguage":"fr-FR"},{"@type":"Person","@id":"https:\/\/staging.ctelift.com\/#\/schema\/person\/b83f56a5bd85503f355fa1544c350ab9","name":"cteuser","url":"https:\/\/staging.ctelift.com\/fr\/author\/cteuser\/"}]}},"_links":{"self":[{"href":"https:\/\/staging.ctelift.com\/fr\/wp-json\/wp\/v2\/posts\/51758","targetHints":{"allow":["GET"]}}],"collection":[{"href":"https:\/\/staging.ctelift.com\/fr\/wp-json\/wp\/v2\/posts"}],"about":[{"href":"https:\/\/staging.ctelift.com\/fr\/wp-json\/wp\/v2\/types\/post"}],"author":[{"embeddable":true,"href":"https:\/\/staging.ctelift.com\/fr\/wp-json\/wp\/v2\/users\/2"}],"replies":[{"embeddable":true,"href":"https:\/\/staging.ctelift.com\/fr\/wp-json\/wp\/v2\/comments?post=51758"}],"version-history":[{"count":2,"href":"https:\/\/staging.ctelift.com\/fr\/wp-json\/wp\/v2\/posts\/51758\/revisions"}],"predecessor-version":[{"id":51760,"href":"https:\/\/staging.ctelift.com\/fr\/wp-json\/wp\/v2\/posts\/51758\/revisions\/51760"}],"wp:featuredmedia":[{"embeddable":true,"href":"https:\/\/staging.ctelift.com\/fr\/wp-json\/wp\/v2\/media\/51747"}],"wp:attachment":[{"href":"https:\/\/staging.ctelift.com\/fr\/wp-json\/wp\/v2\/media?parent=51758"}],"wp:term":[{"taxonomy":"category","embeddable":true,"href":"https:\/\/staging.ctelift.com\/fr\/wp-json\/wp\/v2\/categories?post=51758"},{"taxonomy":"post_tag","embeddable":true,"href":"https:\/\/staging.ctelift.com\/fr\/wp-json\/wp\/v2\/tags?post=51758"}],"curies":[{"name":"wp","href":"https:\/\/api.w.org\/{rel}","templated":true}]}}